{"id":292334,"date":"2017-07-27T13:51:26","date_gmt":"2017-07-27T17:51:26","guid":{"rendered":"http:\/\/primermomento.com\/?p=292334"},"modified":"2017-07-27T13:51:26","modified_gmt":"2017-07-27T17:51:26","slug":"se-roban-223000-dolares-de-una-vivienda","status":"publish","type":"post","link":"https:\/\/primermomento.com\/?p=292334","title":{"rendered":"Se roban 223,000 d\u00f3lares de una vivienda"},"content":{"rendered":"<p>SANTO DOMINGO, Rep\u00fablica Dominicana.- La Polic\u00eda Nacional anunci\u00f3 hoy el apresamiento de cuatro hombres acusados de integrar, junto a otras cinco personas, una banda que, presuntamente, rob\u00f3 223,000 d\u00f3lares en una residencia en el sector Los R\u00edos, en la capital.<\/p>\n<figure id=\"attachment_287482\" aria-describedby=\"caption-attachment-287482\" style=\"width: 300px\" class=\"wp-caption alignleft\"><img loading=\"lazy\" decoding=\"async\" class=\"size-medium wp-image-287482\" src=\"http:\/\/primermomento.com\/wp-content\/uploads\/2017\/02\/Policia-Nacional-foto-PrimerMomento-300x225.jpg\" alt=\"\" width=\"300\" height=\"225\" srcset=\"https:\/\/primermomento.com\/wp-content\/uploads\/2017\/02\/Policia-Nacional-foto-PrimerMomento-300x225.jpg 300w, https:\/\/primermomento.com\/wp-content\/uploads\/2017\/02\/Policia-Nacional-foto-PrimerMomento-120x90.jpg 120w, https:\/\/primermomento.com\/wp-content\/uploads\/2017\/02\/Policia-Nacional-foto-PrimerMomento-500x375.jpg 500w, https:\/\/primermomento.com\/wp-content\/uploads\/2017\/02\/Policia-Nacional-foto-PrimerMomento-280x210.jpg 280w, https:\/\/primermomento.com\/wp-content\/uploads\/2017\/02\/Policia-Nacional-foto-PrimerMomento-638x479.jpg 638w, https:\/\/primermomento.com\/wp-content\/uploads\/2017\/02\/Policia-Nacional-foto-PrimerMomento-118x89.jpg 118w, https:\/\/primermomento.com\/wp-content\/uploads\/2017\/02\/Policia-Nacional-foto-PrimerMomento-479x359.jpg 479w, https:\/\/primermomento.com\/wp-content\/uploads\/2017\/02\/Policia-Nacional-foto-PrimerMomento.jpg 640w\" sizes=\"auto, (max-width: 300px) 100vw, 300px\" \/><figcaption id=\"caption-attachment-287482\" class=\"wp-caption-text\">Palacio de la Polic\u00eda Nacional. Foto archivo | Primer Momento.<\/figcaption><\/figure>\n<p>Los apresados son Jorge Luis Valdez Figuereo, a quien le fue ocupada una pistola; Salvador Antonio L\u00f3pez (alias Pinguilo), y el cubano Junior Correa Gonz\u00e1lez, capturado en la ciudad de Bonao, seg\u00fan un comunicado de la Polic\u00eda.<\/p>\n<p>Otro de los supuestos miembros de la banda es Mat\u00edas Coiscou Vargas (alias Keko), detenido en el Aeropuerto Internacional de Las Am\u00e9ricas cuando se dispon\u00eda a viajar a Bogot\u00e1, Colombia.<\/p>\n<p>La Polic\u00eda explic\u00f3 que busca a otros cuatro hombres y a una mujer por ese caso.<\/p>\n<p>El grupo est\u00e1 acusado de robar 223,000 d\u00f3lares que estaban en interior de una maleta guardada en el closet de la vivienda, donde robaron, adem\u00e1s, varias joyas y un tel\u00e9fono celular.<\/p>\n<p>Valdez Figuereo dijo a las autoridades que Deyanira Barrera Bravo, su compa\u00f1era sentimental y empleada dom\u00e9stica en la residencia, le revel\u00f3 que en dicha casa manejaban elevadas sumas de dinero.<\/p>\n<p>Los dem\u00e1s integrantes del grupo, que son perseguidos por la Polic\u00eda, son Walter Rosendo Santana P\u00e9rez, quien recibi\u00f3 15,000 d\u00f3lares del dinero robado; Otto Gaspar F\u00e9liz Alc\u00e1ntara, residente en El\u00edas Pi\u00f1a y otros dos solo identificados como Tavitico y El Fuerte.<\/p>\n<p>Valdez Figuereo dijo que en el reparto de lo robado le correspondieron 15,000 d\u00f3lares, igual que a Coiscou Vargas; mientras que L\u00f3pez recibi\u00f3 30,000 d\u00f3lares con los cuales adquiri\u00f3 una yipeta que fue ocupada por las autoridades.<\/p>\n<p style=\"text-align: right;\"><span style=\"color: #ff0000;\"><em>EFE<\/em><\/span><\/p>\n<p>&nbsp;<\/p>\n","protected":false},"excerpt":{"rendered":"<p>SANTO DOMINGO, Rep\u00fablica Dominicana.- La Polic\u00eda Nacional anunci\u00f3 hoy el apresamiento de cuatro hombres acusados de integrar, junto a otras cinco personas, una banda que, presuntamente, rob\u00f3 223,000 d\u00f3lares en una residencia en el sector Los R\u00edos, en la capital. Los apresados son Jorge Luis Valdez Figuereo, a quien le fue ocupada una pistola; Salvador [&hellip;]<\/p>\n","protected":false},"author":1,"featured_media":0,"comment_status":"open","ping_status":"open","sticky":false,"template":"","format":"standard","meta":{"_bbp_topic_count":0,"_bbp_reply_count":0,"_bbp_total_topic_count":0,"_bbp_total_reply_count":0,"_bbp_voice_count":0,"_bbp_anonymous_reply_count":0,"_bbp_topic_count_hidden":0,"_bbp_reply_count_hidden":0,"_bbp_forum_subforum_count":0,"footnotes":""},"categories":[30,60],"tags":[],"class_list":{"0":"post-292334","1":"post","2":"type-post","3":"status-publish","4":"format-standard","6":"category-actualidad","7":"category-titulares-del-dia"},"_links":{"self":[{"href":"https:\/\/primermomento.com\/index.php?rest_route=\/wp\/v2\/posts\/292334","targetHints":{"allow":["GET"]}}],"collection":[{"href":"https:\/\/primermomento.com\/index.php?rest_route=\/wp\/v2\/posts"}],"about":[{"href":"https:\/\/primermomento.com\/index.php?rest_route=\/wp\/v2\/types\/post"}],"author":[{"embeddable":true,"href":"https:\/\/primermomento.com\/index.php?rest_route=\/wp\/v2\/users\/1"}],"replies":[{"embeddable":true,"href":"https:\/\/primermomento.com\/index.php?rest_route=%2Fwp%2Fv2%2Fcomments&post=292334"}],"version-history":[{"count":0,"href":"https:\/\/primermomento.com\/index.php?rest_route=\/wp\/v2\/posts\/292334\/revisions"}],"wp:attachment":[{"href":"https:\/\/primermomento.com\/index.php?rest_route=%2Fwp%2Fv2%2Fmedia&parent=292334"}],"wp:term":[{"taxonomy":"category","embeddable":true,"href":"https:\/\/primermomento.com\/index.php?rest_route=%2Fwp%2Fv2%2Fcategories&post=292334"},{"taxonomy":"post_tag","embeddable":true,"href":"https:\/\/primermomento.com\/index.php?rest_route=%2Fwp%2Fv2%2Ftags&post=292334"}],"curies":[{"name":"wp","href":"https:\/\/api.w.org\/{rel}","templated":true}]}}