{"id":292340,"date":"2017-07-27T11:38:51","date_gmt":"2017-07-27T15:38:51","guid":{"rendered":"http:\/\/primermomento.com\/?p=292340"},"modified":"2017-07-27T20:44:15","modified_gmt":"2017-07-28T00:44:15","slug":"camara-baja-agrega-fondos-de-muro-fronterizo-a-ley-de-gastos","status":"publish","type":"post","link":"https:\/\/primermomento.com\/?p=292340","title":{"rendered":"C\u00e1mara baja agrega fondos de muro fronterizo a ley de gastos"},"content":{"rendered":"<div class=\"fullNewsIntrotext\">WASHINGTON, Distrito de Columbia.- Los representantes republicanos utilizaron hoy una maniobra de procedimiento para incluir en un proyecto de ley de gastos mil 600 millones de d\u00f3lares destinados a la construcci\u00f3n de un muro en la frontera con M\u00e9xico.<\/div>\n<div><\/div>\n<div class=\"fullNewsFulltext\">\n<figure id=\"attachment_284765\" aria-describedby=\"caption-attachment-284765\" style=\"width: 300px\" class=\"wp-caption alignleft\"><img loading=\"lazy\" decoding=\"async\" class=\"size-medium wp-image-284765\" src=\"http:\/\/primermomento.com\/wp-content\/uploads\/2016\/12\/deportaciones2-300x169.jpg\" alt=\"\" width=\"300\" height=\"169\" srcset=\"https:\/\/primermomento.com\/wp-content\/uploads\/2016\/12\/deportaciones2-300x169.jpg 300w, https:\/\/primermomento.com\/wp-content\/uploads\/2016\/12\/deportaciones2-768x432.jpg 768w, https:\/\/primermomento.com\/wp-content\/uploads\/2016\/12\/deportaciones2-478x270.jpg 478w, https:\/\/primermomento.com\/wp-content\/uploads\/2016\/12\/deportaciones2-500x281.jpg 500w, https:\/\/primermomento.com\/wp-content\/uploads\/2016\/12\/deportaciones2-280x157.jpg 280w, https:\/\/primermomento.com\/wp-content\/uploads\/2016\/12\/deportaciones2-638x359.jpg 638w, https:\/\/primermomento.com\/wp-content\/uploads\/2016\/12\/deportaciones2-118x66.jpg 118w, https:\/\/primermomento.com\/wp-content\/uploads\/2016\/12\/deportaciones2-479x269.jpg 479w, https:\/\/primermomento.com\/wp-content\/uploads\/2016\/12\/deportaciones2.jpg 987w\" sizes=\"auto, (max-width: 300px) 100vw, 300px\" \/><figcaption id=\"caption-attachment-284765\" class=\"wp-caption-text\">Durante la campa\u00f1a, Trump prometi\u00f3 construir un gran muro a lo largo de la frontera con M\u00e9xico. Y antes de eso, se comprometi\u00f3 a crear una \u00abfuerza de deportaci\u00f3n\u00bb.<\/figcaption><\/figure>\n<p>Ante el temor de fallar en una votaci\u00f3n independiente sobre los fondos, el partido rojo opt\u00f3 por una acci\u00f3n procesal extraordinaria para agregar el financiamiento de la obra a la propuesta de legislaci\u00f3n de seguridad nacional que proporciona dinero para los programas de defensa.<\/p>\n<p>Seg\u00fan el portal The Hill, especializado en temas del Congreso, si el tema del muro se hubiera considerado aparte, el partido rojo habr\u00eda corrido el riesgo de que la medida no pasara, pues la pol\u00e9mica obra tiene el rechazo de los dem\u00f3cratas y de algunos republicanos moderados.<\/p>\n<p>Al a\u00f1adirlos ahora al proyecto general de defensa, ponen a los cr\u00edticos de la iniciativa contra la pared, pues para oponerse a ella tendr\u00edan que ir tambi\u00e9n contra financiaci\u00f3n destinada, por ejemplo, a militares en activo y veteranos.<\/p>\n<p>Los mil 600 millones de d\u00f3lares se emplear\u00edan espec\u00edficamente a las barreras f\u00edsicas en el Valle del R\u00edo Grande, en Texas, donde se esperan 32 millas (50 kil\u00f3metros) de una nueva valla y 28 millas (45 km) de muro; y a zonas de San Diego, California, donde se agregar\u00e1n 14 millas (22 km) de cercas secundarias.<\/p>\n<p>De este modo, esta asignaci\u00f3n para la primera parte de la pared ser\u00e1 costeada con dinero de los contribuyentes estadounidenses, despu\u00e9s de que el presidente Donald Trump reiterara que la obra ser\u00eda pagada por M\u00e9xico.<\/p>\n<p>A mediados de este mes el mandatario indic\u00f3 que, en total, el controvertido muro deber\u00eda tener de 700 a 900 millas (mil 226 a mil 448 kil\u00f3metros).<\/p>\n<p>El costo inicial calculado por el jefe de Estado durante la campa\u00f1a era de cuatro mil millones de d\u00f3lares, pero en abril de 2017 dijo que ser\u00eda de 10 mil millones, y desde entonces, varias empresas y organizaciones fijaron los pron\u00f3sticos en 70 mil millones de d\u00f3lares.<\/p><\/div>\n<div><\/div>\n<div><em><span style=\"color: #ff0000;\">PL<\/span><\/em><\/div>\n","protected":false},"excerpt":{"rendered":"<p>WASHINGTON, Distrito de Columbia.- Los representantes republicanos utilizaron hoy una maniobra de procedimiento para incluir en un proyecto de ley de gastos mil 600 millones de d\u00f3lares destinados a la construcci\u00f3n de un muro en la frontera con M\u00e9xico. Ante el temor de fallar en una votaci\u00f3n independiente sobre los fondos, el partido rojo opt\u00f3 [&hellip;]<\/p>\n","protected":false},"author":1,"featured_media":0,"comment_status":"open","ping_status":"open","sticky":false,"template":"","format":"standard","meta":{"_bbp_topic_count":0,"_bbp_reply_count":0,"_bbp_total_topic_count":0,"_bbp_total_reply_count":0,"_bbp_voice_count":0,"_bbp_anonymous_reply_count":0,"_bbp_topic_count_hidden":0,"_bbp_reply_count_hidden":0,"_bbp_forum_subforum_count":0,"footnotes":""},"categories":[60,32],"tags":[],"class_list":{"0":"post-292340","1":"post","2":"type-post","3":"status-publish","4":"format-standard","6":"category-titulares-del-dia","7":"category-lo-ultimo"},"_links":{"self":[{"href":"https:\/\/primermomento.com\/index.php?rest_route=\/wp\/v2\/posts\/292340","targetHints":{"allow":["GET"]}}],"collection":[{"href":"https:\/\/primermomento.com\/index.php?rest_route=\/wp\/v2\/posts"}],"about":[{"href":"https:\/\/primermomento.com\/index.php?rest_route=\/wp\/v2\/types\/post"}],"author":[{"embeddable":true,"href":"https:\/\/primermomento.com\/index.php?rest_route=\/wp\/v2\/users\/1"}],"replies":[{"embeddable":true,"href":"https:\/\/primermomento.com\/index.php?rest_route=%2Fwp%2Fv2%2Fcomments&post=292340"}],"version-history":[{"count":0,"href":"https:\/\/primermomento.com\/index.php?rest_route=\/wp\/v2\/posts\/292340\/revisions"}],"wp:attachment":[{"href":"https:\/\/primermomento.com\/index.php?rest_route=%2Fwp%2Fv2%2Fmedia&parent=292340"}],"wp:term":[{"taxonomy":"category","embeddable":true,"href":"https:\/\/primermomento.com\/index.php?rest_route=%2Fwp%2Fv2%2Fcategories&post=292340"},{"taxonomy":"post_tag","embeddable":true,"href":"https:\/\/primermomento.com\/index.php?rest_route=%2Fwp%2Fv2%2Ftags&post=292340"}],"curies":[{"name":"wp","href":"https:\/\/api.w.org\/{rel}","templated":true}]}}