{"id":292344,"date":"2017-07-27T20:50:23","date_gmt":"2017-07-28T00:50:23","guid":{"rendered":"http:\/\/primermomento.com\/?p=292344"},"modified":"2017-07-27T20:50:23","modified_gmt":"2017-07-28T00:50:23","slug":"expresidente-de-panama-pide-su-libertad-a-corte-suprema-de-eeuu","status":"publish","type":"post","link":"https:\/\/primermomento.com\/?p=292344","title":{"rendered":"Expresidente de Panam\u00e1 pide su libertad a Corte Suprema de EEUU"},"content":{"rendered":"<div class=\"fullNewsIntrotext\">WASHINGTON, Distrito de Columbia.- El encarcelado expresidente de Panam\u00e1 Ricardo Martinelli solicit\u00f3 a la estadounidense Corte Suprema de Justicia su libertad inmediata y la no extradici\u00f3n al pa\u00eds centroamericano, informaron hoy reportes period\u00edsticos.<\/div>\n<div><\/div>\n<div class=\"fullNewsFulltext\">\n<figure id=\"attachment_292345\" aria-describedby=\"caption-attachment-292345\" style=\"width: 300px\" class=\"wp-caption alignright\"><img loading=\"lazy\" decoding=\"async\" class=\"size-medium wp-image-292345\" src=\"http:\/\/primermomento.com\/wp-content\/uploads\/2017\/07\/Ricardo-Martinelli3-300x169.jpg\" alt=\"\" width=\"300\" height=\"169\" srcset=\"https:\/\/primermomento.com\/wp-content\/uploads\/2017\/07\/Ricardo-Martinelli3-300x169.jpg 300w, https:\/\/primermomento.com\/wp-content\/uploads\/2017\/07\/Ricardo-Martinelli3-478x270.jpg 478w, https:\/\/primermomento.com\/wp-content\/uploads\/2017\/07\/Ricardo-Martinelli3-500x281.jpg 500w, https:\/\/primermomento.com\/wp-content\/uploads\/2017\/07\/Ricardo-Martinelli3-280x157.jpg 280w, https:\/\/primermomento.com\/wp-content\/uploads\/2017\/07\/Ricardo-Martinelli3-118x66.jpg 118w, https:\/\/primermomento.com\/wp-content\/uploads\/2017\/07\/Ricardo-Martinelli3-479x269.jpg 479w, https:\/\/primermomento.com\/wp-content\/uploads\/2017\/07\/Ricardo-Martinelli3.jpg 635w\" sizes=\"auto, (max-width: 300px) 100vw, 300px\" \/><figcaption id=\"caption-attachment-292345\" class=\"wp-caption-text\">Ricardo Martinelli.<\/figcaption><\/figure>\n<p>Seg\u00fan las fuentes la petici\u00f3n, formulada con car\u00e1cter de urgencia, fue recibida en el m\u00e1ximo tribunal tras ser entregada al juez conservador Clarence Thomas.<\/p>\n<p>Los abogados de Martinelli demandaron que se ordene la celebraci\u00f3n de una audiencia para evaluar la legalidad de las condiciones de detenci\u00f3n y encarcelamiento del exmandatario, un procedimiento jur\u00eddico conocido como h\u00e1beas corpus.<\/p>\n<p>Aseguraron que no existe ning\u00fan tipo de riesgo de fuga y por eso su cliente debe estar libre, al contrario de lo que ha expuesto el gobierno de Panam\u00e1.<\/p>\n<p>Hace casi tres semanas el juez estadounidense Edwin Torres neg\u00f3 otra vez la libertad bajo fianza a Martinelli, quien fue detenido en la ciudad de Miami, Florida, el 12 de junio.<\/p>\n<p>Un d\u00eda despu\u00e9s del arresto, el exmandatario, cuyo pa\u00eds lo requiere para enfrentar acusaciones de escuchas ilegales a opositores durante su mandato (2009-2014) y otros cargos, compareci\u00f3 ante Torres, quien entonces no concedi\u00f3 tal solicitud.<\/p>\n<p>Medios de prensa divulgaron que para tomar la \u00faltima decisi\u00f3n el juez sigui\u00f3 el argumento de la Fiscal\u00eda, en representaci\u00f3n del gobierno de Panam\u00e1, que enfatiz\u00f3 el peligro potencial de fuga de Martinelli.<\/p>\n<p>A inicios de 2015, el exgobernante se autoexili\u00f3 en Estados Unidos con un estatus migratorio que guardaba relaci\u00f3n con su car\u00e1cter de inversionista en esta naci\u00f3n.<\/p>\n<p>Por otra parte, Panam\u00e1 hizo una solicitud de extradici\u00f3n para que respondiera en el pa\u00eds centroamericano por una de las 12 causas abiertas en su contra, pero no se ha presentado ante la Corte Suprema de Justicia (CSJ).<\/p>\n<p>La Polic\u00eda Internacional emiti\u00f3 en abril pasado Alerta Roja para la captura de Martinelli, quien se comunicaba con Panam\u00e1 a trav\u00e9s de redes sociales y videos a distancia, en los cuales insist\u00eda en su inocencia y ser v\u00edctima de persecuci\u00f3n pol\u00edtica.<\/p>\n<p>Debido a su condici\u00f3n de diputado del Parlamento Centroamericano debe juzgarlo la CSJ, la cual hasta el momento lleva 12 procesos paralelos y el m\u00e1s inmediato es por supuestos indultos ilegales al terminar su administraci\u00f3n.<\/p><\/div>\n<div><\/div>\n<div style=\"text-align: right;\"><span style=\"color: #ff0000;\"><em>PL<\/em><\/span><\/div>\n","protected":false},"excerpt":{"rendered":"<p>WASHINGTON, Distrito de Columbia.- El encarcelado expresidente de Panam\u00e1 Ricardo Martinelli solicit\u00f3 a la estadounidense Corte Suprema de Justicia su libertad inmediata y la no extradici\u00f3n al pa\u00eds centroamericano, informaron hoy reportes period\u00edsticos. Seg\u00fan las fuentes la petici\u00f3n, formulada con car\u00e1cter de urgencia, fue recibida en el m\u00e1ximo tribunal tras ser entregada al juez conservador [&hellip;]<\/p>\n","protected":false},"author":1,"featured_media":0,"comment_status":"open","ping_status":"open","sticky":false,"template":"","format":"standard","meta":{"_bbp_topic_count":0,"_bbp_reply_count":0,"_bbp_total_topic_count":0,"_bbp_total_reply_count":0,"_bbp_voice_count":0,"_bbp_anonymous_reply_count":0,"_bbp_topic_count_hidden":0,"_bbp_reply_count_hidden":0,"_bbp_forum_subforum_count":0,"footnotes":""},"categories":[60,31],"tags":[],"class_list":{"0":"post-292344","1":"post","2":"type-post","3":"status-publish","4":"format-standard","6":"category-titulares-del-dia","7":"category-estados-unidos"},"_links":{"self":[{"href":"https:\/\/primermomento.com\/index.php?rest_route=\/wp\/v2\/posts\/292344","targetHints":{"allow":["GET"]}}],"collection":[{"href":"https:\/\/primermomento.com\/index.php?rest_route=\/wp\/v2\/posts"}],"about":[{"href":"https:\/\/primermomento.com\/index.php?rest_route=\/wp\/v2\/types\/post"}],"author":[{"embeddable":true,"href":"https:\/\/primermomento.com\/index.php?rest_route=\/wp\/v2\/users\/1"}],"replies":[{"embeddable":true,"href":"https:\/\/primermomento.com\/index.php?rest_route=%2Fwp%2Fv2%2Fcomments&post=292344"}],"version-history":[{"count":0,"href":"https:\/\/primermomento.com\/index.php?rest_route=\/wp\/v2\/posts\/292344\/revisions"}],"wp:attachment":[{"href":"https:\/\/primermomento.com\/index.php?rest_route=%2Fwp%2Fv2%2Fmedia&parent=292344"}],"wp:term":[{"taxonomy":"category","embeddable":true,"href":"https:\/\/primermomento.com\/index.php?rest_route=%2Fwp%2Fv2%2Fcategories&post=292344"},{"taxonomy":"post_tag","embeddable":true,"href":"https:\/\/primermomento.com\/index.php?rest_route=%2Fwp%2Fv2%2Ftags&post=292344"}],"curies":[{"name":"wp","href":"https:\/\/api.w.org\/{rel}","templated":true}]}}