{"id":292367,"date":"2017-07-28T18:29:43","date_gmt":"2017-07-28T22:29:43","guid":{"rendered":"http:\/\/primermomento.com\/?p=292367"},"modified":"2017-07-28T18:28:16","modified_gmt":"2017-07-28T22:28:16","slug":"trump-nombra-al-general-john-kelly-como-su-jefe-de-gabinete","status":"publish","type":"post","link":"https:\/\/primermomento.com\/?p=292367","title":{"rendered":"Trump nombra al general John Kelly como su jefe de gabinete"},"content":{"rendered":"<div class=\"fullNewsIntrotext\">WASHINGTON, Distrito de Columbia.- El presidente estadounidense, Donald Trump, anunci\u00f3 hoy a John Kelly, hasta ahora su secretario de Seguridad Nacional, como nuevo jefe de Gabinete de la Casa Blanca, en lo que representa una nueva sacudida entre su personal.<\/div>\n<div><\/div>\n<div class=\"fullNewsFulltext\">\n<figure id=\"attachment_288868\" aria-describedby=\"caption-attachment-288868\" style=\"width: 300px\" class=\"wp-caption alignleft\"><img loading=\"lazy\" decoding=\"async\" class=\"size-medium wp-image-288868\" src=\"http:\/\/primermomento.com\/wp-content\/uploads\/2017\/04\/John-Kelly-300x200.jpg\" alt=\"\" width=\"300\" height=\"200\" srcset=\"https:\/\/primermomento.com\/wp-content\/uploads\/2017\/04\/John-Kelly-300x200.jpg 300w, https:\/\/primermomento.com\/wp-content\/uploads\/2017\/04\/John-Kelly-73x50.jpg 73w, https:\/\/primermomento.com\/wp-content\/uploads\/2017\/04\/John-Kelly-500x333.jpg 500w, https:\/\/primermomento.com\/wp-content\/uploads\/2017\/04\/John-Kelly-280x186.jpg 280w, https:\/\/primermomento.com\/wp-content\/uploads\/2017\/04\/John-Kelly-60x40.jpg 60w, https:\/\/primermomento.com\/wp-content\/uploads\/2017\/04\/John-Kelly-638x425.jpg 638w, https:\/\/primermomento.com\/wp-content\/uploads\/2017\/04\/John-Kelly-118x79.jpg 118w, https:\/\/primermomento.com\/wp-content\/uploads\/2017\/04\/John-Kelly-479x319.jpg 479w, https:\/\/primermomento.com\/wp-content\/uploads\/2017\/04\/John-Kelly.jpg 748w\" sizes=\"auto, (max-width: 300px) 100vw, 300px\" \/><figcaption id=\"caption-attachment-288868\" class=\"wp-caption-text\">John Kelly.<\/figcaption><\/figure>\n<p>Me complace informarles que acabo de nombrar al general John F. Kelly como jefe de gabinete de la Casa Blanca. \u00c9l es un gran estadounidense y l\u00edder, escribi\u00f3 el mandatario en su cuenta de la red social Twitter.<\/p>\n<p>John tambi\u00e9n ha hecho un trabajo espectacular en la Seguridad Nacinal. Ha sido una verdadera estrella de mi administraci\u00f3n, agreg\u00f3 el jefe de Estado.<\/p>\n<p>La entrada de Kelly a la mansi\u00f3n ejecutiva significa la salida del cargo de Reince Priebus, luego de varios d\u00edas de rumores que apuntaban a una posible renuncia o despido en medio de tensiones reportadas en la Casa Blanca.<\/p>\n<p>El anuncio se produjo una semana despu\u00e9s de que Trump nombrara al financista neoyorkino Anthony Scaramucci como nuevo director de comunicaciones de la presidencia estadounidense, lo cual provoc\u00f3 la dimisi\u00f3n del jefe de prensa del gobernante republicano, Sean Spicer.<\/p>\n<p>Medios locales indicaron que Spicer estuvo muy en desacuerdo con la elecci\u00f3n de Scaramucci, quien presuntamente ten\u00eda una relaci\u00f3n complicada con el exvocero y con el propio Priebus.<\/p>\n<p>Los problemas existentes entre el nuevo director de comunicaciones y el jefe de personal se confirmaron en los \u00faltimos d\u00edas, a medida que el neoyorkino lanz\u00f3 ataques contra quienes trabajan en la administraci\u00f3n por las filtraciones a la prensa.<\/p>\n<p>En publicaciones en su cuenta de Twitter y en entrevistas televisivas el titular de comunicaciones dej\u00f3 ver que consideraba a Priebus como el responsable de esas fugas de informaci\u00f3n.<\/p>\n<p>Asimismo, en una conversaci\u00f3n telef\u00f3nica con un periodista de la revista The New Yorker, Scaramucci manifest\u00f3 comentarios negativos y groseros sobre el ex jefe de Gabinete, quien era visto como representante del ala m\u00e1s conservadora de la Casa Blanca junto al estratega principal del gobernante, Stephen Bannon.<\/p>\n<p>&#8216;Me gustar\u00eda agradecer a Reince Priebus por el servicio y dedicaci\u00f3n a su pa\u00eds. Hemos logrado mucho juntos y estoy orgulloso de \u00e9l&#8217;, expres\u00f3 Trump en Twitter.<\/p>\n<p>El diario The New York Times hab\u00eda indicado hoy que el futuro de este funcionario estaba en peligro y que el jefe de Estado consideraba la posibilidad de nombrar a un general para el puesto.<\/p>\n<p>Seg\u00fan el peri\u00f3dico, varios asesores le aconsejaron al presidente que no diera ese paso.<\/p>\n<\/div>\n<div><\/div>\n<div style=\"text-align: right;\"><span style=\"color: #ff0000;\"><em>PL<\/em><\/span><\/div>\n","protected":false},"excerpt":{"rendered":"<p>WASHINGTON, Distrito de Columbia.- El presidente estadounidense, Donald Trump, anunci\u00f3 hoy a John Kelly, hasta ahora su secretario de Seguridad Nacional, como nuevo jefe de Gabinete de la Casa Blanca, en lo que representa una nueva sacudida entre su personal. Me complace informarles que acabo de nombrar al general John F. Kelly como jefe de [&hellip;]<\/p>\n","protected":false},"author":1,"featured_media":0,"comment_status":"open","ping_status":"open","sticky":false,"template":"","format":"standard","meta":{"_bbp_topic_count":0,"_bbp_reply_count":0,"_bbp_total_topic_count":0,"_bbp_total_reply_count":0,"_bbp_voice_count":0,"_bbp_anonymous_reply_count":0,"_bbp_topic_count_hidden":0,"_bbp_reply_count_hidden":0,"_bbp_forum_subforum_count":0,"footnotes":""},"categories":[60,31],"tags":[],"class_list":{"0":"post-292367","1":"post","2":"type-post","3":"status-publish","4":"format-standard","6":"category-titulares-del-dia","7":"category-estados-unidos"},"_links":{"self":[{"href":"https:\/\/primermomento.com\/index.php?rest_route=\/wp\/v2\/posts\/292367","targetHints":{"allow":["GET"]}}],"collection":[{"href":"https:\/\/primermomento.com\/index.php?rest_route=\/wp\/v2\/posts"}],"about":[{"href":"https:\/\/primermomento.com\/index.php?rest_route=\/wp\/v2\/types\/post"}],"author":[{"embeddable":true,"href":"https:\/\/primermomento.com\/index.php?rest_route=\/wp\/v2\/users\/1"}],"replies":[{"embeddable":true,"href":"https:\/\/primermomento.com\/index.php?rest_route=%2Fwp%2Fv2%2Fcomments&post=292367"}],"version-history":[{"count":0,"href":"https:\/\/primermomento.com\/index.php?rest_route=\/wp\/v2\/posts\/292367\/revisions"}],"wp:attachment":[{"href":"https:\/\/primermomento.com\/index.php?rest_route=%2Fwp%2Fv2%2Fmedia&parent=292367"}],"wp:term":[{"taxonomy":"category","embeddable":true,"href":"https:\/\/primermomento.com\/index.php?rest_route=%2Fwp%2Fv2%2Fcategories&post=292367"},{"taxonomy":"post_tag","embeddable":true,"href":"https:\/\/primermomento.com\/index.php?rest_route=%2Fwp%2Fv2%2Ftags&post=292367"}],"curies":[{"name":"wp","href":"https:\/\/api.w.org\/{rel}","templated":true}]}}