{"id":292369,"date":"2017-07-28T18:19:42","date_gmt":"2017-07-28T22:19:42","guid":{"rendered":"http:\/\/primermomento.com\/?p=292369"},"modified":"2017-07-28T18:19:42","modified_gmt":"2017-07-28T22:19:42","slug":"trump-arrecia-combate-contra-pandilla-mara-salvatrucha","status":"publish","type":"post","link":"https:\/\/primermomento.com\/?p=292369","title":{"rendered":"Trump arrecia combate contra pandilla Mara Salvatrucha"},"content":{"rendered":"<div class=\"fullNewsIntrotext\">LONG ISLAND, Nueva York.- El presidente de Estados Unidos, Donald Trump, se refiri\u00f3 hoy a la necesidad de arreciar la lucha contra la pandilla criminal Mara Salvatrucha (MS-13) tras mencionar varios de sus actos en un discurso ante agentes del orden.<\/div>\n<div><\/div>\n<div class=\"fullNewsFulltext\">\n<figure id=\"attachment_292370\" aria-describedby=\"caption-attachment-292370\" style=\"width: 300px\" class=\"wp-caption alignleft\"><img loading=\"lazy\" decoding=\"async\" class=\"size-medium wp-image-292370\" src=\"http:\/\/primermomento.com\/wp-content\/uploads\/2017\/07\/trump-y-protestas-en-ny-300x169.jpg\" alt=\"\" width=\"300\" height=\"169\" srcset=\"https:\/\/primermomento.com\/wp-content\/uploads\/2017\/07\/trump-y-protestas-en-ny-300x169.jpg 300w, https:\/\/primermomento.com\/wp-content\/uploads\/2017\/07\/trump-y-protestas-en-ny-478x270.jpg 478w, https:\/\/primermomento.com\/wp-content\/uploads\/2017\/07\/trump-y-protestas-en-ny-500x281.jpg 500w, https:\/\/primermomento.com\/wp-content\/uploads\/2017\/07\/trump-y-protestas-en-ny-280x158.jpg 280w, https:\/\/primermomento.com\/wp-content\/uploads\/2017\/07\/trump-y-protestas-en-ny-638x359.jpg 638w, https:\/\/primermomento.com\/wp-content\/uploads\/2017\/07\/trump-y-protestas-en-ny-118x66.jpg 118w, https:\/\/primermomento.com\/wp-content\/uploads\/2017\/07\/trump-y-protestas-en-ny-479x269.jpg 479w, https:\/\/primermomento.com\/wp-content\/uploads\/2017\/07\/trump-y-protestas-en-ny.jpg 640w\" sizes=\"auto, (max-width: 300px) 100vw, 300px\" \/><figcaption id=\"caption-attachment-292370\" class=\"wp-caption-text\">Grupos de manifestantes protestan la visita de Trump a Long Island, Nueva York.<\/figcaption><\/figure>\n<p>Los pandilleros apu\u00f1alaron, violaron y asesinaron a j\u00f3venes, y transformaron parques pac\u00edficos y hermosos vecindarios tranquilos en campos de matanza manchados de sangre, coment\u00f3 el gobernante en Long Island, en el estado de Nueva York.<\/p>\n<p>Son animales, y no podemos tolerar como sociedad la p\u00e9rdida de gente inocente, maravillosa y vibrante, recalc\u00f3 el mandatario, quien una vez m\u00e1s apel\u00f3 a su ret\u00f3rica nacionalista.<\/p>\n<p>Vamos a defender nuestro pa\u00eds, proteger nuestras comunidades, y poner la seguridad del pueblo estadounidense en primer lugar con el cumplimiento de la ley, agreg\u00f3.<\/p>\n<p>Como ha hecho en otros temas, Trump critic\u00f3 las pol\u00edticas de administraciones anteriores, que a su juicio, permitieron la entrada de drogas y violencia por tener fronteras d\u00e9biles y no aplicar de forma correcta las normas sobre inmigraci\u00f3n.<\/p>\n<p>Manifest\u00f3 que los criminales est\u00e1n en suelo norteamericano debido a un liderazgo pol\u00edtico d\u00e9bil, y en muchos casos tambi\u00e9n por la imposibilidad de la polic\u00eda para hacer su trabajo.<\/p>\n<p>Por otra parte, Trump destac\u00f3 el trabajo de los actuales oficiales del Servicio de Inmigraci\u00f3n y Control de Aduanas (ICE, siglas en ingl\u00e9s), quienes son m\u00e1s duros, a\u00f1adi\u00f3, que los miembros de bandas criminales.<\/p>\n<p>Al mismo tiempo, asegur\u00f3 que los inmigrantes ilegales ser\u00e1n encontrados, arrestados y deportados, una premisa que es parte de su criticada postura en este tema.<\/p>\n<p>Seg\u00fan Thomas Homan, director interino del ICE y presente en el acto, esa entidad detuvo a tres mil 311 miembros de pandillas este a\u00f1o, incluyendo 100 en Nueva York, la mayor\u00eda de los cuales estaban afiliados a la MS-13. El arresto de integrantes de bandas callejeras violentas env\u00eda un mensaje claro a las empresas criminales de todo el mundo: &#8216;no son bienvenidos en Estados Unidos&#8217;, afirm\u00f3.<\/p>\n<p>Para Mar\u00eda Teresa Kumar, directora ejecutiva de la organizaci\u00f3n Voto Latino, los comentarios de Trump y sus ayudantes son simplemente un intento de incitar al miedo como un medio para justificar los esfuerzos agresivos de deportaci\u00f3n y las costosas pol\u00edticas de seguridad en las fronteras.<\/p>\n<p>Citada por el diario The Washington Post, sostuvo que los inmigrantes indocumentados son menos propensos a cometer cr\u00edmenes que la poblaci\u00f3n nativa, y &#8216;esa brecha sigue aumentando cada a\u00f1o&#8217;.<\/p><\/div>\n<div><\/div>\n<div style=\"text-align: right;\"><span style=\"color: #ff0000;\"><em>PL<\/em><\/span><\/div>\n","protected":false},"excerpt":{"rendered":"<p>LONG ISLAND, Nueva York.- El presidente de Estados Unidos, Donald Trump, se refiri\u00f3 hoy a la necesidad de arreciar la lucha contra la pandilla criminal Mara Salvatrucha (MS-13) tras mencionar varios de sus actos en un discurso ante agentes del orden. Los pandilleros apu\u00f1alaron, violaron y asesinaron a j\u00f3venes, y transformaron parques pac\u00edficos y hermosos [&hellip;]<\/p>\n","protected":false},"author":1,"featured_media":0,"comment_status":"open","ping_status":"open","sticky":false,"template":"","format":"standard","meta":{"_bbp_topic_count":0,"_bbp_reply_count":0,"_bbp_total_topic_count":0,"_bbp_total_reply_count":0,"_bbp_voice_count":0,"_bbp_anonymous_reply_count":0,"_bbp_topic_count_hidden":0,"_bbp_reply_count_hidden":0,"_bbp_forum_subforum_count":0,"footnotes":""},"categories":[60,32],"tags":[],"class_list":{"0":"post-292369","1":"post","2":"type-post","3":"status-publish","4":"format-standard","6":"category-titulares-del-dia","7":"category-lo-ultimo"},"_links":{"self":[{"href":"https:\/\/primermomento.com\/index.php?rest_route=\/wp\/v2\/posts\/292369","targetHints":{"allow":["GET"]}}],"collection":[{"href":"https:\/\/primermomento.com\/index.php?rest_route=\/wp\/v2\/posts"}],"about":[{"href":"https:\/\/primermomento.com\/index.php?rest_route=\/wp\/v2\/types\/post"}],"author":[{"embeddable":true,"href":"https:\/\/primermomento.com\/index.php?rest_route=\/wp\/v2\/users\/1"}],"replies":[{"embeddable":true,"href":"https:\/\/primermomento.com\/index.php?rest_route=%2Fwp%2Fv2%2Fcomments&post=292369"}],"version-history":[{"count":0,"href":"https:\/\/primermomento.com\/index.php?rest_route=\/wp\/v2\/posts\/292369\/revisions"}],"wp:attachment":[{"href":"https:\/\/primermomento.com\/index.php?rest_route=%2Fwp%2Fv2%2Fmedia&parent=292369"}],"wp:term":[{"taxonomy":"category","embeddable":true,"href":"https:\/\/primermomento.com\/index.php?rest_route=%2Fwp%2Fv2%2Fcategories&post=292369"},{"taxonomy":"post_tag","embeddable":true,"href":"https:\/\/primermomento.com\/index.php?rest_route=%2Fwp%2Fv2%2Ftags&post=292369"}],"curies":[{"name":"wp","href":"https:\/\/api.w.org\/{rel}","templated":true}]}}