{"id":292379,"date":"2017-07-28T18:15:26","date_gmt":"2017-07-28T22:15:26","guid":{"rendered":"http:\/\/primermomento.com\/?p=292379"},"modified":"2017-07-28T18:31:12","modified_gmt":"2017-07-28T22:31:12","slug":"oposicion-venezolana-advierte-sobre-profundizacion-de-conflicto","status":"publish","type":"post","link":"https:\/\/primermomento.com\/?p=292379","title":{"rendered":"Oposici\u00f3n venezolana advierte sobre \u00abprofundizaci\u00f3n de conflicto\u00bb"},"content":{"rendered":"<p>CARACAS, Venezuela.- La oposici\u00f3n venezolana ret\u00f3 nuevamente al gobierno del presidente Nicol\u00e1s Maduro al convocar a los ciudadanos a un viernes, s\u00e1bado y domingo de \u00abcalle y protesta\u00bb en rechazo a los planes de continuar con la elecci\u00f3n de la Asamblea Nacional Constituyente (ANC) prevista para el domingo.<\/p>\n<figure id=\"attachment_292380\" aria-describedby=\"caption-attachment-292380\" style=\"width: 300px\" class=\"wp-caption alignleft\"><img loading=\"lazy\" decoding=\"async\" class=\"size-medium wp-image-292380\" src=\"http:\/\/primermomento.com\/wp-content\/uploads\/2017\/07\/conflicto-venezolano-300x169.jpg\" alt=\"\" width=\"300\" height=\"169\" srcset=\"https:\/\/primermomento.com\/wp-content\/uploads\/2017\/07\/conflicto-venezolano-300x169.jpg 300w, https:\/\/primermomento.com\/wp-content\/uploads\/2017\/07\/conflicto-venezolano-768x432.jpg 768w, https:\/\/primermomento.com\/wp-content\/uploads\/2017\/07\/conflicto-venezolano-478x270.jpg 478w, https:\/\/primermomento.com\/wp-content\/uploads\/2017\/07\/conflicto-venezolano-500x281.jpg 500w, https:\/\/primermomento.com\/wp-content\/uploads\/2017\/07\/conflicto-venezolano-280x157.jpg 280w, https:\/\/primermomento.com\/wp-content\/uploads\/2017\/07\/conflicto-venezolano-638x359.jpg 638w, https:\/\/primermomento.com\/wp-content\/uploads\/2017\/07\/conflicto-venezolano-118x66.jpg 118w, https:\/\/primermomento.com\/wp-content\/uploads\/2017\/07\/conflicto-venezolano-479x269.jpg 479w, https:\/\/primermomento.com\/wp-content\/uploads\/2017\/07\/conflicto-venezolano.jpg 1023w\" sizes=\"auto, (max-width: 300px) 100vw, 300px\" \/><figcaption id=\"caption-attachment-292380\" class=\"wp-caption-text\">Un manifestante sostiene una bomba molotov durante un enfrentamiento con las fuerzas antidisturbios en una protesta contra el gobierno en Caracas, Venezuela. Julio 22 de 2017.<\/figcaption><\/figure>\n<p>\u201cAbandonemos esa ilusi\u00f3n de que ellos van a echar para atr\u00e1s ese proceso, prepar\u00e9monos para profundizar un conflicto, un conflicto que va a ser duro, pero que vamos a ganar porque no nos pueden aplastar a todos\u201d, dijo el primer vicepresidente del parlamento de mayor\u00eda opositora, Freddy Guevara, en conferencia de prensa la noche del jueves.<\/p>\n<p>\u201cA partir de las 12 del mediod\u00eda (de este viernes) que todas las calles tengan gente. No puede ser solamente una tranca, no es simplemente dejar y poner unos obst\u00e1culos, tenemos que estar nosotros en las calles, en cuerpo presente\u201d, agreg\u00f3 Guevara.<\/p>\n<p>Horas antes, el ministro de interior y justicia, N\u00e9stor Reverol, anunci\u00f3 la prohibici\u00f3n de \u201creuniones y manifestaciones p\u00fablicas, concentraciones de personas y cualquier acto similar que pueda perturbar el normal desarrollo del proceso electoral\u201d desde este viernes hasta el martes.<\/p>\n<p>\u201cQuien organice, sostenga o instigue a la realizaci\u00f3n de actividades dirigidas a perturbar la organizaci\u00f3n y funcionamiento del servicio electoral o de la vida social del pa\u00eds ser\u00e1 penado con prisi\u00f3n de cinco a diez a\u00f1os\u201d, advirti\u00f3 Reverol en un acto transmitido por el canal del Estado.<\/p>\n<p>El diputado Guevara reaccion\u00f3 al planteamiento del presidente Maduro, quien \u201cpropuso a la oposici\u00f3n una mesa de di\u00e1logo\u201d antes de la instalaci\u00f3n de la ANC, que ocurrir\u00eda 72 horas despu\u00e9s de la elecci\u00f3n.<\/p>\n<p>\u201cNo me imagino c\u00f3mo se impone un di\u00e1logo. \u00bfNos ir\u00e1 a meter presos a todos? \u00bfNos amarrar\u00e1 en una celda y pondr\u00e1 entonces a los miembros [del gobierno] a hablar con nosotros? Es la \u00fanica forma en la que se me ocurre que me impongan un di\u00e1logo\u201d, asever\u00f3 Guevara.<\/p>\n<p>\u201cYo ser\u00eda feliz si la instalamos (la mesa de di\u00e1logo) antes de la Constituyente, porque sino fuera as\u00ed, yo le entregar\u00eda a la Constituyente todo el poder de convocar de manera obligatoria un di\u00e1logo nacional de paz con una ley constitucional\u201d, dijo Maduro la tarde del jueves en cadena nacional de radio y televisi\u00f3n.<\/p>\n<p><strong>Paro c\u00edvico<\/strong><\/p>\n<p>El Ministerio P\u00fablico confirm\u00f3 que, el jueves, al menos dos personas murieron en el contexto de las protestas antigubernamentales, que se llevaron a cabo paralelamente al paro c\u00edvico convocado por la oposici\u00f3n.<\/p>\n<p>Leonardo Gonz\u00e1lez de 49 a\u00f1os, muri\u00f3 tras recibir impactos de bala durante una protesta en el estado Carabobo, a unos 200 kil\u00f3metros al oeste de Caracas.<\/p>\n<p>El Ministerio P\u00fablico tambi\u00e9n inform\u00f3 que un joven de 16 a\u00f1os, que el mi\u00e9rcoles, recibi\u00f3 un disparo en la cabeza en medio de una protesta en El Para\u00edso, en el oeste de la capital venezolana, falleci\u00f3 este jueves.<\/p>\n<p>En diversos puntos de Caracas,nuevamente se vivieron momentos de tensi\u00f3n cuando las fuerzas del orden reprimieron con, gases lacrim\u00f3genos y perdigones, a manifestantes que cerraban calles y avenidas.<\/p>\n<p>Seg\u00fan la oposici\u00f3n, el paro c\u00edvico fue acatado este jueves en un 90%, aunque, de acuerdo a la agencia Reuters, tuvo menos adhesi\u00f3n que en la jornada previa.<\/p>\n<p>Desde el 1 de abril Venezuela atraviesa una oleada de protestas que ha dejado al menos 106 fallecidos de acuerdo al Ministerio P\u00fablico.<\/p>\n<p>El detonante de las manifestaciones fue una sentencia del Tribunal Supremo de Justicia, con la que se atribuy\u00f3 las facultades del Parlamento. La situaci\u00f3n empeor\u00f3 cuando el presidente Nicol\u00e1s Maduro convoc\u00f3 a una ANC para cambiar la Constituci\u00f3n, que de acuerdo a la oposici\u00f3n, es un proceso \u201cfraudulento\u201d que viola la Constituci\u00f3n vigente.<\/p>\n<p style=\"text-align: right;\"><span style=\"color: #ff0000;\"><em>VOANEWS<\/em><\/span><\/p>\n","protected":false},"excerpt":{"rendered":"<p>CARACAS, Venezuela.- La oposici\u00f3n venezolana ret\u00f3 nuevamente al gobierno del presidente Nicol\u00e1s Maduro al convocar a los ciudadanos a un viernes, s\u00e1bado y domingo de \u00abcalle y protesta\u00bb en rechazo a los planes de continuar con la elecci\u00f3n de la Asamblea Nacional Constituyente (ANC) prevista para el domingo. \u201cAbandonemos esa ilusi\u00f3n de que ellos van [&hellip;]<\/p>\n","protected":false},"author":1,"featured_media":0,"comment_status":"open","ping_status":"open","sticky":false,"template":"","format":"standard","meta":{"_bbp_topic_count":0,"_bbp_reply_count":0,"_bbp_total_topic_count":0,"_bbp_total_reply_count":0,"_bbp_voice_count":0,"_bbp_anonymous_reply_count":0,"_bbp_topic_count_hidden":0,"_bbp_reply_count_hidden":0,"_bbp_forum_subforum_count":0,"footnotes":""},"categories":[60,32],"tags":[],"class_list":{"0":"post-292379","1":"post","2":"type-post","3":"status-publish","4":"format-standard","6":"category-titulares-del-dia","7":"category-lo-ultimo"},"_links":{"self":[{"href":"https:\/\/primermomento.com\/index.php?rest_route=\/wp\/v2\/posts\/292379","targetHints":{"allow":["GET"]}}],"collection":[{"href":"https:\/\/primermomento.com\/index.php?rest_route=\/wp\/v2\/posts"}],"about":[{"href":"https:\/\/primermomento.com\/index.php?rest_route=\/wp\/v2\/types\/post"}],"author":[{"embeddable":true,"href":"https:\/\/primermomento.com\/index.php?rest_route=\/wp\/v2\/users\/1"}],"replies":[{"embeddable":true,"href":"https:\/\/primermomento.com\/index.php?rest_route=%2Fwp%2Fv2%2Fcomments&post=292379"}],"version-history":[{"count":0,"href":"https:\/\/primermomento.com\/index.php?rest_route=\/wp\/v2\/posts\/292379\/revisions"}],"wp:attachment":[{"href":"https:\/\/primermomento.com\/index.php?rest_route=%2Fwp%2Fv2%2Fmedia&parent=292379"}],"wp:term":[{"taxonomy":"category","embeddable":true,"href":"https:\/\/primermomento.com\/index.php?rest_route=%2Fwp%2Fv2%2Fcategories&post=292379"},{"taxonomy":"post_tag","embeddable":true,"href":"https:\/\/primermomento.com\/index.php?rest_route=%2Fwp%2Fv2%2Ftags&post=292379"}],"curies":[{"name":"wp","href":"https:\/\/api.w.org\/{rel}","templated":true}]}}