{"id":292388,"date":"2017-07-28T18:16:58","date_gmt":"2017-07-28T22:16:58","guid":{"rendered":"http:\/\/primermomento.com\/?p=292388"},"modified":"2017-07-28T18:54:43","modified_gmt":"2017-07-28T22:54:43","slug":"presidente-gran-parada-del-bronx-no-se-juramentara-en-prm-ny","status":"publish","type":"post","link":"https:\/\/primermomento.com\/?p=292388","title":{"rendered":"Presidente Gran Parada del Bronx no se juramentar\u00e1 en PRM-NY"},"content":{"rendered":"<div id=\"m_4467828925948062858yui_3_16_0_ym19_1_1501200535322_49578\"><span id=\"m_4467828925948062858yui_3_16_0_ym19_1_1501200535322_49581\" lang=\"ES-US\">NUEVA YORK, Nueva York.- El presidente de la seccional del Partido Revolucionario Moderno (PRM) en esta ciudad, Luis Emilio Ducasse, neg\u00f3 que el presidente de La Gran Parada Dominicana de El Bronx, Felipe Feble se vaya a juramentar en esa organizaci\u00f3n pol\u00edtica.<u><\/u><u><\/u><\/span><\/div>\n<div id=\"m_4467828925948062858yui_3_16_0_ym19_1_1501200535322_49583\"><span id=\"m_4467828925948062858yui_3_16_0_ym19_1_1501200535322_49584\" lang=\"ES-US\">\u00a0<u><\/u><u><\/u><\/span><\/div>\n<div id=\"m_4467828925948062858yui_3_16_0_ym19_1_1501200535322_49586\"><span id=\"m_4467828925948062858yui_3_16_0_ym19_1_1501200535322_49587\" lang=\"ES-US\"><img loading=\"lazy\" decoding=\"async\" class=\"size-medium wp-image-292389 alignleft\" src=\"http:\/\/primermomento.com\/wp-content\/uploads\/2017\/07\/Niega-presidente-Gran-Parada-del-Bronx-se-vaya-juramentar-PRM-NY-300x179.jpg\" alt=\"\" width=\"300\" height=\"179\" srcset=\"https:\/\/primermomento.com\/wp-content\/uploads\/2017\/07\/Niega-presidente-Gran-Parada-del-Bronx-se-vaya-juramentar-PRM-NY-300x179.jpg 300w, https:\/\/primermomento.com\/wp-content\/uploads\/2017\/07\/Niega-presidente-Gran-Parada-del-Bronx-se-vaya-juramentar-PRM-NY-110x66.jpg 110w, https:\/\/primermomento.com\/wp-content\/uploads\/2017\/07\/Niega-presidente-Gran-Parada-del-Bronx-se-vaya-juramentar-PRM-NY-500x298.jpg 500w, https:\/\/primermomento.com\/wp-content\/uploads\/2017\/07\/Niega-presidente-Gran-Parada-del-Bronx-se-vaya-juramentar-PRM-NY-280x167.jpg 280w, https:\/\/primermomento.com\/wp-content\/uploads\/2017\/07\/Niega-presidente-Gran-Parada-del-Bronx-se-vaya-juramentar-PRM-NY-118x70.jpg 118w, https:\/\/primermomento.com\/wp-content\/uploads\/2017\/07\/Niega-presidente-Gran-Parada-del-Bronx-se-vaya-juramentar-PRM-NY-479x286.jpg 479w, https:\/\/primermomento.com\/wp-content\/uploads\/2017\/07\/Niega-presidente-Gran-Parada-del-Bronx-se-vaya-juramentar-PRM-NY.jpg 531w\" sizes=\"auto, (max-width: 300px) 100vw, 300px\" \/>Ante los fuertes y permanentes comentarios en la comunidad dominicana del Alto Manhattan y El Bronx, entre pol\u00edticos, profesionales, activistas comunitarios, taxistas y bodegueros, este reportero cuestion\u00f3 al presidente del PRM-NY en ese sentido.<u><\/u><u><\/u><\/span><\/div>\n<div id=\"m_4467828925948062858yui_3_16_0_ym19_1_1501200535322_49589\"><span id=\"m_4467828925948062858yui_3_16_0_ym19_1_1501200535322_49590\" lang=\"ES-US\">\u00a0<u><\/u><u><\/u><\/span><\/div>\n<div id=\"m_4467828925948062858yui_3_16_0_ym19_1_1501200535322_49592\"><span id=\"m_4467828925948062858yui_3_16_0_ym19_1_1501200535322_49593\" lang=\"ES-US\">Ducasse contest\u00f3 \u201ceso no es cierto, Felipe Febles solamente invit\u00f3 a Luis Abinader a participar como Gran Mariscal y el ex candidato presidencial participar\u00e1 como tal\u00bb.<u><\/u><u><\/u><\/span><\/div>\n<div id=\"m_4467828925948062858yui_3_16_0_ym19_1_1501200535322_49595\"><span id=\"m_4467828925948062858yui_3_16_0_ym19_1_1501200535322_49596\" lang=\"ES-US\">\u00a0<u><\/u><u><\/u><\/span><\/div>\n<div id=\"m_4467828925948062858yui_3_16_0_ym19_1_1501200535322_49598\"><span id=\"m_4467828925948062858yui_3_16_0_ym19_1_1501200535322_49599\" lang=\"ES-US\">La noticia entre los dominicanos en La Gran Manzana ha tomado cuerpo en el sentido de que Febles se juramentar\u00e1 \u201csecretamente\u201d para hacerle el trabajo pol\u00edtico a Abinader frente al ex presidente Hip\u00f3lito Mej\u00eda, quien tambi\u00e9n aspira a la presidencia de la rep\u00fablica por esa entidad pol\u00edtica, y contra el presidente Danilo Medina en caso de aspirar a una nueva reelecci\u00f3n.<u><\/u><u><\/u><\/span><\/div>\n<div id=\"m_4467828925948062858yui_3_16_0_ym19_1_1501200535322_49601\"><span id=\"m_4467828925948062858yui_3_16_0_ym19_1_1501200535322_49602\" lang=\"ES-US\">\u00a0<u><\/u><u><\/u><\/span><\/div>\n<div id=\"m_4467828925948062858yui_3_16_0_ym19_1_1501200535322_49604\"><span id=\"m_4467828925948062858yui_3_16_0_ym19_1_1501200535322_49605\" lang=\"ES-US\">Al presidente de La Gran Parada se le llam\u00f3 en reiteradas ocasiones para obtener su parecer, pero nunca contest\u00f3 las llamadas.<u><\/u><u><\/u><\/span><\/div>\n<div id=\"m_4467828925948062858yui_3_16_0_ym19_1_1501200535322_49607\"><span id=\"m_4467828925948062858yui_3_16_0_ym19_1_1501200535322_49608\" lang=\"ES-US\">\u00a0<u><\/u><u><\/u><\/span><\/div>\n<div id=\"m_4467828925948062858yui_3_16_0_ym19_1_1501200535322_49610\"><span id=\"m_4467828925948062858yui_3_16_0_ym19_1_1501200535322_49611\" lang=\"ES-US\">Decenas de criollos en El Bronx condenaron la actitud del ejecutivo del desfile al negarle la participaci\u00f3n de una comisi\u00f3n de la \u201cMarcha Verde\u201d durante el acto a efectuarse el pr\u00f3ximo domingo a lo largo de la avenida Grand Concourse.<u><\/u><u><\/u><\/span><\/div>\n<div id=\"m_4467828925948062858yui_3_16_0_ym19_1_1501200535322_49613\"><span id=\"m_4467828925948062858yui_3_16_0_ym19_1_1501200535322_49614\" lang=\"ES-US\">\u00a0<u><\/u><u><\/u><\/span><\/div>\n<div id=\"m_4467828925948062858yui_3_16_0_ym19_1_1501200535322_49616\"><span id=\"m_4467828925948062858yui_3_16_0_ym19_1_1501200535322_49617\" lang=\"ES-US\">\u201cQu\u00e9 \u201cMarcha Verde\u201d ni \u201cMarcha Verde, fue la repuesta tajante dada por Febles al ingeniero Radham\u00e9s Garc\u00eda, cuando le solicit\u00f3, al ser comisionado del movimiento, que una representaci\u00f3n de \u201cLos Verdes\u201d se hiciera presente durante el evento.<u><\/u><u><\/u><\/span><\/div>\n<div id=\"m_4467828925948062858yui_3_16_0_ym19_1_1501200535322_49619\"><span id=\"m_4467828925948062858yui_3_16_0_ym19_1_1501200535322_49620\" lang=\"ES-US\">\u00a0<\/span><\/div>\n<div style=\"text-align: right;\"><span style=\"color: #ff0000;\">Ram\u00f3n Mercedes<\/span><\/div>\n","protected":false},"excerpt":{"rendered":"<p>NUEVA YORK, Nueva York.- El presidente de la seccional del Partido Revolucionario Moderno (PRM) en esta ciudad, Luis Emilio Ducasse, neg\u00f3 que el presidente de La Gran Parada Dominicana de El Bronx, Felipe Feble se vaya a juramentar en esa organizaci\u00f3n pol\u00edtica. \u00a0 Ante los fuertes y permanentes comentarios en la comunidad dominicana del Alto [&hellip;]<\/p>\n","protected":false},"author":1,"featured_media":0,"comment_status":"open","ping_status":"open","sticky":false,"template":"","format":"standard","meta":{"_bbp_topic_count":0,"_bbp_reply_count":0,"_bbp_total_topic_count":0,"_bbp_total_reply_count":0,"_bbp_voice_count":0,"_bbp_anonymous_reply_count":0,"_bbp_topic_count_hidden":0,"_bbp_reply_count_hidden":0,"_bbp_forum_subforum_count":0,"footnotes":""},"categories":[60,31],"tags":[],"class_list":{"0":"post-292388","1":"post","2":"type-post","3":"status-publish","4":"format-standard","6":"category-titulares-del-dia","7":"category-estados-unidos"},"_links":{"self":[{"href":"https:\/\/primermomento.com\/index.php?rest_route=\/wp\/v2\/posts\/292388","targetHints":{"allow":["GET"]}}],"collection":[{"href":"https:\/\/primermomento.com\/index.php?rest_route=\/wp\/v2\/posts"}],"about":[{"href":"https:\/\/primermomento.com\/index.php?rest_route=\/wp\/v2\/types\/post"}],"author":[{"embeddable":true,"href":"https:\/\/primermomento.com\/index.php?rest_route=\/wp\/v2\/users\/1"}],"replies":[{"embeddable":true,"href":"https:\/\/primermomento.com\/index.php?rest_route=%2Fwp%2Fv2%2Fcomments&post=292388"}],"version-history":[{"count":0,"href":"https:\/\/primermomento.com\/index.php?rest_route=\/wp\/v2\/posts\/292388\/revisions"}],"wp:attachment":[{"href":"https:\/\/primermomento.com\/index.php?rest_route=%2Fwp%2Fv2%2Fmedia&parent=292388"}],"wp:term":[{"taxonomy":"category","embeddable":true,"href":"https:\/\/primermomento.com\/index.php?rest_route=%2Fwp%2Fv2%2Fcategories&post=292388"},{"taxonomy":"post_tag","embeddable":true,"href":"https:\/\/primermomento.com\/index.php?rest_route=%2Fwp%2Fv2%2Ftags&post=292388"}],"curies":[{"name":"wp","href":"https:\/\/api.w.org\/{rel}","templated":true}]}}