{"id":292393,"date":"2017-07-28T18:17:14","date_gmt":"2017-07-28T22:17:14","guid":{"rendered":"http:\/\/primermomento.com\/?p=292393"},"modified":"2017-07-28T18:58:51","modified_gmt":"2017-07-28T22:58:51","slug":"presidenta-de-mujeres-del-prm-niega-medina-proteja-diaspora-dominicana","status":"publish","type":"post","link":"https:\/\/primermomento.com\/?p=292393","title":{"rendered":"Presidenta de mujeres del PRM niega Medina proteja di\u00e1spora dominicana"},"content":{"rendered":"<div id=\"m_4467828925948062858yui_3_16_0_ym19_1_1501200535322_49501\"><span id=\"m_4467828925948062858yui_3_16_0_ym19_1_1501200535322_49504\" lang=\"ES-US\">NUEVA YORK, Nueva York.- La presidenta de las mujeres pertenecientes a la seccional del Partido Revolucionario Moderno (PRM) en esta ciudad desminti\u00f3 al vicecanciller y Director Ejecutivo del Instituto del Dominicano en el Exterior (INDEX), Carlos Gabriel Garc\u00eda, quien afirm\u00f3 recientemente en Orlando-Florida que el presidente Danilo Medina apoya y protege la di\u00e1spora dominicana.<u><\/u><u><\/u><\/span><\/div>\n<div id=\"m_4467828925948062858yui_3_16_0_ym19_1_1501200535322_49506\"><span id=\"m_4467828925948062858yui_3_16_0_ym19_1_1501200535322_49507\" lang=\"ES-US\">\u00a0<u><\/u><u><\/u><\/span><\/div>\n<div id=\"m_4467828925948062858yui_3_16_0_ym19_1_1501200535322_49509\"><span id=\"m_4467828925948062858yui_3_16_0_ym19_1_1501200535322_49510\" lang=\"ES-US\"><img loading=\"lazy\" decoding=\"async\" class=\"size-medium wp-image-292394 alignleft\" src=\"http:\/\/primermomento.com\/wp-content\/uploads\/2017\/07\/Niega-Medina-proteja-di\u00e1spora-dominicana..-300x288.jpg\" alt=\"\" width=\"300\" height=\"288\" srcset=\"https:\/\/primermomento.com\/wp-content\/uploads\/2017\/07\/Niega-Medina-proteja-di\u00e1spora-dominicana..-300x288.jpg 300w, https:\/\/primermomento.com\/wp-content\/uploads\/2017\/07\/Niega-Medina-proteja-di\u00e1spora-dominicana..-500x480.jpg 500w, https:\/\/primermomento.com\/wp-content\/uploads\/2017\/07\/Niega-Medina-proteja-di\u00e1spora-dominicana..-229x220.jpg 229w, https:\/\/primermomento.com\/wp-content\/uploads\/2017\/07\/Niega-Medina-proteja-di\u00e1spora-dominicana..-118x113.jpg 118w, https:\/\/primermomento.com\/wp-content\/uploads\/2017\/07\/Niega-Medina-proteja-di\u00e1spora-dominicana..-479x460.jpg 479w, https:\/\/primermomento.com\/wp-content\/uploads\/2017\/07\/Niega-Medina-proteja-di\u00e1spora-dominicana..-30x30.jpg 30w, https:\/\/primermomento.com\/wp-content\/uploads\/2017\/07\/Niega-Medina-proteja-di\u00e1spora-dominicana...jpg 561w\" sizes=\"auto, (max-width: 300px) 100vw, 300px\" \/>Rafaela G\u00f3mez explic\u00f3 que m\u00e1s bien es una burla lo dicho por Garc\u00eda de que \u201ccon Medina\u00a0lleg\u00f3 a su fin la exclusi\u00f3n que sufr\u00edan los dominicanos que por diversas razones han decidido vivir en otros pa\u00edses\u00bb.<u><\/u><u><\/u><\/span><\/div>\n<div id=\"m_4467828925948062858yui_3_16_0_ym19_1_1501200535322_49512\"><span id=\"m_4467828925948062858yui_3_16_0_ym19_1_1501200535322_49513\" lang=\"ES-US\">\u00a0<u><\/u><u><\/u><\/span><\/div>\n<div id=\"m_4467828925948062858yui_3_16_0_ym19_1_1501200535322_49515\"><span id=\"m_4467828925948062858yui_3_16_0_ym19_1_1501200535322_49516\" lang=\"ES-US\">Precis\u00f3 que el mandatario prometi\u00f3 \u201cvillas y castillos\u201d durante sus compa\u00f1as y no ha cumplido un 5% de lo prometido; ha traicionado. \u00abEs m\u00e1s, viene a NY y ni siquiera se asoma por el Alto Manhattan, \u00e1rea donde se concentra la mayor cantidad de criollos en el mundo y que visitaba con frecuencia\u00bb.<u><\/u><u><\/u><\/span><\/div>\n<div id=\"m_4467828925948062858yui_3_16_0_ym19_1_1501200535322_49518\"><span id=\"m_4467828925948062858yui_3_16_0_ym19_1_1501200535322_49519\" lang=\"ES-US\">\u00a0<u><\/u><u><\/u><\/span><\/div>\n<div id=\"m_4467828925948062858yui_3_16_0_ym19_1_1501200535322_49521\"><span id=\"m_4467828925948062858yui_3_16_0_ym19_1_1501200535322_49522\" lang=\"ES-US\">Entre los incumplimientos de Medina cit\u00f3 el INDEX, \u00abel cual ha sido inaugurado dos veces en esta urbe y nadie sabe donde est\u00e1 el local, a pesar de que hay muchas \u201cbotellas\u201d nombradas en esa entidad; a eso se le llama corrupci\u00f3n, desfalco y enga\u00f1o\u00bb.<u><\/u><u><\/u><\/span><\/div>\n<div id=\"m_4467828925948062858yui_3_16_0_ym19_1_1501200535322_49524\"><span id=\"m_4467828925948062858yui_3_16_0_ym19_1_1501200535322_49525\" lang=\"ES-US\">\u00a0<u><\/u><u><\/u><\/span><\/div>\n<div id=\"m_4467828925948062858yui_3_16_0_ym19_1_1501200535322_49527\"><span id=\"m_4467828925948062858yui_3_16_0_ym19_1_1501200535322_49528\" lang=\"ES-US\">Asimismo, prometi\u00f3\u00a0otorgar un permiso para llevar a RD un autom\u00f3vil del a\u00f1o totalmente libre de impuestos, sin embargo, mantiene la ley con los cinco a\u00f1os de diferencia; tambi\u00e9n reducir el costo de env\u00edo de las remesas mediante un sistema en el Banco de Reservas que permitir\u00eda a los criollos transferir dinero con una tarifa preferencial.<u><\/u><u><\/u><\/span><\/div>\n<div id=\"m_4467828925948062858yui_3_16_0_ym19_1_1501200535322_49530\"><span id=\"m_4467828925948062858yui_3_16_0_ym19_1_1501200535322_49531\" lang=\"ES-US\"><u><\/u>\u00a0<u><\/u><\/span><\/div>\n<div id=\"m_4467828925948062858yui_3_16_0_ym19_1_1501200535322_49533\"><span id=\"m_4467828925948062858yui_3_16_0_ym19_1_1501200535322_49534\" lang=\"ES-US\">Record\u00f3 que en 2012 los criollos de ultramar enviaron $4,045 millones; en 2013, $4,262 millones; en 2014, $4,571 millones; $4,882 millones en 2015; y los $5,364 millones en 2016, para un total de 23 mil 124 millones de d\u00f3lares, \u00aby ni aun as\u00ed nos toma en cuenta\u201d.<u><\/u><u><\/u><\/span><\/div>\n<div id=\"m_4467828925948062858yui_3_16_0_ym19_1_1501200535322_49536\"><span id=\"m_4467828925948062858yui_3_16_0_ym19_1_1501200535322_49537\" lang=\"ES-US\"><u><\/u>\u00a0<u><\/u><\/span><\/div>\n<div id=\"m_4467828925948062858yui_3_16_0_ym19_1_1501200535322_49539\"><span id=\"m_4467828925948062858yui_3_16_0_ym19_1_1501200535322_49540\" lang=\"ES-US\">G\u00f3mez se\u00f1ala que\u00a0las remesas anualmente ratifican su importante peso en la econom\u00eda criolla, sin contar m\u00e1s de tres mil millones que se env\u00edan en efectivo directamente con alg\u00fan familiar o amigo, aparte de m\u00e1s de tres mil millones con el env\u00edo de decenas de miles de cajas de alimentos, medicinas y ropa, entre otras cosas.<u><\/u><u><\/u><\/span><\/div>\n<div id=\"m_4467828925948062858yui_3_16_0_ym19_1_1501200535322_49542\"><span id=\"m_4467828925948062858yui_3_16_0_ym19_1_1501200535322_49543\" lang=\"ES-US\"><u><\/u>\u00a0<u><\/u><\/span><\/div>\n<div id=\"m_4467828925948062858yui_3_16_0_ym19_1_1501200535322_49545\"><span id=\"m_4467828925948062858yui_3_16_0_ym19_1_1501200535322_49546\" lang=\"ES\">Las remesas representaron un flujo de divisas equivalente al 7.5% del Producto Interno Bruto (PIB), remembrando que un reporte de la consultora Analytica destaca que RD es una de las principales naciones receptoras de remesas en la regi\u00f3n de Centroam\u00e9rica y el Caribe.\u00a0<u><\/u><u><\/u><\/span><\/div>\n<div id=\"m_4467828925948062858yui_3_16_0_ym19_1_1501200535322_49548\"><span id=\"m_4467828925948062858yui_3_16_0_ym19_1_1501200535322_49549\" lang=\"ES-US\"><u><\/u>\u00a0<u><\/u><\/span><\/div>\n<div id=\"m_4467828925948062858yui_3_16_0_ym19_1_1501200535322_49551\"><span id=\"m_4467828925948062858yui_3_16_0_ym19_1_1501200535322_49552\" lang=\"ES\">Asimismo, cit\u00f3 la promesa de bajar los precios de los documentos consulares y eliminar\u00a0<\/span><span id=\"m_4467828925948062858yui_3_16_0_ym19_1_1501200535322_49553\" lang=\"ES-US\">el cobro a las cajas de alimentos que se env\u00edan a trav\u00e9s de las \u201cllamadas mudanceras\u201d, entre otras cosas.<\/span><span id=\"m_4467828925948062858yui_3_16_0_ym19_1_1501200535322_49554\" lang=\"ES-US\"><u><\/u><u><\/u><\/span><\/div>\n<div id=\"m_4467828925948062858yui_3_16_0_ym19_1_1501200535322_49556\"><span id=\"m_4467828925948062858yui_3_16_0_ym19_1_1501200535322_49557\" lang=\"ES-US\"><u><\/u>\u00a0<\/span><\/div>\n<div style=\"text-align: right;\"><span style=\"color: #ff0000;\">Ram\u00f3n Mercedes<\/span><\/div>\n","protected":false},"excerpt":{"rendered":"<p>NUEVA YORK, Nueva York.- La presidenta de las mujeres pertenecientes a la seccional del Partido Revolucionario Moderno (PRM) en esta ciudad desminti\u00f3 al vicecanciller y Director Ejecutivo del Instituto del Dominicano en el Exterior (INDEX), Carlos Gabriel Garc\u00eda, quien afirm\u00f3 recientemente en Orlando-Florida que el presidente Danilo Medina apoya y protege la di\u00e1spora dominicana. \u00a0 [&hellip;]<\/p>\n","protected":false},"author":1,"featured_media":0,"comment_status":"open","ping_status":"open","sticky":false,"template":"","format":"standard","meta":{"_bbp_topic_count":0,"_bbp_reply_count":0,"_bbp_total_topic_count":0,"_bbp_total_reply_count":0,"_bbp_voice_count":0,"_bbp_anonymous_reply_count":0,"_bbp_topic_count_hidden":0,"_bbp_reply_count_hidden":0,"_bbp_forum_subforum_count":0,"footnotes":""},"categories":[60,31],"tags":[],"class_list":{"0":"post-292393","1":"post","2":"type-post","3":"status-publish","4":"format-standard","6":"category-titulares-del-dia","7":"category-estados-unidos"},"_links":{"self":[{"href":"https:\/\/primermomento.com\/index.php?rest_route=\/wp\/v2\/posts\/292393","targetHints":{"allow":["GET"]}}],"collection":[{"href":"https:\/\/primermomento.com\/index.php?rest_route=\/wp\/v2\/posts"}],"about":[{"href":"https:\/\/primermomento.com\/index.php?rest_route=\/wp\/v2\/types\/post"}],"author":[{"embeddable":true,"href":"https:\/\/primermomento.com\/index.php?rest_route=\/wp\/v2\/users\/1"}],"replies":[{"embeddable":true,"href":"https:\/\/primermomento.com\/index.php?rest_route=%2Fwp%2Fv2%2Fcomments&post=292393"}],"version-history":[{"count":0,"href":"https:\/\/primermomento.com\/index.php?rest_route=\/wp\/v2\/posts\/292393\/revisions"}],"wp:attachment":[{"href":"https:\/\/primermomento.com\/index.php?rest_route=%2Fwp%2Fv2%2Fmedia&parent=292393"}],"wp:term":[{"taxonomy":"category","embeddable":true,"href":"https:\/\/primermomento.com\/index.php?rest_route=%2Fwp%2Fv2%2Fcategories&post=292393"},{"taxonomy":"post_tag","embeddable":true,"href":"https:\/\/primermomento.com\/index.php?rest_route=%2Fwp%2Fv2%2Ftags&post=292393"}],"curies":[{"name":"wp","href":"https:\/\/api.w.org\/{rel}","templated":true}]}}