{"id":292420,"date":"2017-07-30T19:53:04","date_gmt":"2017-07-30T23:53:04","guid":{"rendered":"http:\/\/primermomento.com\/?p=292420"},"modified":"2017-07-30T19:53:04","modified_gmt":"2017-07-30T23:53:04","slug":"marcha-verde-afirma-declaraciones-de-odebrecht-comprometen-a-medina","status":"publish","type":"post","link":"https:\/\/primermomento.com\/?p=292420","title":{"rendered":"Marcha Verde afirma declaraciones de Odebrecht comprometen a Medina"},"content":{"rendered":"<div class=\"fullNewsIntrotext\">SANTO DOMINGO, Rep\u00fablica Dominicana.- La Marcha Verde consider\u00f3 hoy que las recientes revelaciones del abogado y operador financiero de Odebrecht, Rodrigo Tacla, aumentan las evidencias que comprometen al presidente dominicano, Danilo Medina.<\/div>\n<div><\/div>\n<div class=\"fullNewsFulltext\">\n<figure id=\"attachment_290896\" aria-describedby=\"caption-attachment-290896\" style=\"width: 300px\" class=\"wp-caption alignleft\"><img loading=\"lazy\" decoding=\"async\" class=\"size-medium wp-image-290896\" src=\"http:\/\/primermomento.com\/wp-content\/uploads\/2017\/06\/medina-y-escandalo-odebrecht-300x200.jpg\" alt=\"\" width=\"300\" height=\"200\" srcset=\"https:\/\/primermomento.com\/wp-content\/uploads\/2017\/06\/medina-y-escandalo-odebrecht-300x200.jpg 300w, https:\/\/primermomento.com\/wp-content\/uploads\/2017\/06\/medina-y-escandalo-odebrecht-73x50.jpg 73w, https:\/\/primermomento.com\/wp-content\/uploads\/2017\/06\/medina-y-escandalo-odebrecht-500x333.jpg 500w, https:\/\/primermomento.com\/wp-content\/uploads\/2017\/06\/medina-y-escandalo-odebrecht-280x186.jpg 280w, https:\/\/primermomento.com\/wp-content\/uploads\/2017\/06\/medina-y-escandalo-odebrecht-60x40.jpg 60w, https:\/\/primermomento.com\/wp-content\/uploads\/2017\/06\/medina-y-escandalo-odebrecht-118x79.jpg 118w, https:\/\/primermomento.com\/wp-content\/uploads\/2017\/06\/medina-y-escandalo-odebrecht-479x319.jpg 479w, https:\/\/primermomento.com\/wp-content\/uploads\/2017\/06\/medina-y-escandalo-odebrecht.jpg 580w\" sizes=\"auto, (max-width: 300px) 100vw, 300px\" \/><figcaption id=\"caption-attachment-290896\" class=\"wp-caption-text\">Danilo Medina.<\/figcaption><\/figure>\n<p>Al recorrer este domingo la popular barriada capitalina de Los Alcarrizos, el movimiento c\u00edvico denunci\u00f3 los sobornos y sobrevaluaciones realizados en el pa\u00eds por esa empresa y el ilegal financiamiento de campa\u00f1as pol\u00edticas.<\/p>\n<p>En el comunicado le\u00eddo por La Marcha Verde, el colectivo afirm\u00f3 que el esquema delictivo descrito por Tacla contiene todos los elementos presentes en las \u00faltimas dos campa\u00f1as electorales del gobierno de Medina.<\/p>\n<p>El texto cit\u00f3 adem\u00e1s la cercana relaci\u00f3n del mandatario con el publicista Joao Santana, otra figura sentenciada a c\u00e1rcel por sus v\u00ednculos con Odebrecht, y la posterior asignaci\u00f3n de contratos como el de las plantas a carb\u00f3n de Punta Catalina.<\/p>\n<p>Estas informaciones evidencian el lodazal pol\u00edtico e institucional que embarra a las m\u00e1s altas estructuras del sistema pol\u00edtico e institucional del pa\u00eds y obligan a que el Ministerio P\u00fablico incluya de inmediato a Medina en el expediente, dijeron.<\/p>\n<p>En el manifiesto le\u00eddo en el acto de cierre de la marcha de este domingo, los pobladores de los barrios y comunidades de Los Alcarrizos, Pantoja y Palmarejo-Villa Linda denunciaron los estragos que la corrupci\u00f3n caus\u00f3 en esas comunidades.<\/p>\n<p>Reclamaron sanciones para los fraudes cometidos en el Hospital Calventi y el Ayuntamiento de Los Alcarrizos, que se investigue qu\u00e9 pas\u00f3 con los presupuestos para construir el puente sobre el r\u00edo Lebr\u00f3n y los bajos sueldos a trabajadores.<\/p>\n<p>Demandaron adem\u00e1s la construcci\u00f3n de un cementerio, una funeraria y un mercado municipal que sustituya al edificado hace 40 a\u00f1os, la reparaci\u00f3n de calles y aceras por las que espera el pueblo desde hace d\u00e9cadas.<\/p>\n<p>En el acto se anunci\u00f3 que la pr\u00f3xima marcha tendr\u00e1 lugar en Nagua el domingo venidero y como estas habr\u00e1 m\u00e1s actividades en todo el territorio nacional, organizadas por los cientos de n\u00facleos verdes formados en el pa\u00eds.<\/p><\/div>\n<div><\/div>\n<div style=\"text-align: right;\"><span style=\"color: #ff0000;\"><em>PL<\/em><\/span><\/div>\n","protected":false},"excerpt":{"rendered":"<p>SANTO DOMINGO, Rep\u00fablica Dominicana.- La Marcha Verde consider\u00f3 hoy que las recientes revelaciones del abogado y operador financiero de Odebrecht, Rodrigo Tacla, aumentan las evidencias que comprometen al presidente dominicano, Danilo Medina. Al recorrer este domingo la popular barriada capitalina de Los Alcarrizos, el movimiento c\u00edvico denunci\u00f3 los sobornos y sobrevaluaciones realizados en el pa\u00eds [&hellip;]<\/p>\n","protected":false},"author":1,"featured_media":0,"comment_status":"open","ping_status":"open","sticky":false,"template":"","format":"standard","meta":{"_bbp_topic_count":0,"_bbp_reply_count":0,"_bbp_total_topic_count":0,"_bbp_total_reply_count":0,"_bbp_voice_count":0,"_bbp_anonymous_reply_count":0,"_bbp_topic_count_hidden":0,"_bbp_reply_count_hidden":0,"_bbp_forum_subforum_count":0,"footnotes":""},"categories":[60,31],"tags":[],"class_list":{"0":"post-292420","1":"post","2":"type-post","3":"status-publish","4":"format-standard","6":"category-titulares-del-dia","7":"category-estados-unidos"},"_links":{"self":[{"href":"https:\/\/primermomento.com\/index.php?rest_route=\/wp\/v2\/posts\/292420","targetHints":{"allow":["GET"]}}],"collection":[{"href":"https:\/\/primermomento.com\/index.php?rest_route=\/wp\/v2\/posts"}],"about":[{"href":"https:\/\/primermomento.com\/index.php?rest_route=\/wp\/v2\/types\/post"}],"author":[{"embeddable":true,"href":"https:\/\/primermomento.com\/index.php?rest_route=\/wp\/v2\/users\/1"}],"replies":[{"embeddable":true,"href":"https:\/\/primermomento.com\/index.php?rest_route=%2Fwp%2Fv2%2Fcomments&post=292420"}],"version-history":[{"count":0,"href":"https:\/\/primermomento.com\/index.php?rest_route=\/wp\/v2\/posts\/292420\/revisions"}],"wp:attachment":[{"href":"https:\/\/primermomento.com\/index.php?rest_route=%2Fwp%2Fv2%2Fmedia&parent=292420"}],"wp:term":[{"taxonomy":"category","embeddable":true,"href":"https:\/\/primermomento.com\/index.php?rest_route=%2Fwp%2Fv2%2Fcategories&post=292420"},{"taxonomy":"post_tag","embeddable":true,"href":"https:\/\/primermomento.com\/index.php?rest_route=%2Fwp%2Fv2%2Ftags&post=292420"}],"curies":[{"name":"wp","href":"https:\/\/api.w.org\/{rel}","templated":true}]}}