{"id":292425,"date":"2017-07-30T18:57:38","date_gmt":"2017-07-30T22:57:38","guid":{"rendered":"http:\/\/primermomento.com\/?p=292425"},"modified":"2017-07-30T20:10:08","modified_gmt":"2017-07-31T00:10:08","slug":"medina-recibio-delegacion-de-congresistas-estadounidenses","status":"publish","type":"post","link":"https:\/\/primermomento.com\/?p=292425","title":{"rendered":"Medina recibi\u00f3 delegaci\u00f3n de congresistas estadounidenses"},"content":{"rendered":"<div class=\"fullNewsIntrotext\">SANTO DOMINGO, Rep\u00fablica Dominicana.- El presidente dominicano, Danilo Medina, recibi\u00f3 a una delegaci\u00f3n de congresistas estadounidenses, con quienes convers\u00f3 en un ambiente de cordialidad sobre temas de inter\u00e9s com\u00fan, inform\u00f3 la Direcci\u00f3n General de Comunicaci\u00f3n.<\/div>\n<div><\/div>\n<div class=\"fullNewsFulltext\"><img loading=\"lazy\" decoding=\"async\" class=\"size-medium wp-image-292426 alignleft\" src=\"http:\/\/primermomento.com\/wp-content\/uploads\/2017\/07\/congresistas-estadounidenses1-300x160.jpg\" alt=\"\" width=\"300\" height=\"160\" srcset=\"https:\/\/primermomento.com\/wp-content\/uploads\/2017\/07\/congresistas-estadounidenses1-300x160.jpg 300w, https:\/\/primermomento.com\/wp-content\/uploads\/2017\/07\/congresistas-estadounidenses1-500x267.jpg 500w, https:\/\/primermomento.com\/wp-content\/uploads\/2017\/07\/congresistas-estadounidenses1-280x149.jpg 280w, https:\/\/primermomento.com\/wp-content\/uploads\/2017\/07\/congresistas-estadounidenses1-638x341.jpg 638w, https:\/\/primermomento.com\/wp-content\/uploads\/2017\/07\/congresistas-estadounidenses1-118x63.jpg 118w, https:\/\/primermomento.com\/wp-content\/uploads\/2017\/07\/congresistas-estadounidenses1-479x256.jpg 479w, https:\/\/primermomento.com\/wp-content\/uploads\/2017\/07\/congresistas-estadounidenses1.jpg 693w\" sizes=\"auto, (max-width: 300px) 100vw, 300px\" \/>La delegaci\u00f3n, que representa a los partidos Dem\u00f3crata y Republicano, est\u00e1 encabezada por Robert Sires y Jeff Duncan, y en ella figuran adem\u00e1s Doug Lamborn, Robin Kelly, David Schweikert, Norma Torres, Matt Gaetz, Scott Taylor y Adriano Espaillat.<\/p>\n<p>Este \u00faltimo es el primer congresista de origen dominicano en ser elegido a la C\u00e1mara de Representantes estadounidense y habl\u00f3 a la prensa despu\u00e9s del encuentro con Medina.<\/p>\n<p>Seg\u00fan Espaillat, desde su esca\u00f1o como senador &#8216;seguir\u00e1 trabajando para fortalecer los v\u00ednculos bilaterales&#8217;.<\/p>\n<p>Los visitantes asistieron acompa\u00f1ados de Robert Copley, encargado de negocios de la embajada estadounidense, y junto a Medina estuvieron los ministros la Presidencia, Gustavo Montalvo y de Relaciones Exteriores, Miguel Vargas.<\/p><\/div>\n<div><\/div>\n<div style=\"text-align: right;\"><span style=\"color: #ff0000;\"><em>PL<\/em><\/span><\/div>\n","protected":false},"excerpt":{"rendered":"<p>SANTO DOMINGO, Rep\u00fablica Dominicana.- El presidente dominicano, Danilo Medina, recibi\u00f3 a una delegaci\u00f3n de congresistas estadounidenses, con quienes convers\u00f3 en un ambiente de cordialidad sobre temas de inter\u00e9s com\u00fan, inform\u00f3 la Direcci\u00f3n General de Comunicaci\u00f3n. La delegaci\u00f3n, que representa a los partidos Dem\u00f3crata y Republicano, est\u00e1 encabezada por Robert Sires y Jeff Duncan, y en [&hellip;]<\/p>\n","protected":false},"author":1,"featured_media":0,"comment_status":"open","ping_status":"open","sticky":false,"template":"","format":"standard","meta":{"_bbp_topic_count":0,"_bbp_reply_count":0,"_bbp_total_topic_count":0,"_bbp_total_reply_count":0,"_bbp_voice_count":0,"_bbp_anonymous_reply_count":0,"_bbp_topic_count_hidden":0,"_bbp_reply_count_hidden":0,"_bbp_forum_subforum_count":0,"footnotes":""},"categories":[30,60],"tags":[],"class_list":{"0":"post-292425","1":"post","2":"type-post","3":"status-publish","4":"format-standard","6":"category-actualidad","7":"category-titulares-del-dia"},"_links":{"self":[{"href":"https:\/\/primermomento.com\/index.php?rest_route=\/wp\/v2\/posts\/292425","targetHints":{"allow":["GET"]}}],"collection":[{"href":"https:\/\/primermomento.com\/index.php?rest_route=\/wp\/v2\/posts"}],"about":[{"href":"https:\/\/primermomento.com\/index.php?rest_route=\/wp\/v2\/types\/post"}],"author":[{"embeddable":true,"href":"https:\/\/primermomento.com\/index.php?rest_route=\/wp\/v2\/users\/1"}],"replies":[{"embeddable":true,"href":"https:\/\/primermomento.com\/index.php?rest_route=%2Fwp%2Fv2%2Fcomments&post=292425"}],"version-history":[{"count":0,"href":"https:\/\/primermomento.com\/index.php?rest_route=\/wp\/v2\/posts\/292425\/revisions"}],"wp:attachment":[{"href":"https:\/\/primermomento.com\/index.php?rest_route=%2Fwp%2Fv2%2Fmedia&parent=292425"}],"wp:term":[{"taxonomy":"category","embeddable":true,"href":"https:\/\/primermomento.com\/index.php?rest_route=%2Fwp%2Fv2%2Fcategories&post=292425"},{"taxonomy":"post_tag","embeddable":true,"href":"https:\/\/primermomento.com\/index.php?rest_route=%2Fwp%2Fv2%2Ftags&post=292425"}],"curies":[{"name":"wp","href":"https:\/\/api.w.org\/{rel}","templated":true}]}}