{"id":292428,"date":"2017-07-30T18:10:22","date_gmt":"2017-07-30T22:10:22","guid":{"rendered":"http:\/\/primermomento.com\/?p=292428"},"modified":"2017-07-30T20:12:48","modified_gmt":"2017-07-31T00:12:48","slug":"centrales-sindicales-reclaman-al-map-aplicacion-de-la-ley","status":"publish","type":"post","link":"https:\/\/primermomento.com\/?p=292428","title":{"rendered":"Centrales sindicales reclaman al MAP aplicaci\u00f3n de la ley"},"content":{"rendered":"<div class=\"fullNewsIntrotext\">SANTO DOMINGO, Rep\u00fablica Dominicana.- Centrales sindicales dominicanas exigieron al Ministerio de la Administraci\u00f3n P\u00fablica (MAP) cumplir con los derechos consignados a los trabajadores por la Constituci\u00f3n y aplicar la ley de la funci\u00f3n p\u00fablica.<\/div>\n<div><\/div>\n<div class=\"fullNewsFulltext\">\n<figure id=\"attachment_288753\" aria-describedby=\"caption-attachment-288753\" style=\"width: 300px\" class=\"wp-caption alignleft\"><img loading=\"lazy\" decoding=\"async\" class=\"size-medium wp-image-288753\" src=\"http:\/\/primermomento.com\/wp-content\/uploads\/2017\/04\/Rafael-Abreu-300x193.jpg\" alt=\"\" width=\"300\" height=\"193\" srcset=\"https:\/\/primermomento.com\/wp-content\/uploads\/2017\/04\/Rafael-Abreu-300x193.jpg 300w, https:\/\/primermomento.com\/wp-content\/uploads\/2017\/04\/Rafael-Abreu-500x322.jpg 500w, https:\/\/primermomento.com\/wp-content\/uploads\/2017\/04\/Rafael-Abreu-280x180.jpg 280w, https:\/\/primermomento.com\/wp-content\/uploads\/2017\/04\/Rafael-Abreu-60x40.jpg 60w, https:\/\/primermomento.com\/wp-content\/uploads\/2017\/04\/Rafael-Abreu-638x411.jpg 638w, https:\/\/primermomento.com\/wp-content\/uploads\/2017\/04\/Rafael-Abreu-118x76.jpg 118w, https:\/\/primermomento.com\/wp-content\/uploads\/2017\/04\/Rafael-Abreu-479x309.jpg 479w, https:\/\/primermomento.com\/wp-content\/uploads\/2017\/04\/Rafael-Abreu.jpg 641w\" sizes=\"auto, (max-width: 300px) 100vw, 300px\" \/><figcaption id=\"caption-attachment-288753\" class=\"wp-caption-text\">Rafael Abreu.<\/figcaption><\/figure>\n<p>Las confederaciones Nacional de Unidad Sindical (CNUS), Aut\u00f3noma Sindical Clasista (CASC) y Nacional de Trabajadores Dominicanos (CNTD) deploraron en rueda de prensa una medida tomada por el MAP que, seg\u00fan los gremios, incumple la Ley 41-08, en beneficio del servidor p\u00fablico.<\/p>\n<p>El MAP ha impedido el pago de las prestaciones laborales a trabajadores del sector p\u00fablico contratados a partir del 16 de enero de 2008, hasta tanto se haga un diagn\u00f3stico dispuesto en el Reglamento 523-09 en los \u00f3rganos del Estado, denunciaron.<\/p>\n<p>Destacaron que cuando se despide a un servidor p\u00fablico lo mandan a la calle sin pensi\u00f3n, es decir sin el dinero que acumula para la jubilaci\u00f3n y ni le dan prestaciones, por lo que el trabajador queda sin protecci\u00f3n, desprovisto de toda ayuda, aseguraron.<\/p>\n<p>El presidente de la CNUS, Rafael Abreu, explic\u00f3 que desde que el presidente Danilo Medina asumi\u00f3 su segundo mandato, el MAP tom\u00f3 esa medida, por lo que cerca de tres mil empleados p\u00fablicos despedidos han sido afectados.<\/p>\n<p>Se trata de una decisi\u00f3n desconsiderada, desconociendo derechos, pues ese tipo de empleado no pasa 20 a\u00f1os en la funci\u00f3n p\u00fablica porque cambian los gobiernos y carecen de derecho a pensi\u00f3n, sin que se le devuelva lo acumulado, a\u00f1adi\u00f3 el sindicalista.<\/p><\/div>\n<div><\/div>\n<div style=\"text-align: right;\"><span style=\"color: #ff0000;\"><em>PL<\/em><\/span><\/div>\n","protected":false},"excerpt":{"rendered":"<p>SANTO DOMINGO, Rep\u00fablica Dominicana.- Centrales sindicales dominicanas exigieron al Ministerio de la Administraci\u00f3n P\u00fablica (MAP) cumplir con los derechos consignados a los trabajadores por la Constituci\u00f3n y aplicar la ley de la funci\u00f3n p\u00fablica. Las confederaciones Nacional de Unidad Sindical (CNUS), Aut\u00f3noma Sindical Clasista (CASC) y Nacional de Trabajadores Dominicanos (CNTD) deploraron en rueda de [&hellip;]<\/p>\n","protected":false},"author":1,"featured_media":0,"comment_status":"open","ping_status":"open","sticky":false,"template":"","format":"standard","meta":{"_bbp_topic_count":0,"_bbp_reply_count":0,"_bbp_total_topic_count":0,"_bbp_total_reply_count":0,"_bbp_voice_count":0,"_bbp_anonymous_reply_count":0,"_bbp_topic_count_hidden":0,"_bbp_reply_count_hidden":0,"_bbp_forum_subforum_count":0,"footnotes":""},"categories":[60,32],"tags":[],"class_list":{"0":"post-292428","1":"post","2":"type-post","3":"status-publish","4":"format-standard","6":"category-titulares-del-dia","7":"category-lo-ultimo"},"_links":{"self":[{"href":"https:\/\/primermomento.com\/index.php?rest_route=\/wp\/v2\/posts\/292428","targetHints":{"allow":["GET"]}}],"collection":[{"href":"https:\/\/primermomento.com\/index.php?rest_route=\/wp\/v2\/posts"}],"about":[{"href":"https:\/\/primermomento.com\/index.php?rest_route=\/wp\/v2\/types\/post"}],"author":[{"embeddable":true,"href":"https:\/\/primermomento.com\/index.php?rest_route=\/wp\/v2\/users\/1"}],"replies":[{"embeddable":true,"href":"https:\/\/primermomento.com\/index.php?rest_route=%2Fwp%2Fv2%2Fcomments&post=292428"}],"version-history":[{"count":0,"href":"https:\/\/primermomento.com\/index.php?rest_route=\/wp\/v2\/posts\/292428\/revisions"}],"wp:attachment":[{"href":"https:\/\/primermomento.com\/index.php?rest_route=%2Fwp%2Fv2%2Fmedia&parent=292428"}],"wp:term":[{"taxonomy":"category","embeddable":true,"href":"https:\/\/primermomento.com\/index.php?rest_route=%2Fwp%2Fv2%2Fcategories&post=292428"},{"taxonomy":"post_tag","embeddable":true,"href":"https:\/\/primermomento.com\/index.php?rest_route=%2Fwp%2Fv2%2Ftags&post=292428"}],"curies":[{"name":"wp","href":"https:\/\/api.w.org\/{rel}","templated":true}]}}