{"id":292444,"date":"2017-07-31T08:11:14","date_gmt":"2017-07-31T12:11:14","guid":{"rendered":"http:\/\/primermomento.com\/?p=292444"},"modified":"2017-07-31T08:11:14","modified_gmt":"2017-07-31T12:11:14","slug":"explosiones-dejan-varios-heridos-uno-esta-grave","status":"publish","type":"post","link":"https:\/\/primermomento.com\/?p=292444","title":{"rendered":"Explosiones dejan varios heridos; uno est\u00e1 grave"},"content":{"rendered":"<div id=\"m_7622825341599986017yui_3_16_0_ym19_1_1501470593666_4952\"><span id=\"m_7622825341599986017yui_3_16_0_ym19_1_1501470593666_4954\" lang=\"ES-US\">NUEVA YORK, Nueva York.- Dos explosiones ocurridas en esta ciudad la tarde del s\u00e1bado dejaron tres personas heridas, una de ella en estado grave.<u><\/u><u><\/u><\/span><\/div>\n<div id=\"m_7622825341599986017yui_3_16_0_ym19_1_1501470593666_4956\"><span id=\"m_7622825341599986017yui_3_16_0_ym19_1_1501470593666_4957\" lang=\"ES-US\">\u00a0<u><\/u><u><\/u><\/span><\/div>\n<div id=\"m_7622825341599986017yui_3_16_0_ym19_1_1501470593666_4959\"><span id=\"m_7622825341599986017yui_3_16_0_ym19_1_1501470593666_4960\" lang=\"ES-US\"><img loading=\"lazy\" decoding=\"async\" class=\"size-medium wp-image-292445 alignleft\" src=\"http:\/\/primermomento.com\/wp-content\/uploads\/2017\/07\/Explosiones-en-NY-dejan-varios-heridos-uno-grave-300x104.jpg\" alt=\"\" width=\"300\" height=\"104\" srcset=\"https:\/\/primermomento.com\/wp-content\/uploads\/2017\/07\/Explosiones-en-NY-dejan-varios-heridos-uno-grave-300x104.jpg 300w, https:\/\/primermomento.com\/wp-content\/uploads\/2017\/07\/Explosiones-en-NY-dejan-varios-heridos-uno-grave-768x267.jpg 768w, https:\/\/primermomento.com\/wp-content\/uploads\/2017\/07\/Explosiones-en-NY-dejan-varios-heridos-uno-grave-500x174.jpg 500w, https:\/\/primermomento.com\/wp-content\/uploads\/2017\/07\/Explosiones-en-NY-dejan-varios-heridos-uno-grave-280x97.jpg 280w, https:\/\/primermomento.com\/wp-content\/uploads\/2017\/07\/Explosiones-en-NY-dejan-varios-heridos-uno-grave-638x222.jpg 638w, https:\/\/primermomento.com\/wp-content\/uploads\/2017\/07\/Explosiones-en-NY-dejan-varios-heridos-uno-grave-118x41.jpg 118w, https:\/\/primermomento.com\/wp-content\/uploads\/2017\/07\/Explosiones-en-NY-dejan-varios-heridos-uno-grave-479x167.jpg 479w, https:\/\/primermomento.com\/wp-content\/uploads\/2017\/07\/Explosiones-en-NY-dejan-varios-heridos-uno-grave.jpg 1023w\" sizes=\"auto, (max-width: 300px) 100vw, 300px\" \/>La primera ocurri\u00f3\u00a0en una vivienda de la calle 222 en Springfield Gardens, Jamaica-Queens cuando el propietario de la misma de 73 a\u00f1os y no identificado por las autoridades, recogi\u00f3 una caja puesta en los escalones de la entrada principal de la vivienda y al abrirla explot\u00f3 ocasion\u00e1ndole quemaduras en el 80% de su cuerpo.<u><\/u><u><\/u><\/span><\/div>\n<div id=\"m_7622825341599986017yui_3_16_0_ym19_1_1501470593666_4962\"><span id=\"m_7622825341599986017yui_3_16_0_ym19_1_1501470593666_4963\" lang=\"ES-US\">\u00a0<u><\/u><u><\/u><\/span><\/div>\n<div id=\"m_7622825341599986017yui_3_16_0_ym19_1_1501470593666_4965\"><span id=\"m_7622825341599986017yui_3_16_0_ym19_1_1501470593666_4966\" lang=\"ES-US\">La victima no reside en el inmueble porque la tiene rentada, y se encuentra grave en el hospital.<u><\/u><u><\/u><\/span><\/div>\n<div id=\"m_7622825341599986017yui_3_16_0_ym19_1_1501470593666_4968\"><span id=\"m_7622825341599986017yui_3_16_0_ym19_1_1501470593666_4969\" lang=\"ES-US\">\u00a0<u><\/u><u><\/u><\/span><\/div>\n<div id=\"m_7622825341599986017yui_3_16_0_ym19_1_1501470593666_4971\"><span id=\"m_7622825341599986017yui_3_16_0_ym19_1_1501470593666_4972\" lang=\"ES-US\">La otra explosi\u00f3n ocurri\u00f3 en la avenida segunda con la calle 110, en el sector de Harlem-Manhattan, cuando dos hispanos no identificados, laboraban en una alcantarilla subterr\u00e1nea para la compa\u00f1\u00eda ConEdison.<u><\/u><u><\/u><\/span><\/div>\n<div id=\"m_7622825341599986017yui_3_16_0_ym19_1_1501470593666_4974\"><span id=\"m_7622825341599986017yui_3_16_0_ym19_1_1501470593666_4975\" lang=\"ES-US\">\u00a0<u><\/u><u><\/u><\/span><\/div>\n<div id=\"m_7622825341599986017yui_3_16_0_ym19_1_1501470593666_4977\"><span id=\"m_7622825341599986017yui_3_16_0_ym19_1_1501470593666_4978\" lang=\"ES-US\">Se desconocen las causas de la explosi\u00f3n, pero varios testigos, entre ellos los hispanos Jonathan Meri\u00f1o y Tom\u00e1s Gonz\u00e1lez sostuvieron que la misma son\u00f3 como un trueno.<u><\/u><u><\/u><\/span><\/div>\n<div id=\"m_7622825341599986017yui_3_16_0_ym19_1_1501470593666_4980\"><span id=\"m_7622825341599986017yui_3_16_0_ym19_1_1501470593666_4981\" lang=\"ES-US\">\u00a0<u><\/u><u><\/u><\/span><\/div>\n<div id=\"m_7622825341599986017yui_3_16_0_ym19_1_1501470593666_4983\"><span id=\"m_7622825341599986017yui_3_16_0_ym19_1_1501470593666_4984\" lang=\"ES-US\">Ambos se encuentran internados en el hospital San Lucas y est\u00e1n fuera de peligro, se inform\u00f3. <u><\/u><u><\/u><\/span><span id=\"m_7622825341599986017yui_3_16_0_ym19_1_1501470593666_4987\" lang=\"ES-US\">Las autoridades investigan ambos casos.<\/span><\/div>\n<div><\/div>\n<div style=\"text-align: right;\"><span style=\"color: #ff0000;\">Ram\u00f3n Mercedes<\/span><\/div>\n<div><\/div>\n","protected":false},"excerpt":{"rendered":"<p>NUEVA YORK, Nueva York.- Dos explosiones ocurridas en esta ciudad la tarde del s\u00e1bado dejaron tres personas heridas, una de ella en estado grave. \u00a0 La primera ocurri\u00f3\u00a0en una vivienda de la calle 222 en Springfield Gardens, Jamaica-Queens cuando el propietario de la misma de 73 a\u00f1os y no identificado por las autoridades, recogi\u00f3 una [&hellip;]<\/p>\n","protected":false},"author":1,"featured_media":0,"comment_status":"open","ping_status":"open","sticky":false,"template":"","format":"standard","meta":{"_bbp_topic_count":0,"_bbp_reply_count":0,"_bbp_total_topic_count":0,"_bbp_total_reply_count":0,"_bbp_voice_count":0,"_bbp_anonymous_reply_count":0,"_bbp_topic_count_hidden":0,"_bbp_reply_count_hidden":0,"_bbp_forum_subforum_count":0,"footnotes":""},"categories":[30,60],"tags":[],"class_list":{"0":"post-292444","1":"post","2":"type-post","3":"status-publish","4":"format-standard","6":"category-actualidad","7":"category-titulares-del-dia"},"_links":{"self":[{"href":"https:\/\/primermomento.com\/index.php?rest_route=\/wp\/v2\/posts\/292444","targetHints":{"allow":["GET"]}}],"collection":[{"href":"https:\/\/primermomento.com\/index.php?rest_route=\/wp\/v2\/posts"}],"about":[{"href":"https:\/\/primermomento.com\/index.php?rest_route=\/wp\/v2\/types\/post"}],"author":[{"embeddable":true,"href":"https:\/\/primermomento.com\/index.php?rest_route=\/wp\/v2\/users\/1"}],"replies":[{"embeddable":true,"href":"https:\/\/primermomento.com\/index.php?rest_route=%2Fwp%2Fv2%2Fcomments&post=292444"}],"version-history":[{"count":0,"href":"https:\/\/primermomento.com\/index.php?rest_route=\/wp\/v2\/posts\/292444\/revisions"}],"wp:attachment":[{"href":"https:\/\/primermomento.com\/index.php?rest_route=%2Fwp%2Fv2%2Fmedia&parent=292444"}],"wp:term":[{"taxonomy":"category","embeddable":true,"href":"https:\/\/primermomento.com\/index.php?rest_route=%2Fwp%2Fv2%2Fcategories&post=292444"},{"taxonomy":"post_tag","embeddable":true,"href":"https:\/\/primermomento.com\/index.php?rest_route=%2Fwp%2Fv2%2Ftags&post=292444"}],"curies":[{"name":"wp","href":"https:\/\/api.w.org\/{rel}","templated":true}]}}