{"id":292450,"date":"2017-07-31T08:17:36","date_gmt":"2017-07-31T12:17:36","guid":{"rendered":"http:\/\/primermomento.com\/?p=292450"},"modified":"2017-07-31T08:17:36","modified_gmt":"2017-07-31T12:17:36","slug":"cerca-de-medio-millon-de-personas-asisten-a-parada-dominicana","status":"publish","type":"post","link":"https:\/\/primermomento.com\/?p=292450","title":{"rendered":"Cerca de medio mill\u00f3n de personas asisten a Parada Dominicana"},"content":{"rendered":"<div id=\"m_7622825341599986017yui_3_16_0_ym19_1_1501470593666_4781\"><span id=\"m_7622825341599986017yui_3_16_0_ym19_1_1501470593666_4783\" lang=\"ES-US\">NUEVA YORK, Nueva York.- Cerca de medio mill\u00f3n de dominicanos y otras etnias asistieron este domingo a lo largo de la avenida Grand Concourse con la calle 181 hasta la 167, para apoyar \u201cLa Gran Parada Dominicana del Bronx\u201d, en su 28 aniversario.<u><\/u><u><\/u><\/span><\/div>\n<div id=\"m_7622825341599986017yui_3_16_0_ym19_1_1501470593666_4785\"><span id=\"m_7622825341599986017yui_3_16_0_ym19_1_1501470593666_4786\" lang=\"ES-US\">\u00a0<u><\/u><u><\/u><\/span><\/div>\n<div id=\"m_7622825341599986017yui_3_16_0_ym19_1_1501470593666_4788\"><span id=\"m_7622825341599986017yui_3_16_0_ym19_1_1501470593666_4789\" lang=\"ES-US\"><img loading=\"lazy\" decoding=\"async\" class=\"size-medium wp-image-292451 alignleft\" src=\"http:\/\/primermomento.com\/wp-content\/uploads\/2017\/07\/Miles-asisten-Parada-Dominicana-del-Bronx-aunque-menos-que-el-a\u00f1o-pasado-300x251.jpg\" alt=\"\" width=\"300\" height=\"251\" srcset=\"https:\/\/primermomento.com\/wp-content\/uploads\/2017\/07\/Miles-asisten-Parada-Dominicana-del-Bronx-aunque-menos-que-el-a\u00f1o-pasado-300x251.jpg 300w, https:\/\/primermomento.com\/wp-content\/uploads\/2017\/07\/Miles-asisten-Parada-Dominicana-del-Bronx-aunque-menos-que-el-a\u00f1o-pasado-500x419.jpg 500w, https:\/\/primermomento.com\/wp-content\/uploads\/2017\/07\/Miles-asisten-Parada-Dominicana-del-Bronx-aunque-menos-que-el-a\u00f1o-pasado-263x220.jpg 263w, https:\/\/primermomento.com\/wp-content\/uploads\/2017\/07\/Miles-asisten-Parada-Dominicana-del-Bronx-aunque-menos-que-el-a\u00f1o-pasado-118x99.jpg 118w, https:\/\/primermomento.com\/wp-content\/uploads\/2017\/07\/Miles-asisten-Parada-Dominicana-del-Bronx-aunque-menos-que-el-a\u00f1o-pasado-479x401.jpg 479w, https:\/\/primermomento.com\/wp-content\/uploads\/2017\/07\/Miles-asisten-Parada-Dominicana-del-Bronx-aunque-menos-que-el-a\u00f1o-pasado.jpg 592w\" sizes=\"auto, (max-width: 300px) 100vw, 300px\" \/>Con un d\u00eda soleado y temperatura en los 74\u00ba\u00a0Fahrenheit,\u00a0el desfile inici\u00f3 al mediod\u00eda con una dedicatoria a la mujer dominicana, su cultura, educaci\u00f3n y al municipio de Esperanza.<u><\/u><u><\/u><\/span><\/div>\n<div id=\"m_7622825341599986017yui_3_16_0_ym19_1_1501470593666_4791\"><span id=\"m_7622825341599986017yui_3_16_0_ym19_1_1501470593666_4792\" lang=\"ES-US\">\u00a0<u><\/u><u><\/u><\/span><\/div>\n<div id=\"m_7622825341599986017yui_3_16_0_ym19_1_1501470593666_4794\"><span id=\"m_7622825341599986017yui_3_16_0_ym19_1_1501470593666_4795\" lang=\"ES-US\">Los grupos folkl\u00f3ricos<\/span><span id=\"m_7622825341599986017yui_3_16_0_ym19_1_1501470593666_4796\" lang=\"ES-US\">\u00a0roba la gallina<\/span><span id=\"m_7622825341599986017yui_3_16_0_ym19_1_1501470593666_4797\" lang=\"ES-US\">, de carnaval,\u00a0<\/span><span id=\"m_7622825341599986017yui_3_16_0_ym19_1_1501470593666_4798\" lang=\"ES-US\">batton ballet,<\/span><span id=\"m_7622825341599986017yui_3_16_0_ym19_1_1501470593666_4799\" lang=\"ES-US\">\u00a0comparsas y decenas de carrosas desfilaron en grande, mostrando la cultura y costumbres quisqueyanas.<u><\/u><u><\/u><\/span><\/div>\n<div id=\"m_7622825341599986017yui_3_16_0_ym19_1_1501470593666_4801\"><span id=\"m_7622825341599986017yui_3_16_0_ym19_1_1501470593666_4802\" lang=\"ES-US\">\u00a0<\/span><\/div>\n<div id=\"m_7622825341599986017yui_3_16_0_ym19_1_1501470593666_4803\"><span id=\"m_7622825341599986017yui_3_16_0_ym19_1_1501470593666_4804\" lang=\"ES-US\">Las miles de personas, portando la bandera tricolor, bailando merengue, bachata, salsa y otros ritmos caribe\u00f1os, se apostaron en ambos lados de la citada avenida, observ\u00e1ndose varias cuadras con muy pocas personas. Varios criollos estimaron que este a\u00f1o dejaron de asistir m\u00e1s de 100 mil personas.<u><\/u><u><\/u><\/span><\/div>\n<div id=\"m_7622825341599986017yui_3_16_0_ym19_1_1501470593666_4806\"><span id=\"m_7622825341599986017yui_3_16_0_ym19_1_1501470593666_4807\" lang=\"ES-US\">\u00a0<\/span><\/div>\n<div id=\"m_7622825341599986017yui_3_16_0_ym19_1_1501470593666_4808\"><span id=\"m_7622825341599986017yui_3_16_0_ym19_1_1501470593666_4809\" lang=\"ES-US\">El ex candidato presidencial del PRM, Luis Abinader, fue el \u201cGran Mariscal\u201d, por ser un l\u00edder que s\u00ed se preocupa por el bienestar de su pueblo, seg\u00fan consider\u00f3 Felipe Febles, director ejecutivo de la entidad.<u><\/u><u><\/u><\/span><\/div>\n<div id=\"m_7622825341599986017yui_3_16_0_ym19_1_1501470593666_4811\"><span id=\"m_7622825341599986017yui_3_16_0_ym19_1_1501470593666_4812\" lang=\"ES-US\">\u00a0<u><\/u><u><\/u><\/span><\/div>\n<div id=\"m_7622825341599986017yui_3_16_0_ym19_1_1501470593666_4814\"><span id=\"m_7622825341599986017yui_3_16_0_ym19_1_1501470593666_4815\" lang=\"ES-US\">Asimismo desfilaron las reinas y reyes del Festival Popular Duartiano y de la \u201cGran Parada\u201d, adem\u00e1s H\u00e9ctor Acosta (El Torito), escogido \u201cRey del Desfile\u201d, que despu\u00e9s del corte de la cinta inaugural se desapareci\u00f3.<u><\/u><u><\/u><\/span><\/div>\n<div id=\"m_7622825341599986017yui_3_16_0_ym19_1_1501470593666_4817\"><span id=\"m_7622825341599986017yui_3_16_0_ym19_1_1501470593666_4818\" lang=\"ES-US\">\u00a0<\/span><\/div>\n<div id=\"m_7622825341599986017yui_3_16_0_ym19_1_1501470593666_4819\"><span id=\"m_7622825341599986017yui_3_16_0_ym19_1_1501470593666_4820\" lang=\"ES-US\">Otras figuras art\u00edsticas fueron\u00a0<\/span><span id=\"m_7622825341599986017yui_3_16_0_ym19_1_1501470593666_4821\" lang=\"ES-US\">Kinito M\u00e9ndez, Mozart La Para y Giselle Taveras. \u00a0Johnny Ventura no asisti\u00f3, a pesar de haberlo anunciado.<u><\/u><u><\/u><\/span><\/div>\n<div id=\"m_7622825341599986017yui_3_16_0_ym19_1_1501470593666_4823\"><span id=\"m_7622825341599986017yui_3_16_0_ym19_1_1501470593666_4824\" lang=\"ES-US\">\u00a0<\/span><\/div>\n<div id=\"m_7622825341599986017yui_3_16_0_ym19_1_1501470593666_4825\"><span id=\"m_7622825341599986017yui_3_16_0_ym19_1_1501470593666_4826\" lang=\"ES-US\">Asistieron varias figuras pol\u00edticas, comunitarias, profesionales, empresariales y de otros sectores, como Randy Abreu, aspirante a concejal por el distrito 14 en El Bronx, quien fue uno de los m\u00e1s aplaudidos.<u><\/u><u><\/u><\/span><\/div>\n<div id=\"m_7622825341599986017yui_3_16_0_ym19_1_1501470593666_4828\"><span id=\"m_7622825341599986017yui_3_16_0_ym19_1_1501470593666_4829\" lang=\"ES-US\">\u00a0<\/span><\/div>\n<div id=\"m_7622825341599986017yui_3_16_0_ym19_1_1501470593666_4830\"><span id=\"m_7622825341599986017yui_3_16_0_ym19_1_1501470593666_4831\" lang=\"ES-US\">M\u00e1s de medio centenar de dominicanos pertenecientes a la \u201cMarcha Verde\u201d le efectuaron un piquete a Febles, porque les prohibi\u00f3 desfilar. Entre sus slogan pronunciaban \u201cFelipe agente del gobierno\u201d, \u201cFebles corrupto, agente del PLD\u201d, y \u201cque nos importa que llame la polic\u00eda\u201d.<u><\/u><u><\/u><\/span><\/div>\n<div id=\"m_7622825341599986017yui_3_16_0_ym19_1_1501470593666_4833\"><span id=\"m_7622825341599986017yui_3_16_0_ym19_1_1501470593666_4834\" lang=\"ES-US\">\u00a0<\/span><\/div>\n<div id=\"m_7622825341599986017yui_3_16_0_ym19_1_1501470593666_4835\"><span id=\"m_7622825341599986017yui_3_16_0_ym19_1_1501470593666_4836\" lang=\"ES-US\">Decenas de agentes policiales portando equipos anti combates, perros y armas largas fueron vistos custodiando el evento. Mientras Febles se hac\u00eda acompa\u00f1ar en todas sus movidas por varios miembros de seguridad.<u><\/u><u><\/u><\/span><\/div>\n<div id=\"m_7622825341599986017yui_3_16_0_ym19_1_1501470593666_4838\"><span id=\"m_7622825341599986017yui_3_16_0_ym19_1_1501470593666_4839\" lang=\"ES-US\">\u00a0<\/span><\/div>\n<div id=\"m_7622825341599986017yui_3_16_0_ym19_1_1501470593666_4840\"><span id=\"m_7622825341599986017yui_3_16_0_ym19_1_1501470593666_4841\" lang=\"ES-US\">Este reportero pudo palpar varios incidentes, entre ellos enfrentamiento f\u00edsico con intercambio de golpes, blandiendo peque\u00f1as cuchillas, discusiones acaloradas, empujones entre grupos, insultos a mujeres con expresiones impublicables e intento de manosear algunas de ellas, asimismo dos j\u00f3venes fueron apresados.<\/span><\/div>\n<div><\/div>\n<div style=\"text-align: right;\"><span style=\"color: #ff0000;\">Ram\u00f3n Mercedes<\/span><\/div>\n","protected":false},"excerpt":{"rendered":"<p>NUEVA YORK, Nueva York.- Cerca de medio mill\u00f3n de dominicanos y otras etnias asistieron este domingo a lo largo de la avenida Grand Concourse con la calle 181 hasta la 167, para apoyar \u201cLa Gran Parada Dominicana del Bronx\u201d, en su 28 aniversario. \u00a0 Con un d\u00eda soleado y temperatura en los 74\u00ba\u00a0Fahrenheit,\u00a0el desfile inici\u00f3 [&hellip;]<\/p>\n","protected":false},"author":1,"featured_media":0,"comment_status":"open","ping_status":"open","sticky":false,"template":"","format":"standard","meta":{"_bbp_topic_count":0,"_bbp_reply_count":0,"_bbp_total_topic_count":0,"_bbp_total_reply_count":0,"_bbp_voice_count":0,"_bbp_anonymous_reply_count":0,"_bbp_topic_count_hidden":0,"_bbp_reply_count_hidden":0,"_bbp_forum_subforum_count":0,"footnotes":""},"categories":[60,32],"tags":[],"class_list":{"0":"post-292450","1":"post","2":"type-post","3":"status-publish","4":"format-standard","6":"category-titulares-del-dia","7":"category-lo-ultimo"},"_links":{"self":[{"href":"https:\/\/primermomento.com\/index.php?rest_route=\/wp\/v2\/posts\/292450","targetHints":{"allow":["GET"]}}],"collection":[{"href":"https:\/\/primermomento.com\/index.php?rest_route=\/wp\/v2\/posts"}],"about":[{"href":"https:\/\/primermomento.com\/index.php?rest_route=\/wp\/v2\/types\/post"}],"author":[{"embeddable":true,"href":"https:\/\/primermomento.com\/index.php?rest_route=\/wp\/v2\/users\/1"}],"replies":[{"embeddable":true,"href":"https:\/\/primermomento.com\/index.php?rest_route=%2Fwp%2Fv2%2Fcomments&post=292450"}],"version-history":[{"count":0,"href":"https:\/\/primermomento.com\/index.php?rest_route=\/wp\/v2\/posts\/292450\/revisions"}],"wp:attachment":[{"href":"https:\/\/primermomento.com\/index.php?rest_route=%2Fwp%2Fv2%2Fmedia&parent=292450"}],"wp:term":[{"taxonomy":"category","embeddable":true,"href":"https:\/\/primermomento.com\/index.php?rest_route=%2Fwp%2Fv2%2Fcategories&post=292450"},{"taxonomy":"post_tag","embeddable":true,"href":"https:\/\/primermomento.com\/index.php?rest_route=%2Fwp%2Fv2%2Ftags&post=292450"}],"curies":[{"name":"wp","href":"https:\/\/api.w.org\/{rel}","templated":true}]}}