{"id":292456,"date":"2017-07-31T06:27:03","date_gmt":"2017-07-31T10:27:03","guid":{"rendered":"http:\/\/primermomento.com\/?p=292456"},"modified":"2017-07-31T18:29:33","modified_gmt":"2017-07-31T22:29:33","slug":"los-angeles-sera-anfitriona-de-juegos-olimpicos-en-2028","status":"publish","type":"post","link":"https:\/\/primermomento.com\/?p=292456","title":{"rendered":"Los \u00c1ngeles ser\u00e1 anfitriona de Juegos Ol\u00edmpicos en 2028"},"content":{"rendered":"<div class=\"wsw\">\n<p>LOS \u00c1NGELES, California.- Esta ciudad lleg\u00f3 a un acuerdo el lunes con el Comit\u00e9 Ol\u00edmpico internacional (COI), para ser por tercera vez la sede de los Jugos Ol\u00edmpicos en 2028.<\/p>\n<figure id=\"attachment_292457\" aria-describedby=\"caption-attachment-292457\" style=\"width: 300px\" class=\"wp-caption alignleft\"><img loading=\"lazy\" decoding=\"async\" class=\"size-medium wp-image-292457\" src=\"http:\/\/primermomento.com\/wp-content\/uploads\/2017\/07\/olimpiadas-los-angeles-300x169.jpg\" alt=\"\" width=\"300\" height=\"169\" srcset=\"https:\/\/primermomento.com\/wp-content\/uploads\/2017\/07\/olimpiadas-los-angeles-300x169.jpg 300w, https:\/\/primermomento.com\/wp-content\/uploads\/2017\/07\/olimpiadas-los-angeles-768x432.jpg 768w, https:\/\/primermomento.com\/wp-content\/uploads\/2017\/07\/olimpiadas-los-angeles-478x270.jpg 478w, https:\/\/primermomento.com\/wp-content\/uploads\/2017\/07\/olimpiadas-los-angeles-500x281.jpg 500w, https:\/\/primermomento.com\/wp-content\/uploads\/2017\/07\/olimpiadas-los-angeles-280x157.jpg 280w, https:\/\/primermomento.com\/wp-content\/uploads\/2017\/07\/olimpiadas-los-angeles-638x359.jpg 638w, https:\/\/primermomento.com\/wp-content\/uploads\/2017\/07\/olimpiadas-los-angeles-118x66.jpg 118w, https:\/\/primermomento.com\/wp-content\/uploads\/2017\/07\/olimpiadas-los-angeles-479x269.jpg 479w, https:\/\/primermomento.com\/wp-content\/uploads\/2017\/07\/olimpiadas-los-angeles.jpg 1023w\" sizes=\"auto, (max-width: 300px) 100vw, 300px\" \/><figcaption id=\"caption-attachment-292457\" class=\"wp-caption-text\">La ciudad estadounidense ser\u00e1 por tercera vez la sede despu\u00e9s de recibir a los deportistas en 1932 y 1984.<\/figcaption><\/figure>\n<p>Par\u00eds entre tanto, ser\u00e1 la ciudad que recibir\u00e1 los ol\u00edmpicos en 2024.<\/p>\n<p>El Presidente de Estados Unidos Donald Trump, contempla que la ciudad norteamericana recibir\u00e1 1.800 millones de d\u00f3lares como contribuci\u00f3n del (COI), por sus siglas en ingl\u00e9s.<\/p>\n<p>Eric Garcetti, alcalde de Los \u00c1ngeles, argument\u00f3 este lunes que es \u00abun d\u00eda hist\u00f3rico para la ciudad, para los Estados Unidos y para los movimientos Ol\u00edmpico y Paral\u00edmpico en todo el mundo\u00bb.<\/p>\n<p>\u00abHoy hemos dado un gran paso para devolver los Juegos a la ciudad por primera vez en una generaci\u00f3n y comenzar un nuevo cap\u00edtulo en la historia ol\u00edmpica de Los \u00c1ngeles\u00bb, precis\u00f3 Garcetti en un comunicado.<\/p>\n<p>Un acuerdo en estos asuntos entre Par\u00eds y Los \u00c1ngeles no se daba desde que Se\u00fal y Nagoya (Jap\u00f3n) se disputaron la sede de 1988,seg\u00fan reportan medios internacionales.<\/p>\n<p>Por su parte, Thomas Bach, presidente del COI, celebr\u00f3 la decisi\u00f3n de Los \u00c1ngeles aduciendo estar \u00abmuy felices de poder expandir el impacto del programa de deporte juvenil\u00bb.<\/p>\n<p style=\"text-align: right;\"><em><span style=\"color: #ff0000;\">VOANEWS<\/span><\/em><\/p>\n<\/div>\n","protected":false},"excerpt":{"rendered":"<p>LOS \u00c1NGELES, California.- Esta ciudad lleg\u00f3 a un acuerdo el lunes con el Comit\u00e9 Ol\u00edmpico internacional (COI), para ser por tercera vez la sede de los Jugos Ol\u00edmpicos en 2028. Par\u00eds entre tanto, ser\u00e1 la ciudad que recibir\u00e1 los ol\u00edmpicos en 2024. El Presidente de Estados Unidos Donald Trump, contempla que la ciudad norteamericana recibir\u00e1 [&hellip;]<\/p>\n","protected":false},"author":1,"featured_media":0,"comment_status":"open","ping_status":"open","sticky":false,"template":"","format":"standard","meta":{"_bbp_topic_count":0,"_bbp_reply_count":0,"_bbp_total_topic_count":0,"_bbp_total_reply_count":0,"_bbp_voice_count":0,"_bbp_anonymous_reply_count":0,"_bbp_topic_count_hidden":0,"_bbp_reply_count_hidden":0,"_bbp_forum_subforum_count":0,"footnotes":""},"categories":[42,60],"tags":[],"class_list":{"0":"post-292456","1":"post","2":"type-post","3":"status-publish","4":"format-standard","6":"category-deportes","7":"category-titulares-del-dia"},"_links":{"self":[{"href":"https:\/\/primermomento.com\/index.php?rest_route=\/wp\/v2\/posts\/292456","targetHints":{"allow":["GET"]}}],"collection":[{"href":"https:\/\/primermomento.com\/index.php?rest_route=\/wp\/v2\/posts"}],"about":[{"href":"https:\/\/primermomento.com\/index.php?rest_route=\/wp\/v2\/types\/post"}],"author":[{"embeddable":true,"href":"https:\/\/primermomento.com\/index.php?rest_route=\/wp\/v2\/users\/1"}],"replies":[{"embeddable":true,"href":"https:\/\/primermomento.com\/index.php?rest_route=%2Fwp%2Fv2%2Fcomments&post=292456"}],"version-history":[{"count":0,"href":"https:\/\/primermomento.com\/index.php?rest_route=\/wp\/v2\/posts\/292456\/revisions"}],"wp:attachment":[{"href":"https:\/\/primermomento.com\/index.php?rest_route=%2Fwp%2Fv2%2Fmedia&parent=292456"}],"wp:term":[{"taxonomy":"category","embeddable":true,"href":"https:\/\/primermomento.com\/index.php?rest_route=%2Fwp%2Fv2%2Fcategories&post=292456"},{"taxonomy":"post_tag","embeddable":true,"href":"https:\/\/primermomento.com\/index.php?rest_route=%2Fwp%2Fv2%2Ftags&post=292456"}],"curies":[{"name":"wp","href":"https:\/\/api.w.org\/{rel}","templated":true}]}}