{"id":292459,"date":"2017-07-31T17:35:27","date_gmt":"2017-07-31T21:35:27","guid":{"rendered":"http:\/\/primermomento.com\/?p=292459"},"modified":"2017-07-31T18:38:19","modified_gmt":"2017-07-31T22:38:19","slug":"casa-blanca-confirma-salida-de-director-de-comunicaciones","status":"publish","type":"post","link":"https:\/\/primermomento.com\/?p=292459","title":{"rendered":"Casa Blanca confirma salida de director de comunicaciones"},"content":{"rendered":"<div class=\"fullNewsIntrotext\">WASHINGTON, Distrito de Columbia.- La Casa Blanca confirm\u00f3 hoy que Anthony Scaramucci dejar\u00e1 su puesto como director de comunicaciones de la presidencia de Estados Unidos, y vincul\u00f3 su salida a la figura del nuevo jefe de Gabinete, John Kelly.<\/div>\n<div><\/div>\n<div class=\"fullNewsFulltext\">\n<figure id=\"attachment_292354\" aria-describedby=\"caption-attachment-292354\" style=\"width: 300px\" class=\"wp-caption alignleft\"><img loading=\"lazy\" decoding=\"async\" class=\"size-medium wp-image-292354\" src=\"http:\/\/primermomento.com\/wp-content\/uploads\/2017\/07\/Anthony-Scaramucci-300x200.jpg\" alt=\"\" width=\"300\" height=\"200\" srcset=\"https:\/\/primermomento.com\/wp-content\/uploads\/2017\/07\/Anthony-Scaramucci-300x200.jpg 300w, https:\/\/primermomento.com\/wp-content\/uploads\/2017\/07\/Anthony-Scaramucci-73x50.jpg 73w, https:\/\/primermomento.com\/wp-content\/uploads\/2017\/07\/Anthony-Scaramucci-500x333.jpg 500w, https:\/\/primermomento.com\/wp-content\/uploads\/2017\/07\/Anthony-Scaramucci-280x187.jpg 280w, https:\/\/primermomento.com\/wp-content\/uploads\/2017\/07\/Anthony-Scaramucci-60x40.jpg 60w, https:\/\/primermomento.com\/wp-content\/uploads\/2017\/07\/Anthony-Scaramucci-118x79.jpg 118w, https:\/\/primermomento.com\/wp-content\/uploads\/2017\/07\/Anthony-Scaramucci-479x319.jpg 479w, https:\/\/primermomento.com\/wp-content\/uploads\/2017\/07\/Anthony-Scaramucci.jpg 600w\" sizes=\"auto, (max-width: 300px) 100vw, 300px\" \/><figcaption id=\"caption-attachment-292354\" class=\"wp-caption-text\">Anthony Scaramucci.<\/figcaption><\/figure>\n<p>A trav\u00e9s de una declaraci\u00f3n emitida esta tarde, la secretaria de prensa de la mansi\u00f3n ejecutiva, Sarah Huckabee Sanders, sostuvo que el financista neoyorkino abandon\u00f3 el cargo al considerar que &#8216;era lo mejor&#8217; para darle al jefe de personal la oportunidad de comenzar de cero y construir su propio equipo.<\/p>\n<p>Le deseamos lo mejor, concluy\u00f3 la vocera en el breve comunicado, que se difunde solo 10 d\u00edas despu\u00e9s de que el presidente Donald Trump lo nombrara para esa posici\u00f3n.<\/p>\n<p>De acuerdo con la cadena CNN, un funcionario de la administraci\u00f3n dijo que Kelly quer\u00eda que Scaramucci fuera removido, porque no cre\u00eda que fuera disciplinado y consider\u00f3 que pondr\u00eda en peligro su credibilidad.<\/p>\n<p>Trump dio a conocer la designaci\u00f3n del neoyorkino el pasado 21 de julio para ocupar un puesto que permanec\u00eda vac\u00edo desde la dimisi\u00f3n de Mike Dubke el 30 de mayo pasado.<\/p>\n<p>La llegada de financista a la administraci\u00f3n tuvo como consecuencia la renuncia del secretario de prensa de la Casa Blanca, Sean Spicer, quien seg\u00fan reportes de prensa estuvo muy en desacuerdo con la decisi\u00f3n del jefe de Estado debido a sus tensas relaciones con el director.<\/p>\n<p>Durante los d\u00edas siguientes Scaramucci mantuvo una gran presencia medi\u00e1tica, que estuvo marcada por comentarios muy pol\u00e9micos, entre ellos los ataques al personal del Gobierno por las filtraciones a la prensa, y espec\u00edficamente al ex jefe de Gabinete Rience Priebus.<\/p>\n<p>El conflictivo v\u00ednculo entre Scaramucci y otras figuras cercanas al presidente fue visto como una de las razones por las que el presidente decidi\u00f3 sustituir al anterior jefe de personal y traer a Kelly el viernes pasado.<\/p>\n<p>La salida de Scaramucci es vista por varias fuentes como una se\u00f1al de que el nuevo encargado del Gabinete tendr\u00e1 libertad para imponer su propio orden, en medio de los que varias organizaciones period\u00edsticas consideran un Gobierno en caos.<\/p><\/div>\n<div><\/div>\n<div style=\"text-align: right;\"><span style=\"color: #ff0000;\"><em>PL<\/em><\/span><\/div>\n","protected":false},"excerpt":{"rendered":"<p>WASHINGTON, Distrito de Columbia.- La Casa Blanca confirm\u00f3 hoy que Anthony Scaramucci dejar\u00e1 su puesto como director de comunicaciones de la presidencia de Estados Unidos, y vincul\u00f3 su salida a la figura del nuevo jefe de Gabinete, John Kelly. A trav\u00e9s de una declaraci\u00f3n emitida esta tarde, la secretaria de prensa de la mansi\u00f3n ejecutiva, [&hellip;]<\/p>\n","protected":false},"author":1,"featured_media":0,"comment_status":"open","ping_status":"open","sticky":false,"template":"","format":"standard","meta":{"_bbp_topic_count":0,"_bbp_reply_count":0,"_bbp_total_topic_count":0,"_bbp_total_reply_count":0,"_bbp_voice_count":0,"_bbp_anonymous_reply_count":0,"_bbp_topic_count_hidden":0,"_bbp_reply_count_hidden":0,"_bbp_forum_subforum_count":0,"footnotes":""},"categories":[60,32],"tags":[],"class_list":{"0":"post-292459","1":"post","2":"type-post","3":"status-publish","4":"format-standard","6":"category-titulares-del-dia","7":"category-lo-ultimo"},"_links":{"self":[{"href":"https:\/\/primermomento.com\/index.php?rest_route=\/wp\/v2\/posts\/292459","targetHints":{"allow":["GET"]}}],"collection":[{"href":"https:\/\/primermomento.com\/index.php?rest_route=\/wp\/v2\/posts"}],"about":[{"href":"https:\/\/primermomento.com\/index.php?rest_route=\/wp\/v2\/types\/post"}],"author":[{"embeddable":true,"href":"https:\/\/primermomento.com\/index.php?rest_route=\/wp\/v2\/users\/1"}],"replies":[{"embeddable":true,"href":"https:\/\/primermomento.com\/index.php?rest_route=%2Fwp%2Fv2%2Fcomments&post=292459"}],"version-history":[{"count":0,"href":"https:\/\/primermomento.com\/index.php?rest_route=\/wp\/v2\/posts\/292459\/revisions"}],"wp:attachment":[{"href":"https:\/\/primermomento.com\/index.php?rest_route=%2Fwp%2Fv2%2Fmedia&parent=292459"}],"wp:term":[{"taxonomy":"category","embeddable":true,"href":"https:\/\/primermomento.com\/index.php?rest_route=%2Fwp%2Fv2%2Fcategories&post=292459"},{"taxonomy":"post_tag","embeddable":true,"href":"https:\/\/primermomento.com\/index.php?rest_route=%2Fwp%2Fv2%2Ftags&post=292459"}],"curies":[{"name":"wp","href":"https:\/\/api.w.org\/{rel}","templated":true}]}}