{"id":292461,"date":"2017-07-31T17:38:32","date_gmt":"2017-07-31T21:38:32","guid":{"rendered":"http:\/\/primermomento.com\/?p=292461"},"modified":"2017-07-31T18:43:23","modified_gmt":"2017-07-31T22:43:23","slug":"trump-estimo-inapropiados-comentarios-de-director-de-comunicaciones","status":"publish","type":"post","link":"https:\/\/primermomento.com\/?p=292461","title":{"rendered":"Trump estim\u00f3 inapropiados comentarios de director de comunicaciones"},"content":{"rendered":"<div class=\"fullNewsIntrotext\">WASHINGTON, Distrito de Columbia.- El presidente estadounidense Donald Trump consider\u00f3 inapropiados los comentarios del ex director de comunicaciones Anthony Scaramucci sobre otros miembros de la administraci\u00f3n, indic\u00f3 hoy la Casa Blanca en su habitual encuentro con los medios.<\/div>\n<div><\/div>\n<div class=\"fullNewsFulltext\">\n<figure id=\"attachment_292462\" aria-describedby=\"caption-attachment-292462\" style=\"width: 300px\" class=\"wp-caption alignleft\"><img loading=\"lazy\" decoding=\"async\" class=\"size-medium wp-image-292462\" src=\"http:\/\/primermomento.com\/wp-content\/uploads\/2017\/07\/Scaramucci-300x200.jpg\" alt=\"\" width=\"300\" height=\"200\" srcset=\"https:\/\/primermomento.com\/wp-content\/uploads\/2017\/07\/Scaramucci-300x200.jpg 300w, https:\/\/primermomento.com\/wp-content\/uploads\/2017\/07\/Scaramucci-73x50.jpg 73w, https:\/\/primermomento.com\/wp-content\/uploads\/2017\/07\/Scaramucci-500x333.jpg 500w, https:\/\/primermomento.com\/wp-content\/uploads\/2017\/07\/Scaramucci-280x186.jpg 280w, https:\/\/primermomento.com\/wp-content\/uploads\/2017\/07\/Scaramucci-60x40.jpg 60w, https:\/\/primermomento.com\/wp-content\/uploads\/2017\/07\/Scaramucci-638x425.jpg 638w, https:\/\/primermomento.com\/wp-content\/uploads\/2017\/07\/Scaramucci-118x79.jpg 118w, https:\/\/primermomento.com\/wp-content\/uploads\/2017\/07\/Scaramucci-479x319.jpg 479w, https:\/\/primermomento.com\/wp-content\/uploads\/2017\/07\/Scaramucci.jpg 748w\" sizes=\"auto, (max-width: 300px) 100vw, 300px\" \/><figcaption id=\"caption-attachment-292462\" class=\"wp-caption-text\">Anthony Scaramucci.<\/figcaption><\/figure>\n<p>La secretaria de prensa de la mansi\u00f3n ejecutiva, Sarah Huckabee Sanders, manifest\u00f3 que el presidente estim\u00f3 las declaraciones del financista neoyorkino como incorrectas para una persona en su posici\u00f3n.<\/p>\n<p>El director de comunicaciones, quien debi\u00f3 abandonar el cargo este lunes tras ser designado hace solo 10 d\u00edas, estuvo en el centro de un esc\u00e1ndalo la pasada semana a ra\u00edz de un reporte publicado en la revista The New Yorker.<\/p>\n<p>Un periodista de esa publicaci\u00f3n difundi\u00f3 detalles de un di\u00e1logo telef\u00f3nico con el nuevo director de comunicaciones, quien en la conversaci\u00f3n calific\u00f3 al ex jefe de Gabinete de la Presidencia, Reince Priebus, como &#8216;esquizofr\u00e9nico&#8217; y &#8216;paranoico&#8217;, entre otras ofensas.<\/p>\n<p>En ese mismo di\u00e1logo emple\u00f3 un lenguaje soez para referirse al principal estratega de Trump, Stephen Bannon, cuya lealtad hacia el mandatario cuestion\u00f3. Durante la conferencia de prensa de esta tarde, Huckabee Sanders dej\u00f3 ver que Scaramucci fue removido, porque el presidente no quer\u00eda agobiar a su nuevo jefe de Gabinete, John Kelly, quien comenz\u00f3 hoy en ese cargo.<\/p>\n<\/div>\n<div><\/div>\n<div style=\"text-align: right;\"><span style=\"color: #ff0000;\"><em>PL<\/em><\/span><\/div>\n","protected":false},"excerpt":{"rendered":"<p>WASHINGTON, Distrito de Columbia.- El presidente estadounidense Donald Trump consider\u00f3 inapropiados los comentarios del ex director de comunicaciones Anthony Scaramucci sobre otros miembros de la administraci\u00f3n, indic\u00f3 hoy la Casa Blanca en su habitual encuentro con los medios. La secretaria de prensa de la mansi\u00f3n ejecutiva, Sarah Huckabee Sanders, manifest\u00f3 que el presidente estim\u00f3 las [&hellip;]<\/p>\n","protected":false},"author":1,"featured_media":0,"comment_status":"open","ping_status":"open","sticky":false,"template":"","format":"standard","meta":{"_bbp_topic_count":0,"_bbp_reply_count":0,"_bbp_total_topic_count":0,"_bbp_total_reply_count":0,"_bbp_voice_count":0,"_bbp_anonymous_reply_count":0,"_bbp_topic_count_hidden":0,"_bbp_reply_count_hidden":0,"_bbp_forum_subforum_count":0,"footnotes":""},"categories":[60,31],"tags":[],"class_list":{"0":"post-292461","1":"post","2":"type-post","3":"status-publish","4":"format-standard","6":"category-titulares-del-dia","7":"category-estados-unidos"},"_links":{"self":[{"href":"https:\/\/primermomento.com\/index.php?rest_route=\/wp\/v2\/posts\/292461","targetHints":{"allow":["GET"]}}],"collection":[{"href":"https:\/\/primermomento.com\/index.php?rest_route=\/wp\/v2\/posts"}],"about":[{"href":"https:\/\/primermomento.com\/index.php?rest_route=\/wp\/v2\/types\/post"}],"author":[{"embeddable":true,"href":"https:\/\/primermomento.com\/index.php?rest_route=\/wp\/v2\/users\/1"}],"replies":[{"embeddable":true,"href":"https:\/\/primermomento.com\/index.php?rest_route=%2Fwp%2Fv2%2Fcomments&post=292461"}],"version-history":[{"count":0,"href":"https:\/\/primermomento.com\/index.php?rest_route=\/wp\/v2\/posts\/292461\/revisions"}],"wp:attachment":[{"href":"https:\/\/primermomento.com\/index.php?rest_route=%2Fwp%2Fv2%2Fmedia&parent=292461"}],"wp:term":[{"taxonomy":"category","embeddable":true,"href":"https:\/\/primermomento.com\/index.php?rest_route=%2Fwp%2Fv2%2Fcategories&post=292461"},{"taxonomy":"post_tag","embeddable":true,"href":"https:\/\/primermomento.com\/index.php?rest_route=%2Fwp%2Fv2%2Ftags&post=292461"}],"curies":[{"name":"wp","href":"https:\/\/api.w.org\/{rel}","templated":true}]}}