{"id":292471,"date":"2017-07-31T20:59:01","date_gmt":"2017-08-01T00:59:01","guid":{"rendered":"http:\/\/primermomento.com\/?p=292471"},"modified":"2017-07-31T20:59:01","modified_gmt":"2017-08-01T00:59:01","slug":"nicolas-maduro-rechaza-sanciones-de-estados-unidos","status":"publish","type":"post","link":"https:\/\/primermomento.com\/?p=292471","title":{"rendered":"Nicol\u00e1s Maduro rechaza sanciones de Estados Unidos"},"content":{"rendered":"<div class=\"fullNewsIntrotext\">CARACAS, Venezuela.- El presidente de Venezuela, Nicol\u00e1s Maduro, rechaz\u00f3 hoy aqu\u00ed las sanciones contra su persona dictadas por Estados Unidos, en represalia por la victoria contundente de la Asamblea Nacional Constituyente (ANC)<\/div>\n<div><\/div>\n<div class=\"fullNewsFulltext\">\n<figure id=\"attachment_292472\" aria-describedby=\"caption-attachment-292472\" style=\"width: 300px\" class=\"wp-caption alignleft\"><img loading=\"lazy\" decoding=\"async\" class=\"size-medium wp-image-292472\" src=\"http:\/\/primermomento.com\/wp-content\/uploads\/2017\/07\/maduro-rechaza-sanciones-300x200.jpg\" alt=\"\" width=\"300\" height=\"200\" srcset=\"https:\/\/primermomento.com\/wp-content\/uploads\/2017\/07\/maduro-rechaza-sanciones-300x200.jpg 300w, https:\/\/primermomento.com\/wp-content\/uploads\/2017\/07\/maduro-rechaza-sanciones-768x512.jpg 768w, https:\/\/primermomento.com\/wp-content\/uploads\/2017\/07\/maduro-rechaza-sanciones-73x50.jpg 73w, https:\/\/primermomento.com\/wp-content\/uploads\/2017\/07\/maduro-rechaza-sanciones-500x333.jpg 500w, https:\/\/primermomento.com\/wp-content\/uploads\/2017\/07\/maduro-rechaza-sanciones-280x187.jpg 280w, https:\/\/primermomento.com\/wp-content\/uploads\/2017\/07\/maduro-rechaza-sanciones-60x40.jpg 60w, https:\/\/primermomento.com\/wp-content\/uploads\/2017\/07\/maduro-rechaza-sanciones-638x425.jpg 638w, https:\/\/primermomento.com\/wp-content\/uploads\/2017\/07\/maduro-rechaza-sanciones-118x79.jpg 118w, https:\/\/primermomento.com\/wp-content\/uploads\/2017\/07\/maduro-rechaza-sanciones-479x319.jpg 479w, https:\/\/primermomento.com\/wp-content\/uploads\/2017\/07\/maduro-rechaza-sanciones.jpg 900w\" sizes=\"auto, (max-width: 300px) 100vw, 300px\" \/><figcaption id=\"caption-attachment-292472\" class=\"wp-caption-text\">El mandatario Nicol\u00e1s Maduro acompa\u00f1ado de la presidenta del Consejo Nacional Electoral. Foto | Fuente externa.<\/figcaption><\/figure>\n<p>En conferencia de prensa en el Consejo Nacional Electoral, el mandatario deslegitim\u00f3 las medidas punitivas de Washington, que incluyen el congelamiento de todos &#8216;los activos que Maduro pueda tener bajo jurisdicci\u00f3n estadounidense y la prohibici\u00f3n de transacciones financieras entre \u00e9l y ciudadanos norteamericanos&#8217;.<\/p>\n<p>&#8216;No obedezco \u00f3rdenes de gobiernos extranjeros&#8217;, afirm\u00f3 el mandatario venezolano en la sede del CNE, donde recibi\u00f3 una copia de los resultados parciales de los comicios, que se caracterizaron por una participaci\u00f3n de m\u00e1s de ocho millones de venezolanos.<\/p>\n<p>Tambi\u00e9n se\u00f1al\u00f3 que su compromiso es con el pueblo venezolano. &#8216;Soy el presidente independiente de una naci\u00f3n libre, la Rep\u00fablica Bolivariana de Venezuela&#8217;, ratific\u00f3.<\/p>\n<p>Por otra parte denunci\u00f3 el silencio de los medios de comunicaci\u00f3n privados sobre la fiesta electoral celebrada este domingo, los que se encuentran alineados -dijo- a la guerra de la derecha contra la institucionalidad del pa\u00eds.<\/p>\n<p>Al respecto pidi\u00f3 explicaciones a los due\u00f1os de las televisoras privadas Venevisi\u00f3n y Televen por no informar sobre el proceso electoral constituyente.<\/p>\n<p>Tambi\u00e9n critic\u00f3 los hechos de violencia que protagonizaron grupos afines a la oposici\u00f3n en algunas zonas para impedir el derecho al sufragio del pueblo.<\/p>\n<p>&#8216;Fueron quemadas 181 m\u00e1quinas electorales por parte de grupos violentos de derecha&#8217;, acot\u00f3.<\/p>\n<p>De igual modo signific\u00f3 la fortaleza de las instituciones democr\u00e1ticas de Venezuela, y en especial del Consejo Nacional Electoral.<\/p>\n<p>Maduro felicit\u00f3 nuevamente al pueblo venezolano por la muestra de civismo, patriotismo y amor a la Patria que demostr\u00f3 la v\u00edspera en las elecciones de la Asamblea Nacional Constituyente.<\/p><\/div>\n<div><\/div>\n<div style=\"text-align: right;\"><span style=\"color: #ff0000;\"><em>PL<\/em><\/span><\/div>\n","protected":false},"excerpt":{"rendered":"<p>CARACAS, Venezuela.- El presidente de Venezuela, Nicol\u00e1s Maduro, rechaz\u00f3 hoy aqu\u00ed las sanciones contra su persona dictadas por Estados Unidos, en represalia por la victoria contundente de la Asamblea Nacional Constituyente (ANC) En conferencia de prensa en el Consejo Nacional Electoral, el mandatario deslegitim\u00f3 las medidas punitivas de Washington, que incluyen el congelamiento de todos [&hellip;]<\/p>\n","protected":false},"author":1,"featured_media":0,"comment_status":"open","ping_status":"open","sticky":false,"template":"","format":"standard","meta":{"_bbp_topic_count":0,"_bbp_reply_count":0,"_bbp_total_topic_count":0,"_bbp_total_reply_count":0,"_bbp_voice_count":0,"_bbp_anonymous_reply_count":0,"_bbp_topic_count_hidden":0,"_bbp_reply_count_hidden":0,"_bbp_forum_subforum_count":0,"footnotes":""},"categories":[60,32],"tags":[],"class_list":{"0":"post-292471","1":"post","2":"type-post","3":"status-publish","4":"format-standard","6":"category-titulares-del-dia","7":"category-lo-ultimo"},"_links":{"self":[{"href":"https:\/\/primermomento.com\/index.php?rest_route=\/wp\/v2\/posts\/292471","targetHints":{"allow":["GET"]}}],"collection":[{"href":"https:\/\/primermomento.com\/index.php?rest_route=\/wp\/v2\/posts"}],"about":[{"href":"https:\/\/primermomento.com\/index.php?rest_route=\/wp\/v2\/types\/post"}],"author":[{"embeddable":true,"href":"https:\/\/primermomento.com\/index.php?rest_route=\/wp\/v2\/users\/1"}],"replies":[{"embeddable":true,"href":"https:\/\/primermomento.com\/index.php?rest_route=%2Fwp%2Fv2%2Fcomments&post=292471"}],"version-history":[{"count":0,"href":"https:\/\/primermomento.com\/index.php?rest_route=\/wp\/v2\/posts\/292471\/revisions"}],"wp:attachment":[{"href":"https:\/\/primermomento.com\/index.php?rest_route=%2Fwp%2Fv2%2Fmedia&parent=292471"}],"wp:term":[{"taxonomy":"category","embeddable":true,"href":"https:\/\/primermomento.com\/index.php?rest_route=%2Fwp%2Fv2%2Fcategories&post=292471"},{"taxonomy":"post_tag","embeddable":true,"href":"https:\/\/primermomento.com\/index.php?rest_route=%2Fwp%2Fv2%2Ftags&post=292471"}],"curies":[{"name":"wp","href":"https:\/\/api.w.org\/{rel}","templated":true}]}}