{"id":292477,"date":"2017-08-01T06:13:50","date_gmt":"2017-08-01T10:13:50","guid":{"rendered":"http:\/\/primermomento.com\/?p=292477"},"modified":"2017-08-01T06:13:50","modified_gmt":"2017-08-01T10:13:50","slug":"detienen-nuevamente-a-leopoldo-lopez-y-antonio-ledezma","status":"publish","type":"post","link":"https:\/\/primermomento.com\/?p=292477","title":{"rendered":"Detienen nuevamente a Leopoldo L\u00f3pez y Antonio Ledezma"},"content":{"rendered":"<p>CARACAS, Venezuela.- Los dirigentes opositores venezolanos Leopoldo L\u00f3pez y Antonio Ledezma fueron sacados a la medianoche de lunes desde sus casas, donde permanec\u00edan bajo arresto domiciliario, denunciaron el martes en la madrugada la esposa de L\u00f3pez y la hija de Ledezma en sus cuentas de Twitter.<\/p>\n<p><img loading=\"lazy\" decoding=\"async\" class=\"size-medium wp-image-292478 alignleft\" src=\"http:\/\/primermomento.com\/wp-content\/uploads\/2017\/08\/arresto-leopoldo-lopez-300x170.jpg\" alt=\"\" width=\"300\" height=\"170\" srcset=\"https:\/\/primermomento.com\/wp-content\/uploads\/2017\/08\/arresto-leopoldo-lopez-300x170.jpg 300w, https:\/\/primermomento.com\/wp-content\/uploads\/2017\/08\/arresto-leopoldo-lopez-478x270.jpg 478w, https:\/\/primermomento.com\/wp-content\/uploads\/2017\/08\/arresto-leopoldo-lopez-500x283.jpg 500w, https:\/\/primermomento.com\/wp-content\/uploads\/2017\/08\/arresto-leopoldo-lopez-280x158.jpg 280w, https:\/\/primermomento.com\/wp-content\/uploads\/2017\/08\/arresto-leopoldo-lopez-118x67.jpg 118w, https:\/\/primermomento.com\/wp-content\/uploads\/2017\/08\/arresto-leopoldo-lopez-479x271.jpg 479w, https:\/\/primermomento.com\/wp-content\/uploads\/2017\/08\/arresto-leopoldo-lopez.jpg 599w\" sizes=\"auto, (max-width: 300px) 100vw, 300px\" \/>Las detenciones, ejecutadas como si se tratara de un secuestro, fueron llevadas a cabos por agentes del servicio de inteligencia pol\u00edtica, Sebin, y parecieron ser la respuesta del r\u00e9gimen de Nicol\u00e1s Maduro a las sanciones impuestas el lunes por Estados Unidos y a la presi\u00f3n de la comunidad internacional que ha desconocido las elecciones de la Asamblea Constituyente realizada el domingo.<\/p>\n<p>Un video subido a la cuenta de Twitter de la Lilian Tintori, esposa de L\u00f3pez, muestra a agentes de las fuerzas estatales de seguridad sacando a un hombre de una vivienda en Caracas.<\/p>\n<p>\u201cSe acaban de llevar a Leopoldo de la casa. No sabemos d\u00f3nde est\u00e1 ni a d\u00f3nde lo llevan\u201d, tuite\u00f3 Tintori.<\/p>\n<p>\u00ab(A las) 12:27 de la madrugada: Momento en el que la dictadura secuestra a Leopoldo en mi casa. No lo van a doblegar!\u00bb, agreg\u00f3, responsabilizando al presidente venezolano, Nicol\u00e1s Maduro, \u00absi algo le pasa\u00bb.<\/p>\n<p><img loading=\"lazy\" decoding=\"async\" class=\"size-medium wp-image-292479 alignright\" src=\"http:\/\/primermomento.com\/wp-content\/uploads\/2017\/08\/arresto-ledesma-300x165.jpg\" alt=\"\" width=\"300\" height=\"165\" srcset=\"https:\/\/primermomento.com\/wp-content\/uploads\/2017\/08\/arresto-ledesma-300x165.jpg 300w, https:\/\/primermomento.com\/wp-content\/uploads\/2017\/08\/arresto-ledesma-216x120.jpg 216w, https:\/\/primermomento.com\/wp-content\/uploads\/2017\/08\/arresto-ledesma-500x275.jpg 500w, https:\/\/primermomento.com\/wp-content\/uploads\/2017\/08\/arresto-ledesma-280x154.jpg 280w, https:\/\/primermomento.com\/wp-content\/uploads\/2017\/08\/arresto-ledesma-118x65.jpg 118w, https:\/\/primermomento.com\/wp-content\/uploads\/2017\/08\/arresto-ledesma-479x263.jpg 479w, https:\/\/primermomento.com\/wp-content\/uploads\/2017\/08\/arresto-ledesma.jpg 600w\" sizes=\"auto, (max-width: 300px) 100vw, 300px\" \/>Otro video similar de Vanessa Ledezma, la hija del alcalde, dejaba ver c\u00f3mo empujaban a su padre en pijama las puertas de su residencia mientras gritan a los vecinos para ponerlos en alerta.<\/p>\n<p>Vanessa Ledezma luego escribi\u00f3 en su cuenta de Twitter \u00ab\u201cAy\u00fadenme! Hago responsable a Nicol\u00e1s Maduro de la vida de mi padre, el sebin [servicio de inteligencia] se lo acaba de llevar. Que el mundo entera lo sepa!#SOS\u201d.<\/p>\n<p>L\u00f3pez fue detenido hace tres a\u00f1os tras protestas contra el gobierno del presidente, Nicol\u00e1s Maduro, y condenado a m\u00e1s de diez a\u00f1os de prisi\u00f3n, acusado de incitar a la violencia a los manifestantes. Fue liberado el mes pasado para cumplir el resto de su condena bajo arresto domiciliario.<\/p>\n<p>Ledezma, exalcalde del municipio Libertador de Caracas, tambi\u00e9n fue detenido en febrero de 2015, permaneci\u00f3 cuatro meses en la c\u00e1rcel y luego fue puesto en arresto domiciliario en mayo de ese mismo a\u00f1o.<\/p>\n<p>El Ministerio de Informaci\u00f3n no ofreci\u00f3 de inmediato datos sobre las detenciones.<\/p>\n<p>El abogado de L\u00f3pez, Juan Guti\u00e9rrez, asegur\u00f3 en Twitter que \u00abno existe justificaci\u00f3n legal para revocar la medida de arresto domiciliario\u00bb a su defendido.<\/p>\n<p>Ambos dirigentes pol\u00edticos hab\u00edan difundido en las \u00faltimas jornadas mensajes para alentar las manifestaciones contra el Gobierno socialista del pa\u00eds, que persisten desde hace m\u00e1s de 120 d\u00edas y han dejado m\u00e1s de un centenar de fallecidos.<\/p>\n<p style=\"text-align: right;\"><em><span style=\"color: #ff0000;\">VOANEWS<\/span><\/em><\/p>\n","protected":false},"excerpt":{"rendered":"<p>CARACAS, Venezuela.- Los dirigentes opositores venezolanos Leopoldo L\u00f3pez y Antonio Ledezma fueron sacados a la medianoche de lunes desde sus casas, donde permanec\u00edan bajo arresto domiciliario, denunciaron el martes en la madrugada la esposa de L\u00f3pez y la hija de Ledezma en sus cuentas de Twitter. Las detenciones, ejecutadas como si se tratara de un [&hellip;]<\/p>\n","protected":false},"author":1,"featured_media":0,"comment_status":"open","ping_status":"open","sticky":false,"template":"","format":"standard","meta":{"_bbp_topic_count":0,"_bbp_reply_count":0,"_bbp_total_topic_count":0,"_bbp_total_reply_count":0,"_bbp_voice_count":0,"_bbp_anonymous_reply_count":0,"_bbp_topic_count_hidden":0,"_bbp_reply_count_hidden":0,"_bbp_forum_subforum_count":0,"footnotes":""},"categories":[30,60],"tags":[],"class_list":{"0":"post-292477","1":"post","2":"type-post","3":"status-publish","4":"format-standard","6":"category-actualidad","7":"category-titulares-del-dia"},"_links":{"self":[{"href":"https:\/\/primermomento.com\/index.php?rest_route=\/wp\/v2\/posts\/292477","targetHints":{"allow":["GET"]}}],"collection":[{"href":"https:\/\/primermomento.com\/index.php?rest_route=\/wp\/v2\/posts"}],"about":[{"href":"https:\/\/primermomento.com\/index.php?rest_route=\/wp\/v2\/types\/post"}],"author":[{"embeddable":true,"href":"https:\/\/primermomento.com\/index.php?rest_route=\/wp\/v2\/users\/1"}],"replies":[{"embeddable":true,"href":"https:\/\/primermomento.com\/index.php?rest_route=%2Fwp%2Fv2%2Fcomments&post=292477"}],"version-history":[{"count":0,"href":"https:\/\/primermomento.com\/index.php?rest_route=\/wp\/v2\/posts\/292477\/revisions"}],"wp:attachment":[{"href":"https:\/\/primermomento.com\/index.php?rest_route=%2Fwp%2Fv2%2Fmedia&parent=292477"}],"wp:term":[{"taxonomy":"category","embeddable":true,"href":"https:\/\/primermomento.com\/index.php?rest_route=%2Fwp%2Fv2%2Fcategories&post=292477"},{"taxonomy":"post_tag","embeddable":true,"href":"https:\/\/primermomento.com\/index.php?rest_route=%2Fwp%2Fv2%2Ftags&post=292477"}],"curies":[{"name":"wp","href":"https:\/\/api.w.org\/{rel}","templated":true}]}}