{"id":292487,"date":"2017-08-02T07:30:36","date_gmt":"2017-08-02T11:30:36","guid":{"rendered":"http:\/\/primermomento.com\/?p=292487"},"modified":"2017-08-02T07:30:36","modified_gmt":"2017-08-02T11:30:36","slug":"gobierno-de-maduro-instala-hoy-la-constituyente-oposicion-se-resiste","status":"publish","type":"post","link":"https:\/\/primermomento.com\/?p=292487","title":{"rendered":"Gobierno de Maduro instala hoy la Constituyente; oposici\u00f3n se resiste"},"content":{"rendered":"<p>CARACAS, Venezuela.- El gobierno del presidente Nicol\u00e1s Maduro tiene previsto instalar este mi\u00e9rcoles la Asamblea Constituyente en el Palacio Federal Legislativo, el mismo edificio en que opera regularmente la Asamblea Nacional que controla la oposici\u00f3n, la cual podr\u00eda ser desaloja por la fuerza.<\/p>\n<figure id=\"attachment_292488\" aria-describedby=\"caption-attachment-292488\" style=\"width: 300px\" class=\"wp-caption alignleft\"><img loading=\"lazy\" decoding=\"async\" class=\"size-medium wp-image-292488\" src=\"http:\/\/primermomento.com\/wp-content\/uploads\/2017\/08\/constituyente-venezuela-300x169.jpg\" alt=\"\" width=\"300\" height=\"169\" srcset=\"https:\/\/primermomento.com\/wp-content\/uploads\/2017\/08\/constituyente-venezuela-300x169.jpg 300w, https:\/\/primermomento.com\/wp-content\/uploads\/2017\/08\/constituyente-venezuela-768x432.jpg 768w, https:\/\/primermomento.com\/wp-content\/uploads\/2017\/08\/constituyente-venezuela-478x270.jpg 478w, https:\/\/primermomento.com\/wp-content\/uploads\/2017\/08\/constituyente-venezuela-500x281.jpg 500w, https:\/\/primermomento.com\/wp-content\/uploads\/2017\/08\/constituyente-venezuela-280x157.jpg 280w, https:\/\/primermomento.com\/wp-content\/uploads\/2017\/08\/constituyente-venezuela-638x359.jpg 638w, https:\/\/primermomento.com\/wp-content\/uploads\/2017\/08\/constituyente-venezuela-118x66.jpg 118w, https:\/\/primermomento.com\/wp-content\/uploads\/2017\/08\/constituyente-venezuela-479x269.jpg 479w, https:\/\/primermomento.com\/wp-content\/uploads\/2017\/08\/constituyente-venezuela.jpg 1023w\" sizes=\"auto, (max-width: 300px) 100vw, 300px\" \/><figcaption id=\"caption-attachment-292488\" class=\"wp-caption-text\">La Asamblea Nacional controlada por la oposici\u00f3n aprob\u00f3 una resoluci\u00f3n en la que se compromete a tomar \u201ctodas las medidas y acciones para deponer a la Asamblea Constituyente como poder leg\u00edtimo\u201d.<\/figcaption><\/figure>\n<p>\u201cEn pocas horas, dios mediante, se instalar\u00e1 y tomar\u00e1 la direcci\u00f3n pol\u00edtica y de gobierno de este proceso revolucionario\u00bb, dijo el martes el vicepresidente de Venezuela, Tareck El Aissami en un mensaje por la televisi\u00f3n estatal, en el que no dio detalles de qu\u00e9 piensa hacer el gobierno.<\/p>\n<p>El ministro de Defensa, Vladimir Padrino, tambi\u00e9n apareci\u00f3 en la televisi\u00f3n para reafirmar su lealtad a Maduro y al proceso de la Constituyente.<\/p>\n<p>\u00abPedimos respeto para nuestra democracia, por el camino que se ha decidido tomar que nos merece la paz, en democracia, con tolerancia, sin violencia y sin que nos lleve a un golpe de Estado\u00bb, dijo Padrino.<\/p>\n<p>Horas antes, la Asamblea Nacional controlada por la oposici\u00f3n aprob\u00f3 una resoluci\u00f3n en la que se compromete a tomar \u201ctodas las medidas y acciones para deponer a la Asamblea Constituyente como poder leg\u00edtimo\u201d.<\/p>\n<p>La resoluci\u00f3n dice tambi\u00e9n que \u201cel pueblo desconocer\u00e1 toda forma de gobierno desp\u00f3tico que derive de la [nueva Asamblea Constituyente]\u201d, advierte que el pa\u00eds no le \u201cdebe obediencia alguna\u201d a ese cuerpo y establece que \u201csolo ser\u00e1n reconocidas las autoridades que surjan de elecciones democr\u00e1ticas libres\u201d.<\/p>\n<p>Los embajadores de M\u00e9xico, Espa\u00f1a, Reino Unido y Francia estuvieron acompa\u00f1ando a los diputados opositores en su sesi\u00f3n del martes, en un mensaje de apoyo de la comunidad internacional que se multiplic\u00f3 desde la elecci\u00f3n del domingo y que fue subrayado por las fuertes condenas a las recapturas de los l\u00edderes opositores Leopoldo L\u00f3pez y Antonio Ledezma, la madrugada del lunes.<\/p>\n<p>Maduro ha dicho que una de las primeras actuaciones de la Constituyente deber\u00e1 ser la disoluci\u00f3n del Legislativo y el levantamiento del fuero de los parlamentarios, pero tambi\u00e9n ha advertido que la c\u00e1rcel espera a quienes se opongan a sus designios.<\/p>\n<p style=\"text-align: right;\"><span style=\"color: #ff0000;\"><em>VOANEWS<\/em><\/span><\/p>\n","protected":false},"excerpt":{"rendered":"<p>CARACAS, Venezuela.- El gobierno del presidente Nicol\u00e1s Maduro tiene previsto instalar este mi\u00e9rcoles la Asamblea Constituyente en el Palacio Federal Legislativo, el mismo edificio en que opera regularmente la Asamblea Nacional que controla la oposici\u00f3n, la cual podr\u00eda ser desaloja por la fuerza. \u201cEn pocas horas, dios mediante, se instalar\u00e1 y tomar\u00e1 la direcci\u00f3n pol\u00edtica [&hellip;]<\/p>\n","protected":false},"author":1,"featured_media":0,"comment_status":"open","ping_status":"open","sticky":false,"template":"","format":"standard","meta":{"_bbp_topic_count":0,"_bbp_reply_count":0,"_bbp_total_topic_count":0,"_bbp_total_reply_count":0,"_bbp_voice_count":0,"_bbp_anonymous_reply_count":0,"_bbp_topic_count_hidden":0,"_bbp_reply_count_hidden":0,"_bbp_forum_subforum_count":0,"footnotes":""},"categories":[60,31],"tags":[],"class_list":{"0":"post-292487","1":"post","2":"type-post","3":"status-publish","4":"format-standard","6":"category-titulares-del-dia","7":"category-estados-unidos"},"_links":{"self":[{"href":"https:\/\/primermomento.com\/index.php?rest_route=\/wp\/v2\/posts\/292487","targetHints":{"allow":["GET"]}}],"collection":[{"href":"https:\/\/primermomento.com\/index.php?rest_route=\/wp\/v2\/posts"}],"about":[{"href":"https:\/\/primermomento.com\/index.php?rest_route=\/wp\/v2\/types\/post"}],"author":[{"embeddable":true,"href":"https:\/\/primermomento.com\/index.php?rest_route=\/wp\/v2\/users\/1"}],"replies":[{"embeddable":true,"href":"https:\/\/primermomento.com\/index.php?rest_route=%2Fwp%2Fv2%2Fcomments&post=292487"}],"version-history":[{"count":0,"href":"https:\/\/primermomento.com\/index.php?rest_route=\/wp\/v2\/posts\/292487\/revisions"}],"wp:attachment":[{"href":"https:\/\/primermomento.com\/index.php?rest_route=%2Fwp%2Fv2%2Fmedia&parent=292487"}],"wp:term":[{"taxonomy":"category","embeddable":true,"href":"https:\/\/primermomento.com\/index.php?rest_route=%2Fwp%2Fv2%2Fcategories&post=292487"},{"taxonomy":"post_tag","embeddable":true,"href":"https:\/\/primermomento.com\/index.php?rest_route=%2Fwp%2Fv2%2Ftags&post=292487"}],"curies":[{"name":"wp","href":"https:\/\/api.w.org\/{rel}","templated":true}]}}