{"id":292494,"date":"2017-08-02T04:34:32","date_gmt":"2017-08-02T08:34:32","guid":{"rendered":"http:\/\/primermomento.com\/?p=292494"},"modified":"2017-08-02T07:38:57","modified_gmt":"2017-08-02T11:38:57","slug":"volquez-se-pierde-resto-de-temporada-en-grandes-ligas","status":"publish","type":"post","link":"https:\/\/primermomento.com\/?p=292494","title":{"rendered":"V\u00f3lquez se pierde resto de temporada en Grandes Ligas"},"content":{"rendered":"<div class=\"fullNewsIntrotext\">MIAMI, Florida.- El pitcher dominicano Edinson V\u00f3lquez, autor del \u00fanico juego sin hits ni carretas en la actual temporada de las Grandes Ligas, no volver\u00e1 a lanzar este a\u00f1o, inform\u00f3 Don Mattingly, manager de los Marlins de Miami.<\/div>\n<div><\/div>\n<div class=\"fullNewsFulltext\">\n<figure id=\"attachment_290831\" aria-describedby=\"caption-attachment-290831\" style=\"width: 300px\" class=\"wp-caption alignleft\"><img loading=\"lazy\" decoding=\"async\" class=\"size-medium wp-image-290831\" src=\"http:\/\/primermomento.com\/wp-content\/uploads\/2017\/06\/Edinson-V\u00f3lquez2-300x199.jpg\" alt=\"\" width=\"300\" height=\"199\" srcset=\"https:\/\/primermomento.com\/wp-content\/uploads\/2017\/06\/Edinson-V\u00f3lquez2-300x199.jpg 300w, https:\/\/primermomento.com\/wp-content\/uploads\/2017\/06\/Edinson-V\u00f3lquez2-500x332.jpg 500w, https:\/\/primermomento.com\/wp-content\/uploads\/2017\/06\/Edinson-V\u00f3lquez2-280x186.jpg 280w, https:\/\/primermomento.com\/wp-content\/uploads\/2017\/06\/Edinson-V\u00f3lquez2-60x40.jpg 60w, https:\/\/primermomento.com\/wp-content\/uploads\/2017\/06\/Edinson-V\u00f3lquez2-118x78.jpg 118w, https:\/\/primermomento.com\/wp-content\/uploads\/2017\/06\/Edinson-V\u00f3lquez2-479x318.jpg 479w, https:\/\/primermomento.com\/wp-content\/uploads\/2017\/06\/Edinson-V\u00f3lquez2-153x100.jpg 153w, https:\/\/primermomento.com\/wp-content\/uploads\/2017\/06\/Edinson-V\u00f3lquez2.jpg 620w\" sizes=\"auto, (max-width: 300px) 100vw, 300px\" \/><figcaption id=\"caption-attachment-290831\" class=\"wp-caption-text\">Edinson V\u00f3lquez.<\/figcaption><\/figure>\n<p>Una lesi\u00f3n en la rodilla sac\u00f3 al derecho del juego diario desde el 17 de julio y no se descarta la posibilidad de una intervenci\u00f3n quir\u00fargica.<\/p>\n<p>El dominicano, designado por los peces para abrir el juego inaugural de la campa\u00f1a, tuvo un balance de 4-8 y una efectividad de 4.19 en 17 aperturas.<\/p>\n<p>Los Marlins tambi\u00e9n perdieron para lo que queda de competencia al torpedero J.T. Riddle, mientras el primera base Justin Bour estar\u00e1 entre cuatro y seis semanas de baja, en ambos casos debido a dolencias musculares, precis\u00f3 Mattingly.<\/p>\n<p>La franquicia del sur de la Florida, que en principio parec\u00eda con aspiraciones de incluirse en la postemporada, pudiera sumar su octava campa\u00f1a consecutiva con foja perdedora.<\/p>\n<\/div>\n<div><\/div>\n<div style=\"text-align: right;\"><span style=\"color: #ff0000;\"><em>PL<\/em><\/span><\/div>\n","protected":false},"excerpt":{"rendered":"<p>MIAMI, Florida.- El pitcher dominicano Edinson V\u00f3lquez, autor del \u00fanico juego sin hits ni carretas en la actual temporada de las Grandes Ligas, no volver\u00e1 a lanzar este a\u00f1o, inform\u00f3 Don Mattingly, manager de los Marlins de Miami. Una lesi\u00f3n en la rodilla sac\u00f3 al derecho del juego diario desde el 17 de julio y [&hellip;]<\/p>\n","protected":false},"author":1,"featured_media":0,"comment_status":"open","ping_status":"open","sticky":false,"template":"","format":"standard","meta":{"_bbp_topic_count":0,"_bbp_reply_count":0,"_bbp_total_topic_count":0,"_bbp_total_reply_count":0,"_bbp_voice_count":0,"_bbp_anonymous_reply_count":0,"_bbp_topic_count_hidden":0,"_bbp_reply_count_hidden":0,"_bbp_forum_subforum_count":0,"footnotes":""},"categories":[42,60],"tags":[],"class_list":{"0":"post-292494","1":"post","2":"type-post","3":"status-publish","4":"format-standard","6":"category-deportes","7":"category-titulares-del-dia"},"_links":{"self":[{"href":"https:\/\/primermomento.com\/index.php?rest_route=\/wp\/v2\/posts\/292494","targetHints":{"allow":["GET"]}}],"collection":[{"href":"https:\/\/primermomento.com\/index.php?rest_route=\/wp\/v2\/posts"}],"about":[{"href":"https:\/\/primermomento.com\/index.php?rest_route=\/wp\/v2\/types\/post"}],"author":[{"embeddable":true,"href":"https:\/\/primermomento.com\/index.php?rest_route=\/wp\/v2\/users\/1"}],"replies":[{"embeddable":true,"href":"https:\/\/primermomento.com\/index.php?rest_route=%2Fwp%2Fv2%2Fcomments&post=292494"}],"version-history":[{"count":0,"href":"https:\/\/primermomento.com\/index.php?rest_route=\/wp\/v2\/posts\/292494\/revisions"}],"wp:attachment":[{"href":"https:\/\/primermomento.com\/index.php?rest_route=%2Fwp%2Fv2%2Fmedia&parent=292494"}],"wp:term":[{"taxonomy":"category","embeddable":true,"href":"https:\/\/primermomento.com\/index.php?rest_route=%2Fwp%2Fv2%2Fcategories&post=292494"},{"taxonomy":"post_tag","embeddable":true,"href":"https:\/\/primermomento.com\/index.php?rest_route=%2Fwp%2Fv2%2Ftags&post=292494"}],"curies":[{"name":"wp","href":"https:\/\/api.w.org\/{rel}","templated":true}]}}