{"id":292497,"date":"2017-08-02T05:39:06","date_gmt":"2017-08-02T09:39:06","guid":{"rendered":"http:\/\/primermomento.com\/?p=292497"},"modified":"2017-08-02T07:42:07","modified_gmt":"2017-08-02T11:42:07","slug":"denuncian-represion-contra-trabajadores-caneros-de-origen-haitiano","status":"publish","type":"post","link":"https:\/\/primermomento.com\/?p=292497","title":{"rendered":"Denuncian represi\u00f3n contra trabajadores ca\u00f1eros de origen haitiano"},"content":{"rendered":"<div class=\"fullNewsIntrotext\">SANTO DOMINGO, Rep\u00fablica Dominicana.- La Uni\u00f3n Nacional de Trabajadores Ca\u00f1eros (UTC) denunci\u00f3 la brutal represi\u00f3n policial aplicada contra una manifestaci\u00f3n pac\u00edfica que reclamaba cumplir con los tratados referidos a la contrataci\u00f3n de jornaleros.<\/div>\n<div><\/div>\n<div class=\"fullNewsFulltext\">\n<figure id=\"attachment_292498\" aria-describedby=\"caption-attachment-292498\" style=\"width: 300px\" class=\"wp-caption alignleft\"><img loading=\"lazy\" decoding=\"async\" class=\"size-medium wp-image-292498\" src=\"http:\/\/primermomento.com\/wp-content\/uploads\/2017\/08\/David-Michel-300x200.jpg\" alt=\"\" width=\"300\" height=\"200\" srcset=\"https:\/\/primermomento.com\/wp-content\/uploads\/2017\/08\/David-Michel-300x200.jpg 300w, https:\/\/primermomento.com\/wp-content\/uploads\/2017\/08\/David-Michel-73x50.jpg 73w, https:\/\/primermomento.com\/wp-content\/uploads\/2017\/08\/David-Michel-500x333.jpg 500w, https:\/\/primermomento.com\/wp-content\/uploads\/2017\/08\/David-Michel-280x186.jpg 280w, https:\/\/primermomento.com\/wp-content\/uploads\/2017\/08\/David-Michel-60x40.jpg 60w, https:\/\/primermomento.com\/wp-content\/uploads\/2017\/08\/David-Michel-638x425.jpg 638w, https:\/\/primermomento.com\/wp-content\/uploads\/2017\/08\/David-Michel-118x79.jpg 118w, https:\/\/primermomento.com\/wp-content\/uploads\/2017\/08\/David-Michel-479x319.jpg 479w, https:\/\/primermomento.com\/wp-content\/uploads\/2017\/08\/David-Michel.jpg 748w\" sizes=\"auto, (max-width: 300px) 100vw, 300px\" \/><figcaption id=\"caption-attachment-292498\" class=\"wp-caption-text\">David Michel.<\/figcaption><\/figure>\n<p>La agresi\u00f3n fue perpetrada por un contingente antimot\u00edn de la Polic\u00eda dominicana que sali\u00f3 sorpresivamente del parqueo del Ministerio de Interior y Polic\u00eda, se desmont\u00f3 del cami\u00f3n y sin mediar palabras comenz\u00f3 a disparar bombas de gases y tiros contra los ca\u00f1eros, denunci\u00f3 la UTC.<\/p>\n<p>Como consecuencia de las bombas lanzadas, una de ellas impact\u00f3 en la mand\u00edbula del ca\u00f1ero David Michel, de 67 a\u00f1os de edad, que permanece ingresado en el Hospital Dar\u00edo Contreras, apunt\u00f3 un comunicado de la UTC entregado a Prensa Latina junto a una foto de la v\u00edctima.<\/p>\n<p>Tambi\u00e9n la fuerza represiva lesion\u00f3 en un brazo a otro ca\u00f1ero mayor de edad, caus\u00f3 da\u00f1o en una pierna a un tercero y los gases provocaron en decenas de manifestantes v\u00f3mitos, asfixia temporal, ardor en los ojos y el rostro, denuncia el texto.<\/p>\n<p>Asimismo fue agredido f\u00edsicamente el Coordinador Nacional de la UTC, Jes\u00fas N\u00fa\u00f1ez, a quien adem\u00e1s apresaron por unas horas, explica en el documento la organizaci\u00f3n de jornaleros de origen haitiano.<\/p>\n<p>El prop\u00f3sito de la marcha pac\u00edfica de los ca\u00f1eros era entregar al Ministro de Interior y Polic\u00eda, Carlos Amarante Baret, un documento donde exig\u00edan se cumpla con los tratados y acuerdos internacionales entre este pa\u00eds y Hait\u00ed sobre contrataci\u00f3n de jornaleros.<\/p>\n<p>Cumplir con dichos acuerdos significa otorgar la residencia permanente a m\u00e1s de 50 mil trabajadores ca\u00f1eros, esposas e hijos que residen en los bateyes, explic\u00f3 el texto.<\/p>\n<p>La misiva record\u00f3 que los ca\u00f1eros han trabajado durante d\u00e9cadas en los ingenios del Consejo Estatal del Az\u00facar (CEA), en el Central Romana y en el Crist\u00f3bal Col\u00f3n, y son contribuyentes para la Seguridad Social.<\/p>\n<p>Tambi\u00e9n le recordaba a Amarante que las comisiones de Jubilaciones y Pensiones, de Interior y Polic\u00eda y del Palacio Nacional acordaron en noviembre del a\u00f1o 2014 otorgar la residencia permanente a m\u00e1s de cinco mil trabajadores ca\u00f1eros pensionados.<\/p>\n<p>El texto se\u00f1ala que no es l\u00f3gico, ni justo que a los ca\u00f1eros se les niegue sus derechos ciudadanos adquiridos y le recuerda al funcionario que cumplir con los acuerdos migratorios es actuar conforme a las leyes y a la Constituci\u00f3n dominicana.<\/p>\n<p>En su comunicado, la UTC responsabiliz\u00f3 al Ministerio de Interior y Polic\u00eda por la agresi\u00f3n contra los pac\u00edficos manifestantes, aclar\u00f3 que la represi\u00f3n no detendr\u00e1 la lucha de los ca\u00f1eros y le record\u00f3 que los derechos adquiridos no se atacan ni se violan.<\/p>\n<p>En tal sentido, la UTC anunci\u00f3 p\u00fablicamente que para el lunes 14 de Agosto 2017 los ca\u00f1eros marchar\u00e1n nuevamente hacia el Ministerio de Interior y Polic\u00eda a exigir las documentaciones (residencia permanente) que por ley les pertenece.<\/p>\n<p>Continuaremos realizando marchas y concentraciones ante los s\u00edmbolos del poder (Palacio Nacional, el Congreso, Ministerio de Haciendas, Ministerio de Interior y Polic\u00eda, y otros) porque \u00c2\u00edLos ca\u00f1eros ni se cansan ni se rinden!, se\u00f1ala el comunicado.<\/p><\/div>\n<div><\/div>\n<div style=\"text-align: right;\"><span style=\"color: #ff0000;\"><em>PL<\/em><\/span><\/div>\n","protected":false},"excerpt":{"rendered":"<p>SANTO DOMINGO, Rep\u00fablica Dominicana.- La Uni\u00f3n Nacional de Trabajadores Ca\u00f1eros (UTC) denunci\u00f3 la brutal represi\u00f3n policial aplicada contra una manifestaci\u00f3n pac\u00edfica que reclamaba cumplir con los tratados referidos a la contrataci\u00f3n de jornaleros. La agresi\u00f3n fue perpetrada por un contingente antimot\u00edn de la Polic\u00eda dominicana que sali\u00f3 sorpresivamente del parqueo del Ministerio de Interior y [&hellip;]<\/p>\n","protected":false},"author":1,"featured_media":0,"comment_status":"open","ping_status":"open","sticky":false,"template":"","format":"standard","meta":{"_bbp_topic_count":0,"_bbp_reply_count":0,"_bbp_total_topic_count":0,"_bbp_total_reply_count":0,"_bbp_voice_count":0,"_bbp_anonymous_reply_count":0,"_bbp_topic_count_hidden":0,"_bbp_reply_count_hidden":0,"_bbp_forum_subforum_count":0,"footnotes":""},"categories":[60,32],"tags":[],"class_list":{"0":"post-292497","1":"post","2":"type-post","3":"status-publish","4":"format-standard","6":"category-titulares-del-dia","7":"category-lo-ultimo"},"_links":{"self":[{"href":"https:\/\/primermomento.com\/index.php?rest_route=\/wp\/v2\/posts\/292497","targetHints":{"allow":["GET"]}}],"collection":[{"href":"https:\/\/primermomento.com\/index.php?rest_route=\/wp\/v2\/posts"}],"about":[{"href":"https:\/\/primermomento.com\/index.php?rest_route=\/wp\/v2\/types\/post"}],"author":[{"embeddable":true,"href":"https:\/\/primermomento.com\/index.php?rest_route=\/wp\/v2\/users\/1"}],"replies":[{"embeddable":true,"href":"https:\/\/primermomento.com\/index.php?rest_route=%2Fwp%2Fv2%2Fcomments&post=292497"}],"version-history":[{"count":0,"href":"https:\/\/primermomento.com\/index.php?rest_route=\/wp\/v2\/posts\/292497\/revisions"}],"wp:attachment":[{"href":"https:\/\/primermomento.com\/index.php?rest_route=%2Fwp%2Fv2%2Fmedia&parent=292497"}],"wp:term":[{"taxonomy":"category","embeddable":true,"href":"https:\/\/primermomento.com\/index.php?rest_route=%2Fwp%2Fv2%2Fcategories&post=292497"},{"taxonomy":"post_tag","embeddable":true,"href":"https:\/\/primermomento.com\/index.php?rest_route=%2Fwp%2Fv2%2Ftags&post=292497"}],"curies":[{"name":"wp","href":"https:\/\/api.w.org\/{rel}","templated":true}]}}