{"id":292500,"date":"2017-08-02T07:00:15","date_gmt":"2017-08-02T11:00:15","guid":{"rendered":"http:\/\/primermomento.com\/?p=292500"},"modified":"2017-08-02T07:45:41","modified_gmt":"2017-08-02T11:45:41","slug":"estallan-disturbios-en-universidad-del-estado","status":"publish","type":"post","link":"https:\/\/primermomento.com\/?p=292500","title":{"rendered":"Estallan disturbios en universidad del Estado"},"content":{"rendered":"<div class=\"fullNewsIntrotext\">SANTO DOMINGO, Rep\u00fablica Dominicana.- La Universidad Aut\u00f3noma de Santo Domingo (UASD) suspendi\u00f3 la docencia debido a disturbios generados por la muerte del estudiante Mario Vladimir Lantigua Baldera, ocurrido horas antes en San Francisco de Macor\u00eds.<\/div>\n<div><\/div>\n<div class=\"fullNewsFulltext\"><img loading=\"lazy\" decoding=\"async\" class=\"size-medium wp-image-283903 alignleft\" src=\"http:\/\/primermomento.com\/wp-content\/uploads\/2016\/11\/uasd-disturbios-300x168.jpg\" alt=\"\" width=\"300\" height=\"168\" srcset=\"https:\/\/primermomento.com\/wp-content\/uploads\/2016\/11\/uasd-disturbios.jpg 300w, https:\/\/primermomento.com\/wp-content\/uploads\/2016\/11\/uasd-disturbios-216x120.jpg 216w, https:\/\/primermomento.com\/wp-content\/uploads\/2016\/11\/uasd-disturbios-280x157.jpg 280w, https:\/\/primermomento.com\/wp-content\/uploads\/2016\/11\/uasd-disturbios-118x66.jpg 118w\" sizes=\"auto, (max-width: 300px) 100vw, 300px\" \/>Lantigua era un reconocido activista comunitario de 26 a\u00f1os, dirigente del Frente Estudiantil de Liberaci\u00f3n Amin Abel (Felabel), militante del Movimiento Popular Dominicano (MPD) y miembro del Frente Amplio de Lucha Popular (Falpo).<\/p>\n<p>El joven pereci\u00f3 al ser alcanzado por un disparo en un ojo durante un confuso incidente en el primer d\u00eda de una huelga de 48 horas convocada por organizaciones sindicales y comunitarias en demanda de obras p\u00fablicas para San Francisco de Macor\u00eds.<\/p>\n<p>El Falpo atribuy\u00f3 a miembros de la Polic\u00eda Nacional la muerte de Lantigua y convoc\u00f3 a protestas que de inmediato estallaron en la sede central de la UASD y en las calles aleda\u00f1as, lo que oblig\u00f3 al rector Iv\u00e1n Grull\u00f3n a suspender la docencia hasta este mi\u00e9rcoles.<\/p><\/div>\n<div><\/div>\n<div style=\"text-align: right;\"><span style=\"color: #ff0000;\"><em>PL<\/em><\/span><\/div>\n","protected":false},"excerpt":{"rendered":"<p>SANTO DOMINGO, Rep\u00fablica Dominicana.- La Universidad Aut\u00f3noma de Santo Domingo (UASD) suspendi\u00f3 la docencia debido a disturbios generados por la muerte del estudiante Mario Vladimir Lantigua Baldera, ocurrido horas antes en San Francisco de Macor\u00eds. Lantigua era un reconocido activista comunitario de 26 a\u00f1os, dirigente del Frente Estudiantil de Liberaci\u00f3n Amin Abel (Felabel), militante del [&hellip;]<\/p>\n","protected":false},"author":1,"featured_media":0,"comment_status":"open","ping_status":"open","sticky":false,"template":"","format":"standard","meta":{"_bbp_topic_count":0,"_bbp_reply_count":0,"_bbp_total_topic_count":0,"_bbp_total_reply_count":0,"_bbp_voice_count":0,"_bbp_anonymous_reply_count":0,"_bbp_topic_count_hidden":0,"_bbp_reply_count_hidden":0,"_bbp_forum_subforum_count":0,"footnotes":""},"categories":[30,60],"tags":[],"class_list":{"0":"post-292500","1":"post","2":"type-post","3":"status-publish","4":"format-standard","6":"category-actualidad","7":"category-titulares-del-dia"},"_links":{"self":[{"href":"https:\/\/primermomento.com\/index.php?rest_route=\/wp\/v2\/posts\/292500","targetHints":{"allow":["GET"]}}],"collection":[{"href":"https:\/\/primermomento.com\/index.php?rest_route=\/wp\/v2\/posts"}],"about":[{"href":"https:\/\/primermomento.com\/index.php?rest_route=\/wp\/v2\/types\/post"}],"author":[{"embeddable":true,"href":"https:\/\/primermomento.com\/index.php?rest_route=\/wp\/v2\/users\/1"}],"replies":[{"embeddable":true,"href":"https:\/\/primermomento.com\/index.php?rest_route=%2Fwp%2Fv2%2Fcomments&post=292500"}],"version-history":[{"count":0,"href":"https:\/\/primermomento.com\/index.php?rest_route=\/wp\/v2\/posts\/292500\/revisions"}],"wp:attachment":[{"href":"https:\/\/primermomento.com\/index.php?rest_route=%2Fwp%2Fv2%2Fmedia&parent=292500"}],"wp:term":[{"taxonomy":"category","embeddable":true,"href":"https:\/\/primermomento.com\/index.php?rest_route=%2Fwp%2Fv2%2Fcategories&post=292500"},{"taxonomy":"post_tag","embeddable":true,"href":"https:\/\/primermomento.com\/index.php?rest_route=%2Fwp%2Fv2%2Ftags&post=292500"}],"curies":[{"name":"wp","href":"https:\/\/api.w.org\/{rel}","templated":true}]}}