{"id":292506,"date":"2017-08-02T04:16:58","date_gmt":"2017-08-02T08:16:58","guid":{"rendered":"http:\/\/primermomento.com\/?p=292506"},"modified":"2017-08-02T08:19:49","modified_gmt":"2017-08-02T12:19:49","slug":"del-sur-marcha-verde-el-desafio-de-la-democracia","status":"publish","type":"post","link":"https:\/\/primermomento.com\/?p=292506","title":{"rendered":"Del sur | Marcha Verde: el desaf\u00edo de la democracia"},"content":{"rendered":"<p><em>\u201cEs m\u00e1s f\u00e1cil enga\u00f1ar a la gente,<\/em><br \/>\n<em>que convencerlos que han sido enga\u00f1ados\u201d<\/em><br \/>\nMark Twain<\/p>\n<p>Era previsible e inevitable que el nivel de la conflictividad de las reivindicaciones de la Marcha Verde fuera creciendo y que se expresara de variadas maneras. Ya aparecieron en el escenario los \u201copositores soft\u201d, los \u201cciudadanos light\u201d, los c\u00edvicos, los llamados \u201ccomponedores\u201d y los tr\u00e1nsfugas. Casi todos tienen en com\u00fan la creencia de pertenecer a una casta imaginaria de poseedores de un sentido com\u00fan que con su accionar no ha ayudado a evitar la corrupci\u00f3n y los sobornos y, por fortuna, tampoco ha podido evitar la movilizaci\u00f3n social de los verdes.<\/p>\n<p><img loading=\"lazy\" decoding=\"async\" class=\"size-medium wp-image-280855 alignleft\" src=\"http:\/\/primermomento.com\/wp-content\/uploads\/2016\/09\/Guillermo-Cifuentes3-300x194.jpg\" alt=\"\" width=\"300\" height=\"194\" \/>Ahora las bocinas menos ilustradas atacan, agreden, provocan con la estabilidad amenazada. Las ilustradas repiten afirmaciones ya conocidas respecto de la movilizaci\u00f3n social: \u201cMovimientos sociales no desestabilizan, pero la corrupci\u00f3n s\u00ed\u201d como resumi\u00f3 originalmente en abril el actual presidente de la Conferencia Episcopal Dominicana. Ambas -las bocinas ilustradas y las no tanto- comparten una preocupaci\u00f3n maternal o paternal por el destino de la Marcha Verde: no quieren que se \u201cdesnaturalice\u201d y proponen \u2018t\u00e1cticas\u2019 que les permitan conseguir \u201calgo\u201d. Es decir, el pragmatismo que conduce al cheque.<\/p>\n<p>Sin duda lo que m\u00e1s escandaliz\u00f3 fue la serie de peticiones que refer\u00edan la necesidad de investigar a altos funcionarios. He anotado con frecuencia en esta columna que la pol\u00edtica comparada es una buena auxiliar para que los argumentos no parezcan imposibles, impulsivos o belicosos. Ah\u00ed vamos por si nos sirven de algo otros ejemplos y escenarios. Recordar\u00e1n que en febrero de 2010 Chile fue afectado gravemente por un terremoto a pocos d\u00edas de finalizar el primer mandato de gobierno de Michelle Bachelet quien dej\u00f3 el cargo en marzo de 2010. Un a\u00f1o m\u00e1s tarde, en febrero de 2011, el abogado Ra\u00fal Meza en representaci\u00f3n de m\u00e1s de cien familias que sufrieron la p\u00e9rdida de vidas present\u00f3 una querella por \u201cnegligencia culpable\u201d contra quien ya era en ese momento ex mandataria. En diciembre de 2011 Michelle Bachelet fue llamada a declarar \u201ccomo testigo\u201d ante la fiscal en un interrogatorio que se prolong\u00f3 durante siete horas y tres minutos. Estando en campa\u00f1a presidencial en busca de su segundo mandato en mayo de 2013 el S\u00e9ptimo Juzgado de Garant\u00eda de Santiago acept\u00f3 la tramitaci\u00f3n de la querella contra la ex presidenta chilena presentada por el abogado de v\u00edctimas del desastre natural.<br \/>\n\u00abEstoy profundamente satisfecho. Nunca, en tres a\u00f1os y tres meses de investigaci\u00f3n le hab\u00eda afectado (a la se\u00f1ora Bachelet) una resoluci\u00f3n judicial. Estamos frente a un hecho hist\u00f3rico desde el punto de vista judicial\u00bb, dijo Meza al diario chileno &#8216;El Mercurio&#8217;.\u201d<br \/>\nConsultada la ex presidenta declar\u00f3: \u201cVoy a reiterar lo que siempre he dicho cuando hay un proceso en curso, no corresponde comentar y hay que dejar que la justicia haga su trabajo y que no haya presiones pol\u00edticas de ning\u00fan tipo\u201d.<\/p>\n<p>Unos meses despu\u00e9s de haber asumido por segunda vez su mandato como presidenta, el 20 de mayo de 2014, el S\u00e9ptimo Juzgado de Garant\u00eda de Santiago de Chile se\u00f1al\u00f3 que se trataba de una querella en la que \u00abno es posible imputar responsabilidad penal, conforme a los antecedentes allegados a la investigaci\u00f3n\u00bb.<\/p>\n<p>O sea, hay pa\u00edses en el mundo donde la institucionalidad \u201cpermite\u201d que los ex presidentes sean investigados, y que estando sometidos a investigaci\u00f3n hagan campa\u00f1a, ganen elecciones y asuman la primera magistratura sin pedirle pruebas a nadie. La imposibilidad de imputar penalmente a la presidenta Bachelet es el resultado de una investigaci\u00f3n judicial, no del griter\u00edo \u201cestabilizante\u201d.<br \/>\nfue afectado gravemente por un terremoto a pocos d\u00edas de finalizar el primer mandato de gobierno de Michelle Bachelet quien dej\u00f3 el cargo en marzo de 2010. Un a\u00f1o m\u00e1s tarde, en febrero de 2011, el abogado Ra\u00fal Meza en representaci\u00f3n de m\u00e1s de cien familias que sufrieron la p\u00e9rdida de vidas present\u00f3 una querella por \u201cnegligencia culpable\u201d contra quien ya era en ese momento ex mandataria. En diciembre de 2011 Michelle Bachelet fue llamada a declarar \u201ccomo testigo\u201d ante la fiscal en un interrogatorio que se prolong\u00f3 durante siete horas y tres minutos. Estando en campa\u00f1a presidencial en busca de su segundo mandato en mayo de 2013 el S\u00e9ptimo Juzgado de Garant\u00eda de Santiago acept\u00f3 la tramitaci\u00f3n de la querella contra la ex presidenta chilena presentada por el abogado de v\u00edctimas del desastre natural.<br \/>\n\u00abEstoy profundamente satisfecho. Nunca, en tres a\u00f1os y tres meses de investigaci\u00f3n le hab\u00eda afectado (a la se\u00f1ora Bachelet) una resoluci\u00f3n judicial. Estamos frente a un hecho hist\u00f3rico desde el punto de vista judicial\u00bb, dijo Meza al diario chileno &#8216;El Mercurio&#8217;.\u201d<br \/>\nConsultada la ex presidenta declar\u00f3: \u201cVoy a reiterar lo que siempre he dicho cuando hay un proceso en curso, no corresponde comentar y hay que dejar que la justicia haga su trabajo y que no haya presiones pol\u00edticas de ning\u00fan tipo\u201d.<\/p>\n<p>Unos meses despu\u00e9s de haber asumido por segunda vez su mandato como presidenta, el 20 de mayo de 2014, el S\u00e9ptimo Juzgado de Garant\u00eda de Santiago de Chile se\u00f1al\u00f3 que se trataba de una querella en la que \u00abno es posible imputar responsabilidad penal, conforme a los antecedentes allegados a la investigaci\u00f3n\u00bb.<\/p>\n<p>O sea, hay pa\u00edses en el mundo donde la institucionalidad \u201cpermite\u201d que los ex presidentes sean investigados, y que estando sometidos a investigaci\u00f3n hagan campa\u00f1a, ganen elecciones y asuman la primera magistratura sin pedirle pruebas a nadie. La imposibilidad de imputar penalmente a la presidenta Bachelet es el resultado de una investigaci\u00f3n judicial, no del griter\u00edo \u201cestabilizante\u201d.<\/p>\n<p>Pero a\u00fan hay m\u00e1s: el hijo mayor de la presidenta, Sebasti\u00e1n D\u00e1valos Bachelet, est\u00e1 siendo investigado por los \u201cdelitos de cohecho, negociaci\u00f3n incompatible, tr\u00e1fico de influencia, revelaci\u00f3n de secreto y uso de informaci\u00f3n privilegiada.\u201d Hace un mes un tribunal chileno rechaz\u00f3 el sobreseimiento del caso pues \u00abla responsabilidad del imputado no ha sido totalmente descartada\u00bb y no resulta \u00abincuestionable que no haya cometido delito.\u201d<\/p>\n<p>Otro important\u00edsimo ejemplo cuando de terminar con impunidades terribles se trata es el de la justicia argentina que, adem\u00e1s de los cientos de criminales miembros de la fuerzas armadas juzgados y condenados, someti\u00f3 a cuatro jueces responsables por \u201cgarant\u00eda de impunidad\u201d en secuestros, torturas y asesinatos cometidos durante la dictadura militar (1976-1983). El tribunal que conoci\u00f3 el caso los consider\u00f3 part\u00edcipes primarios de cr\u00edmenes de lesa humanidad y los conden\u00f3 a prisi\u00f3n perpetua.<\/p>\n<p>Como se puede con facilidad deducir de ese caso, la justicia puede que tarde, pero llega y esa escuela de los derechos humanos que acaba con la impunidad es tambi\u00e9n un mensaje para todos los jueces de todos los pa\u00edses. Lo bueno de lo que est\u00e1 pasando es que de aqu\u00ed en adelante para evitar que se proceda con una investigaci\u00f3n ya no vale como excusa reclamar las partidas de nacimiento de las putas para certificar si eran o no brasile\u00f1as.<\/p>\n<p>Pero, \u00bfes que en Rep\u00fablica Dominicana est\u00e1 fuera de toda posibilidad pedir lo que los verdes pidieron? Si se act\u00faa con criterios democr\u00e1ticos y constitucionales parece no haber dificultad. Lo que ocurre, sin embargo, es que la cultura trujillista y balaguerista a la que se recurre con m\u00e1s frecuencia que a la democracia dice que \u201clos presidentes no se tocan\u201d. Nadie explica por qu\u00e9, a\u00fan cuando la Constituci\u00f3n del 2015 establece en su Art\u00edculo 22 que son derechos de ciudadanas y ciudadanos:&#8230;<\/p>\n<p>\u201c4) Formular peticiones a los poderes p\u00fablicos para solicitar medidas de inter\u00e9s p\u00fablico y obtener respuesta de las autoridades en el t\u00e9rmino establecido por las leyes que se dicten al respecto;<br \/>\n5) Denunciar las faltas cometidas por los funcionarios p\u00fablicos en el desempe\u00f1o de su cargo.\u201d<\/p>\n<p>Como ven, la Marcha Verde tan asediada por los cuidadosos arquitectos de todas las derrotas democr\u00e1ticas conocidas no cometi\u00f3 ni siquiera un t\u00edmido desliz, pero cometi\u00f3 el crimen de enfrentarse al peor de los miedos heredados del trujillismo y del balaguerismo: el miedo a la democracia que ha sido cuidadosamente abonado por los poderes f\u00e1cticos durante tantos a\u00f1os.<\/p>\n<p>El obispo Di\u00f3medes Espinal fue claro: los movimientos sociales no desestabilizan y es positivo que haya analistas que recuperen esa tesis formulada hace meses, aunque no citen la fuente. Algo es algo.<\/p>\n<p>Hace un tiempo dec\u00edamos que la Marcha Verde instal\u00f3 a Rep\u00fablica Dominicana en el siglo XXI. Ahora tambi\u00e9n resulta claro que su papel en la construcci\u00f3n de la democracia del siglo XXI va a ser decisivo y para eso no tienen ninguna necesidad de auto reprimirse. Por lo contrario, la responsabilidad les obliga a pedir, a demandar a solicitar todas las acciones pol\u00edticas o jur\u00eddicas que conduzcan al fin de la impunidad en el marco de un sistema que se sostiene en ella. Como tambi\u00e9n est\u00e1n obligados a avanzar en la identificaci\u00f3n de sus aliados pol\u00edticos y en los acuerdos que ayuden a mantener una lucha necesaria, no deber\u00edan escuchar los cantos de sirena de autores que promueven enga\u00f1osos y equilibrados an\u00e1lisis, escritos por bur\u00f3cratas pagos sin m\u00e1s inter\u00e9s que mantener las cosas como est\u00e1n e intentar que se siga haciendo lo que siempre se ha hecho.<\/p>\n<p>Nadie, absolutamente nadie, debe olvidar que la pol\u00edtica es el \u00fanico camino de los que no tienen poder y es, por tanto, condici\u00f3n inevitable para alcanzar el fin de la impunidad.<\/p>\n<p style=\"text-align: right;\"><span style=\"color: #ff0000;\">Guillermo Cifuentes<\/span><br \/>\n<span style=\"color: #ff0000;\"><em>Articulista<\/em><\/span><\/p>\n<p>&nbsp;<\/p>\n","protected":false},"excerpt":{"rendered":"<p>\u201cEs m\u00e1s f\u00e1cil enga\u00f1ar a la gente, que convencerlos que han sido enga\u00f1ados\u201d Mark Twain Era previsible e inevitable que el nivel de la conflictividad de las reivindicaciones de la Marcha Verde fuera creciendo y que se expresara de variadas maneras. Ya aparecieron en el escenario los \u201copositores soft\u201d, los \u201cciudadanos light\u201d, los c\u00edvicos, los [&hellip;]<\/p>\n","protected":false},"author":1,"featured_media":0,"comment_status":"open","ping_status":"open","sticky":false,"template":"","format":"standard","meta":{"_bbp_topic_count":0,"_bbp_reply_count":0,"_bbp_total_topic_count":0,"_bbp_total_reply_count":0,"_bbp_voice_count":0,"_bbp_anonymous_reply_count":0,"_bbp_topic_count_hidden":0,"_bbp_reply_count_hidden":0,"_bbp_forum_subforum_count":0,"footnotes":""},"categories":[33],"tags":[],"class_list":{"0":"post-292506","1":"post","2":"type-post","3":"status-publish","4":"format-standard","6":"category-opinion"},"_links":{"self":[{"href":"https:\/\/primermomento.com\/index.php?rest_route=\/wp\/v2\/posts\/292506","targetHints":{"allow":["GET"]}}],"collection":[{"href":"https:\/\/primermomento.com\/index.php?rest_route=\/wp\/v2\/posts"}],"about":[{"href":"https:\/\/primermomento.com\/index.php?rest_route=\/wp\/v2\/types\/post"}],"author":[{"embeddable":true,"href":"https:\/\/primermomento.com\/index.php?rest_route=\/wp\/v2\/users\/1"}],"replies":[{"embeddable":true,"href":"https:\/\/primermomento.com\/index.php?rest_route=%2Fwp%2Fv2%2Fcomments&post=292506"}],"version-history":[{"count":0,"href":"https:\/\/primermomento.com\/index.php?rest_route=\/wp\/v2\/posts\/292506\/revisions"}],"wp:attachment":[{"href":"https:\/\/primermomento.com\/index.php?rest_route=%2Fwp%2Fv2%2Fmedia&parent=292506"}],"wp:term":[{"taxonomy":"category","embeddable":true,"href":"https:\/\/primermomento.com\/index.php?rest_route=%2Fwp%2Fv2%2Fcategories&post=292506"},{"taxonomy":"post_tag","embeddable":true,"href":"https:\/\/primermomento.com\/index.php?rest_route=%2Fwp%2Fv2%2Ftags&post=292506"}],"curies":[{"name":"wp","href":"https:\/\/api.w.org\/{rel}","templated":true}]}}