{"id":292508,"date":"2017-08-02T05:50:03","date_gmt":"2017-08-02T09:50:03","guid":{"rendered":"http:\/\/primermomento.com\/?p=292508"},"modified":"2017-08-02T08:25:10","modified_gmt":"2017-08-02T12:25:10","slug":"criollos-reaccionan-chivos-con-ultimas-medidas-de-inmigracion","status":"publish","type":"post","link":"https:\/\/primermomento.com\/?p=292508","title":{"rendered":"Criollos reaccionan \u201cchivos\u201d con \u00faltimas medidas de inmigraci\u00f3n"},"content":{"rendered":"<div id=\"m_4242095484973367839yui_3_16_0_ym19_1_1501640457847_22825\"><span id=\"m_4242095484973367839yui_3_16_0_ym19_1_1501640457847_22828\" lang=\"ES-US\">NUEVA YORK, Nueva York.- \u201cChivos\u201d han reaccionado los dominicanos residentes en el Alto Manhattan, y El Bronx ante\u00a0la medida implementada por el Servicio de Inmigracion de Estados Unidos de no dejar entrar al pa\u00eds en los \u00faltimos d\u00edas al menos 20 mexicanos por tener en mal estado (deterioradas o rayadas) su residencia o visa como denunciara la \u00a0C\u00e1mara de Comercio deTamaulipas-M\u00e9xico.<\/span><span id=\"m_4242095484973367839yui_3_16_0_ym19_1_1501640457847_22829\" lang=\"ES-US\"><u><\/u><u><\/u><\/span><\/div>\n<div id=\"m_4242095484973367839yui_3_16_0_ym19_1_1501640457847_22831\"><span id=\"m_4242095484973367839yui_3_16_0_ym19_1_1501640457847_22832\" lang=\"ES-US\">\u00a0<u><\/u><u><\/u><\/span><\/div>\n<div id=\"m_4242095484973367839yui_3_16_0_ym19_1_1501640457847_22834\"><span id=\"m_4242095484973367839yui_3_16_0_ym19_1_1501640457847_22835\" lang=\"ES-US\"><img loading=\"lazy\" decoding=\"async\" class=\"size-medium wp-image-292509 alignleft\" src=\"http:\/\/primermomento.com\/wp-content\/uploads\/2017\/08\/Dominicanos-NY-\u201cchivos\u201d-con-\u00faltimas-medidas-de-inmigraci\u00f3n-EEUU-300x196.jpg\" alt=\"\" width=\"300\" height=\"196\" \/>El documento debe estar al d\u00eda y en excelentes condiciones, indica la entidad.<u><\/u><u><\/u><\/span><\/div>\n<div id=\"m_4242095484973367839yui_3_16_0_ym19_1_1501640457847_22837\"><span id=\"m_4242095484973367839yui_3_16_0_ym19_1_1501640457847_22838\" lang=\"ES-US\">\u00a0<u><\/u><u><\/u><\/span><\/div>\n<div id=\"m_4242095484973367839yui_3_16_0_ym19_1_1501640457847_22840\"><span id=\"m_4242095484973367839yui_3_16_0_ym19_1_1501640457847_22841\" lang=\"ES-US\">Y como dice el viejo refr\u00e1n, si las barbas de tu vecino ves cortar, pon las tuyas a\u00a0remojar, queriendo decir que cuando observe\u00a0<\/span><span id=\"m_4242095484973367839yui_3_16_0_ym19_1_1501640457847_22842\" lang=\"ES-US\">\u00a0que algo acontece a\u00a0tu\u00a0alrededor, lo mismo le puede pasar a usted.<\/span><span id=\"m_4242095484973367839yui_3_16_0_ym19_1_1501640457847_22843\" lang=\"ES-US\"><u><\/u><u><\/u><\/span><\/div>\n<div id=\"m_4242095484973367839yui_3_16_0_ym19_1_1501640457847_22845\"><span id=\"m_4242095484973367839yui_3_16_0_ym19_1_1501640457847_22846\" lang=\"ES-US\">\u00a0<u><\/u><u><\/u><\/span><\/div>\n<div id=\"m_4242095484973367839yui_3_16_0_ym19_1_1501640457847_22848\"><span id=\"m_4242095484973367839yui_3_16_0_ym19_1_1501640457847_22849\" lang=\"ES-US\">Un ex c\u00f3nsul de M\u00e9xico en Chicago explic\u00f3 que si cualquiera de esos documentos tiene un ray\u00f3n, por m\u00ednimo que sea, o est\u00e1n maltratados, ser\u00e1n confiscados y la persona no podr\u00e1 cruzar la frontera, seg\u00fan reportan medios hispanos en NY.<u><\/u><u><\/u><\/span><\/div>\n<div id=\"m_4242095484973367839yui_3_16_0_ym19_1_1501640457847_22851\"><span id=\"m_4242095484973367839yui_3_16_0_ym19_1_1501640457847_22852\" lang=\"ES-US\">\u00a0<\/span><\/div>\n<div id=\"m_4242095484973367839yui_3_16_0_ym19_1_1501640457847_22853\"><span id=\"m_4242095484973367839yui_3_16_0_ym19_1_1501640457847_22854\" lang=\"ES-US\">Desafortunadamente cada vez hay m\u00e1s discrecionalidad para el agente migratorio de poder rechazar a una persona.<u><\/u><u><\/u><\/span><\/div>\n<div id=\"m_4242095484973367839yui_3_16_0_ym19_1_1501640457847_22856\"><span id=\"m_4242095484973367839yui_3_16_0_ym19_1_1501640457847_22857\" lang=\"ES-US\">\u00a0<\/span><\/div>\n<div id=\"m_4242095484973367839yui_3_16_0_ym19_1_1501640457847_22858\"><span id=\"m_4242095484973367839yui_3_16_0_ym19_1_1501640457847_22859\" lang=\"ES-US\">Desde febrero pasado, por orden ejecutiva del presidente Donald Trump, se endurecieron las medidas para la obtenci\u00f3n de visas estadounidenses para los mexicanos, asimismo los requisitos para dar\u00a0<\/span><span id=\"m_4242095484973367839yui_3_16_0_ym19_1_1501640457847_22860\" lang=\"ES-US\">visas a los nacionales de ciertos pa\u00edses.<u><\/u><u><\/u><\/span><\/div>\n<div id=\"m_4242095484973367839yui_3_16_0_ym19_1_1501640457847_22862\"><span id=\"m_4242095484973367839yui_3_16_0_ym19_1_1501640457847_22863\" lang=\"ES-US\">\u00a0<\/span><\/div>\n<div id=\"m_4242095484973367839yui_3_16_0_ym19_1_1501640457847_22864\"><span id=\"m_4242095484973367839yui_3_16_0_ym19_1_1501640457847_22865\" lang=\"ES-US\">La Oficina de Aduanas y Protecci\u00f3n Fronteriza (CBP) ha expresado que cada d\u00eda\u00a0niega entrada a USA por aeropuertos, tierra y puertos mar\u00edtimos a un promedio de 700 extranjeros, de 1.2 millones que procesa y permite su entrada diariamente, inform\u00f3 el portavoz Jaime Ru\u00edz.<\/span><span id=\"m_4242095484973367839yui_3_16_0_ym19_1_1501640457847_22866\" lang=\"ES-US\"><u><\/u><u><\/u><\/span><\/div>\n<div id=\"m_4242095484973367839yui_3_16_0_ym19_1_1501640457847_21786\"><\/div>\n<div id=\"m_4242095484973367839yui_3_16_0_ym19_1_1501640457847_22868\" dir=\"ltr\" style=\"text-align: right;\"><span id=\"m_4242095484973367839yui_3_16_0_ym19_1_1501640457847_22869\" lang=\"ES-US\"><span style=\"color: #ff0000;\">\u00a0Ram\u00f3n Mercedes<\/span><br \/>\n<\/span><\/div>\n","protected":false},"excerpt":{"rendered":"<p>NUEVA YORK, Nueva York.- \u201cChivos\u201d han reaccionado los dominicanos residentes en el Alto Manhattan, y El Bronx ante\u00a0la medida implementada por el Servicio de Inmigracion de Estados Unidos de no dejar entrar al pa\u00eds en los \u00faltimos d\u00edas al menos 20 mexicanos por tener en mal estado (deterioradas o rayadas) su residencia o visa como [&hellip;]<\/p>\n","protected":false},"author":1,"featured_media":0,"comment_status":"open","ping_status":"open","sticky":false,"template":"","format":"standard","meta":{"_bbp_topic_count":0,"_bbp_reply_count":0,"_bbp_total_topic_count":0,"_bbp_total_reply_count":0,"_bbp_voice_count":0,"_bbp_anonymous_reply_count":0,"_bbp_topic_count_hidden":0,"_bbp_reply_count_hidden":0,"_bbp_forum_subforum_count":0,"footnotes":""},"categories":[60,32],"tags":[],"class_list":{"0":"post-292508","1":"post","2":"type-post","3":"status-publish","4":"format-standard","6":"category-titulares-del-dia","7":"category-lo-ultimo"},"_links":{"self":[{"href":"https:\/\/primermomento.com\/index.php?rest_route=\/wp\/v2\/posts\/292508","targetHints":{"allow":["GET"]}}],"collection":[{"href":"https:\/\/primermomento.com\/index.php?rest_route=\/wp\/v2\/posts"}],"about":[{"href":"https:\/\/primermomento.com\/index.php?rest_route=\/wp\/v2\/types\/post"}],"author":[{"embeddable":true,"href":"https:\/\/primermomento.com\/index.php?rest_route=\/wp\/v2\/users\/1"}],"replies":[{"embeddable":true,"href":"https:\/\/primermomento.com\/index.php?rest_route=%2Fwp%2Fv2%2Fcomments&post=292508"}],"version-history":[{"count":0,"href":"https:\/\/primermomento.com\/index.php?rest_route=\/wp\/v2\/posts\/292508\/revisions"}],"wp:attachment":[{"href":"https:\/\/primermomento.com\/index.php?rest_route=%2Fwp%2Fv2%2Fmedia&parent=292508"}],"wp:term":[{"taxonomy":"category","embeddable":true,"href":"https:\/\/primermomento.com\/index.php?rest_route=%2Fwp%2Fv2%2Fcategories&post=292508"},{"taxonomy":"post_tag","embeddable":true,"href":"https:\/\/primermomento.com\/index.php?rest_route=%2Fwp%2Fv2%2Ftags&post=292508"}],"curies":[{"name":"wp","href":"https:\/\/api.w.org\/{rel}","templated":true}]}}