{"id":292515,"date":"2017-08-02T08:31:59","date_gmt":"2017-08-02T12:31:59","guid":{"rendered":"http:\/\/primermomento.com\/?p=292515"},"modified":"2017-08-02T08:31:59","modified_gmt":"2017-08-02T12:31:59","slug":"dos-heridos-a-tiros-durante-atraco-uno-en-estado-critico","status":"publish","type":"post","link":"https:\/\/primermomento.com\/?p=292515","title":{"rendered":"Dos heridos a tiros durante atraco; uno en estado cr\u00edtico"},"content":{"rendered":"<p id=\"m_4242095484973367839yui_3_16_0_ym19_1_1501640457847_22716\"><span id=\"m_4242095484973367839yui_3_16_0_ym19_1_1501640457847_22718\" lang=\"ES-US\">NUEVA YORK, Nueva York.- Un hispano de 30 a\u00f1os recibi\u00f3 un balazo en la pierna tras negarse a entregar la cadena de oro que exhib\u00eda en su cuello al ser atracado frente al 1053 de la avenida Boynton con la calle Watson, en el sector de Soundview, en El Bronx.<\/span><span id=\"m_4242095484973367839yui_3_16_0_ym19_1_1501640457847_22719\" lang=\"ES-US\"><u><\/u><u><\/u><\/span><\/p>\n<div id=\"m_4242095484973367839yui_3_16_0_ym19_1_1501640457847_22721\"><span id=\"m_4242095484973367839yui_3_16_0_ym19_1_1501640457847_22722\" lang=\"ES-US\">\u00a0<img loading=\"lazy\" decoding=\"async\" class=\"size-medium wp-image-292516 alignleft\" src=\"http:\/\/primermomento.com\/wp-content\/uploads\/2017\/08\/Hieren-a-tiros-dos-personas-durante-atraco-en-El-Bronx-300x166.jpg\" alt=\"\" width=\"300\" height=\"166\" srcset=\"https:\/\/primermomento.com\/wp-content\/uploads\/2017\/08\/Hieren-a-tiros-dos-personas-durante-atraco-en-El-Bronx-300x166.jpg 300w, https:\/\/primermomento.com\/wp-content\/uploads\/2017\/08\/Hieren-a-tiros-dos-personas-durante-atraco-en-El-Bronx-216x120.jpg 216w, https:\/\/primermomento.com\/wp-content\/uploads\/2017\/08\/Hieren-a-tiros-dos-personas-durante-atraco-en-El-Bronx-500x277.jpg 500w, https:\/\/primermomento.com\/wp-content\/uploads\/2017\/08\/Hieren-a-tiros-dos-personas-durante-atraco-en-El-Bronx-280x155.jpg 280w, https:\/\/primermomento.com\/wp-content\/uploads\/2017\/08\/Hieren-a-tiros-dos-personas-durante-atraco-en-El-Bronx-638x354.jpg 638w, https:\/\/primermomento.com\/wp-content\/uploads\/2017\/08\/Hieren-a-tiros-dos-personas-durante-atraco-en-El-Bronx-118x65.jpg 118w, https:\/\/primermomento.com\/wp-content\/uploads\/2017\/08\/Hieren-a-tiros-dos-personas-durante-atraco-en-El-Bronx-479x266.jpg 479w, https:\/\/primermomento.com\/wp-content\/uploads\/2017\/08\/Hieren-a-tiros-dos-personas-durante-atraco-en-El-Bronx.jpg 642w\" sizes=\"auto, (max-width: 300px) 100vw, 300px\" \/><\/span><span id=\"m_4242095484973367839yui_3_16_0_ym19_1_1501640457847_22722\" lang=\"ES-US\"><u><\/u><u><\/u><\/span><span id=\"m_4242095484973367839yui_3_16_0_ym19_1_1501640457847_22725\" lang=\"ES-US\">Otro hombre, de 62 a\u00f1os, que observaba detenidamente y fijamente el asalto recibi\u00f3 dos disparos, uno en la pierna y otro en el est\u00f3mago, que lo mantienen en estado cr\u00edtico en el Centro M\u00e9dico Jacobi, donde fue llevado junto al otro herido.<u><\/u><u><\/u><\/span><\/div>\n<div id=\"m_4242095484973367839yui_3_16_0_ym19_1_1501640457847_22727\"><span id=\"m_4242095484973367839yui_3_16_0_ym19_1_1501640457847_22728\" lang=\"ES-US\">\u00a0<u><\/u><u><\/u><\/span><\/div>\n<div id=\"m_4242095484973367839yui_3_16_0_ym19_1_1501640457847_22730\"><span id=\"m_4242095484973367839yui_3_16_0_ym19_1_1501640457847_22731\" lang=\"ES-US\">Las v\u00edctimas no fueron identificadas por las autoridades. Despu\u00e9s de cometer el hecho, el malechor huy\u00f3 del lugar y no se inform\u00f3 si logr\u00f3 llevarse la prenda.<u><\/u><u><\/u><\/span><\/div>\n<div id=\"m_4242095484973367839yui_3_16_0_ym19_1_1501640457847_22733\"><span id=\"m_4242095484973367839yui_3_16_0_ym19_1_1501640457847_22734\" lang=\"ES-US\">\u00a0<u><\/u><u><\/u><\/span><\/div>\n<div id=\"m_4242095484973367839yui_3_16_0_ym19_1_1501640457847_22736\"><span id=\"m_4242095484973367839yui_3_16_0_ym19_1_1501640457847_22737\" lang=\"ES-US\">La uniformada esta solicitando a cualquier persona con informaci\u00f3n sobre el caso comunicarse con Crime Stoppers al (800) 577-TIPS (8477).<u><\/u><u><\/u><\/span><\/div>\n<div><\/div>\n<div style=\"text-align: right;\"><span style=\"color: #ff0000;\">Ram\u00f3n Mercedes<\/span><\/div>\n<div id=\"m_4242095484973367839yui_3_16_0_ym19_1_1501640457847_22739\"><span id=\"m_4242095484973367839yui_3_16_0_ym19_1_1501640457847_22740\" lang=\"ES-US\">\u00a0<\/span><\/div>\n","protected":false},"excerpt":{"rendered":"<p>NUEVA YORK, Nueva York.- Un hispano de 30 a\u00f1os recibi\u00f3 un balazo en la pierna tras negarse a entregar la cadena de oro que exhib\u00eda en su cuello al ser atracado frente al 1053 de la avenida Boynton con la calle Watson, en el sector de Soundview, en El Bronx. \u00a0Otro hombre, de 62 a\u00f1os, [&hellip;]<\/p>\n","protected":false},"author":1,"featured_media":0,"comment_status":"open","ping_status":"open","sticky":false,"template":"","format":"standard","meta":{"_bbp_topic_count":0,"_bbp_reply_count":0,"_bbp_total_topic_count":0,"_bbp_total_reply_count":0,"_bbp_voice_count":0,"_bbp_anonymous_reply_count":0,"_bbp_topic_count_hidden":0,"_bbp_reply_count_hidden":0,"_bbp_forum_subforum_count":0,"footnotes":""},"categories":[30,60],"tags":[],"class_list":{"0":"post-292515","1":"post","2":"type-post","3":"status-publish","4":"format-standard","6":"category-actualidad","7":"category-titulares-del-dia"},"_links":{"self":[{"href":"https:\/\/primermomento.com\/index.php?rest_route=\/wp\/v2\/posts\/292515","targetHints":{"allow":["GET"]}}],"collection":[{"href":"https:\/\/primermomento.com\/index.php?rest_route=\/wp\/v2\/posts"}],"about":[{"href":"https:\/\/primermomento.com\/index.php?rest_route=\/wp\/v2\/types\/post"}],"author":[{"embeddable":true,"href":"https:\/\/primermomento.com\/index.php?rest_route=\/wp\/v2\/users\/1"}],"replies":[{"embeddable":true,"href":"https:\/\/primermomento.com\/index.php?rest_route=%2Fwp%2Fv2%2Fcomments&post=292515"}],"version-history":[{"count":0,"href":"https:\/\/primermomento.com\/index.php?rest_route=\/wp\/v2\/posts\/292515\/revisions"}],"wp:attachment":[{"href":"https:\/\/primermomento.com\/index.php?rest_route=%2Fwp%2Fv2%2Fmedia&parent=292515"}],"wp:term":[{"taxonomy":"category","embeddable":true,"href":"https:\/\/primermomento.com\/index.php?rest_route=%2Fwp%2Fv2%2Fcategories&post=292515"},{"taxonomy":"post_tag","embeddable":true,"href":"https:\/\/primermomento.com\/index.php?rest_route=%2Fwp%2Fv2%2Ftags&post=292515"}],"curies":[{"name":"wp","href":"https:\/\/api.w.org\/{rel}","templated":true}]}}