{"id":292524,"date":"2017-08-02T13:58:10","date_gmt":"2017-08-02T17:58:10","guid":{"rendered":"http:\/\/primermomento.com\/?p=292524"},"modified":"2017-08-02T13:58:10","modified_gmt":"2017-08-02T17:58:10","slug":"trump-anuncia-proyecto-de-ley-sobre-inmigracion","status":"publish","type":"post","link":"https:\/\/primermomento.com\/?p=292524","title":{"rendered":"Trump anuncia proyecto de ley sobre inmigraci\u00f3n"},"content":{"rendered":"<div class=\"wsw\">\n<p>WASHINGTON, Distrito de Columbia.- El presidente de Estados Unidos, Donald Trump, anunci\u00f3 un proyecto de ley para cambiar el sistema de inmigraci\u00f3n que impone nuevos l\u00edmites a la inmigraci\u00f3n legal.<\/p>\n<figure id=\"attachment_292525\" aria-describedby=\"caption-attachment-292525\" style=\"width: 300px\" class=\"wp-caption alignleft\"><img loading=\"lazy\" decoding=\"async\" class=\"size-medium wp-image-292525\" src=\"http:\/\/primermomento.com\/wp-content\/uploads\/2017\/08\/trump-anuncia-ley-inmigracion-300x169.jpg\" alt=\"\" width=\"300\" height=\"169\" srcset=\"https:\/\/primermomento.com\/wp-content\/uploads\/2017\/08\/trump-anuncia-ley-inmigracion-300x169.jpg 300w, https:\/\/primermomento.com\/wp-content\/uploads\/2017\/08\/trump-anuncia-ley-inmigracion-768x432.jpg 768w, https:\/\/primermomento.com\/wp-content\/uploads\/2017\/08\/trump-anuncia-ley-inmigracion-478x270.jpg 478w, https:\/\/primermomento.com\/wp-content\/uploads\/2017\/08\/trump-anuncia-ley-inmigracion-500x281.jpg 500w, https:\/\/primermomento.com\/wp-content\/uploads\/2017\/08\/trump-anuncia-ley-inmigracion-280x157.jpg 280w, https:\/\/primermomento.com\/wp-content\/uploads\/2017\/08\/trump-anuncia-ley-inmigracion-638x359.jpg 638w, https:\/\/primermomento.com\/wp-content\/uploads\/2017\/08\/trump-anuncia-ley-inmigracion-118x66.jpg 118w, https:\/\/primermomento.com\/wp-content\/uploads\/2017\/08\/trump-anuncia-ley-inmigracion-479x269.jpg 479w, https:\/\/primermomento.com\/wp-content\/uploads\/2017\/08\/trump-anuncia-ley-inmigracion.jpg 1023w\" sizes=\"auto, (max-width: 300px) 100vw, 300px\" \/><figcaption id=\"caption-attachment-292525\" class=\"wp-caption-text\">El presidente de EE.UU., Donald Trump, flanqueado por el senador Tom Cotton (izquierda) y el senador David Perdue, habl\u00f3 en la Casa Blanca para anunciar cambios a la ley de inmigraci\u00f3n el mi\u00e9rcoles, 2 de agosto de 2017.<\/figcaption><\/figure>\n<p>El proyecto busca un sistema de inmigraci\u00f3n basado en m\u00e9ritos y habilidades laborales, en lugar de conexiones familiares.<\/p>\n<p>\u201cEsta legislaci\u00f3n demuestra nuestra compasi\u00f3n por las familias estadounidenses que sufren, que merecen un sistema de inmigraci\u00f3n que ponga sus intereses primero y los intereses de Estados Unidos primero\u201d, dijo Trump.<\/p>\n<p>El mandatario indic\u00f3 que el nuevo proceso de inmigraci\u00f3n favorecer\u00e1 a los solicitantes que hablen ingl\u00e9s, puedan apoyarse financieramente a s\u00ed mismos y sus familias y demuestren habilidades que contribuyan a la econom\u00eda del pa\u00eds.<\/p>\n<p>La medida est\u00e1 destinada a impedir que los nuevos inmigrantes cobren \u201cwelfare\u201d es decir beneficios pagados por el Estado y proteger a los trabajadores estadounidenses de que sean despedidos.<\/p>\n<p>Al hacer el anuncio en la Casa Blanca, Trump habl\u00f3 junto a dos senadores republicanos, David Perdue, de Georgia, y Tom Cotton, de Arkansas.<\/p>\n<p>Perdue y Cotton presentaron el proyecto de ley en febrero que cambiar\u00eda la ley de 1965 que reduce el n\u00famero de inmigrantes legales, limitando el n\u00famero de personas que pueden obtener tarjetas verdes para unirse a familiares que ya est\u00e1n en Estados Unidos.<\/p>\n<p>El proyecto de ley tambi\u00e9n est\u00e1 destinado a reducir el n\u00famero de refugiados a la mitad y elimina un programa que provee visas a pa\u00edses con baja tasa de inmigraci\u00f3n.<\/p>\n<p style=\"text-align: right;\"><span style=\"color: #ff0000;\"><em>VOANEWS<\/em><\/span><\/p>\n<\/div>\n","protected":false},"excerpt":{"rendered":"<p>WASHINGTON, Distrito de Columbia.- El presidente de Estados Unidos, Donald Trump, anunci\u00f3 un proyecto de ley para cambiar el sistema de inmigraci\u00f3n que impone nuevos l\u00edmites a la inmigraci\u00f3n legal. El proyecto busca un sistema de inmigraci\u00f3n basado en m\u00e9ritos y habilidades laborales, en lugar de conexiones familiares. \u201cEsta legislaci\u00f3n demuestra nuestra compasi\u00f3n por las [&hellip;]<\/p>\n","protected":false},"author":1,"featured_media":0,"comment_status":"open","ping_status":"open","sticky":false,"template":"","format":"standard","meta":{"_bbp_topic_count":0,"_bbp_reply_count":0,"_bbp_total_topic_count":0,"_bbp_total_reply_count":0,"_bbp_voice_count":0,"_bbp_anonymous_reply_count":0,"_bbp_topic_count_hidden":0,"_bbp_reply_count_hidden":0,"_bbp_forum_subforum_count":0,"footnotes":""},"categories":[30,60],"tags":[],"class_list":{"0":"post-292524","1":"post","2":"type-post","3":"status-publish","4":"format-standard","6":"category-actualidad","7":"category-titulares-del-dia"},"_links":{"self":[{"href":"https:\/\/primermomento.com\/index.php?rest_route=\/wp\/v2\/posts\/292524","targetHints":{"allow":["GET"]}}],"collection":[{"href":"https:\/\/primermomento.com\/index.php?rest_route=\/wp\/v2\/posts"}],"about":[{"href":"https:\/\/primermomento.com\/index.php?rest_route=\/wp\/v2\/types\/post"}],"author":[{"embeddable":true,"href":"https:\/\/primermomento.com\/index.php?rest_route=\/wp\/v2\/users\/1"}],"replies":[{"embeddable":true,"href":"https:\/\/primermomento.com\/index.php?rest_route=%2Fwp%2Fv2%2Fcomments&post=292524"}],"version-history":[{"count":0,"href":"https:\/\/primermomento.com\/index.php?rest_route=\/wp\/v2\/posts\/292524\/revisions"}],"wp:attachment":[{"href":"https:\/\/primermomento.com\/index.php?rest_route=%2Fwp%2Fv2%2Fmedia&parent=292524"}],"wp:term":[{"taxonomy":"category","embeddable":true,"href":"https:\/\/primermomento.com\/index.php?rest_route=%2Fwp%2Fv2%2Fcategories&post=292524"},{"taxonomy":"post_tag","embeddable":true,"href":"https:\/\/primermomento.com\/index.php?rest_route=%2Fwp%2Fv2%2Ftags&post=292524"}],"curies":[{"name":"wp","href":"https:\/\/api.w.org\/{rel}","templated":true}]}}