{"id":292538,"date":"2017-08-02T14:18:37","date_gmt":"2017-08-02T18:18:37","guid":{"rendered":"http:\/\/primermomento.com\/?p=292538"},"modified":"2017-08-02T14:18:37","modified_gmt":"2017-08-02T18:18:37","slug":"marcha-verde-denuncia-represion-policial-contra-manifestaciones-pacificas","status":"publish","type":"post","link":"https:\/\/primermomento.com\/?p=292538","title":{"rendered":"Marcha Verde denuncia \u00abrepresi\u00f3n policial\u00bb contra \u00abmanifestaciones pac\u00edficas\u00bb"},"content":{"rendered":"<p>SANTO DOMINGO, Rep\u00fablica Dominicana.- El colectivo Marcha Verde conden\u00f3 hoy la \u00abrepresi\u00f3n policial\u00bb contra \u00abmanifestaciones pacificas\u00bb realizadas estos d\u00edas, como la que, seg\u00fan dijo, ocurri\u00f3 ayer en San Francisco de Macor\u00eds, donde muri\u00f3 Bladimir Baldera, de 22 a\u00f1os, tras recibir un disparo, presuntamente, por parte de un agente.<\/p>\n<p><img loading=\"lazy\" decoding=\"async\" class=\"size-medium wp-image-292539 alignleft\" src=\"http:\/\/primermomento.com\/wp-content\/uploads\/2017\/08\/marcha-verde-y-represion-300x200.jpg\" alt=\"\" width=\"300\" height=\"200\" srcset=\"https:\/\/primermomento.com\/wp-content\/uploads\/2017\/08\/marcha-verde-y-represion-300x200.jpg 300w, https:\/\/primermomento.com\/wp-content\/uploads\/2017\/08\/marcha-verde-y-represion-73x50.jpg 73w, https:\/\/primermomento.com\/wp-content\/uploads\/2017\/08\/marcha-verde-y-represion-500x333.jpg 500w, https:\/\/primermomento.com\/wp-content\/uploads\/2017\/08\/marcha-verde-y-represion-280x186.jpg 280w, https:\/\/primermomento.com\/wp-content\/uploads\/2017\/08\/marcha-verde-y-represion-60x40.jpg 60w, https:\/\/primermomento.com\/wp-content\/uploads\/2017\/08\/marcha-verde-y-represion-118x79.jpg 118w, https:\/\/primermomento.com\/wp-content\/uploads\/2017\/08\/marcha-verde-y-represion-479x319.jpg 479w, https:\/\/primermomento.com\/wp-content\/uploads\/2017\/08\/marcha-verde-y-represion.jpg 580w\" sizes=\"auto, (max-width: 300px) 100vw, 300px\" \/>Marcha Verde tambi\u00e9n repudio \u00abel ataque brutal de los agentes antimotines\u00bb contra varios ex trabajadores de la industria azucarera cuando marchaban ayer hacia el Ministerio de Hacienda en reclamo de sus pensiones.<\/p>\n<p>Igualmente, \u00abel atropello\u00bb de la seguridad presidencial contra el activista Wasar G\u00f3mez, en San Jos\u00e9 de Ocoa.<\/p>\n<p>Estos casos \u00abson evidencia de que desde el Gobierno se est\u00e1 usando la violencia para infundir miedo a la poblaci\u00f3n y a las organizaciones sociales que se est\u00e1n expresando de manera ejemplar\u00bb, declar\u00f3 Marcha Verde en un comunicado.<\/p>\n<p>Para este colectivo, \u00abno hay forma de justificar el ataque con bombas lacrim\u00f3genas contra los ca\u00f1eros, pues el movimiento lleva a\u00f1os expres\u00e1ndose de forma pac\u00edfica y organizada sin crear ning\u00fan tipo de conflicto f\u00edsico\u00bb.<\/p>\n<p>La organizaci\u00f3n llam\u00f3 a la ciudadan\u00eda a expresar su repudio \u00aba las agresiones oficiales y para que mantenga activa la lucha pac\u00edfica por el fin de la impunidad y por cualquier otra reivindicaci\u00f3n de derechos o causa que ayude a sacar al pa\u00eds del lodazal pol\u00edtico e institucional en el que ha sido metido por la delincuencia pol\u00edtica\u00bb.<\/p>\n<p>Marcha Verde record\u00f3 que este domingo 6 de agosto se realizar\u00e1 la marcha provincial en Nagua, municipio de Mar\u00eda Trinidad S\u00e1nchez.<\/p>\n<p style=\"text-align: right;\"><em><span style=\"color: #ff0000;\">EFE<\/span><\/em><\/p>\n<p>&nbsp;<\/p>\n","protected":false},"excerpt":{"rendered":"<p>SANTO DOMINGO, Rep\u00fablica Dominicana.- El colectivo Marcha Verde conden\u00f3 hoy la \u00abrepresi\u00f3n policial\u00bb contra \u00abmanifestaciones pacificas\u00bb realizadas estos d\u00edas, como la que, seg\u00fan dijo, ocurri\u00f3 ayer en San Francisco de Macor\u00eds, donde muri\u00f3 Bladimir Baldera, de 22 a\u00f1os, tras recibir un disparo, presuntamente, por parte de un agente. Marcha Verde tambi\u00e9n repudio \u00abel ataque brutal [&hellip;]<\/p>\n","protected":false},"author":1,"featured_media":0,"comment_status":"open","ping_status":"open","sticky":false,"template":"","format":"standard","meta":{"_bbp_topic_count":0,"_bbp_reply_count":0,"_bbp_total_topic_count":0,"_bbp_total_reply_count":0,"_bbp_voice_count":0,"_bbp_anonymous_reply_count":0,"_bbp_topic_count_hidden":0,"_bbp_reply_count_hidden":0,"_bbp_forum_subforum_count":0,"footnotes":""},"categories":[60,31],"tags":[],"class_list":{"0":"post-292538","1":"post","2":"type-post","3":"status-publish","4":"format-standard","6":"category-titulares-del-dia","7":"category-estados-unidos"},"_links":{"self":[{"href":"https:\/\/primermomento.com\/index.php?rest_route=\/wp\/v2\/posts\/292538","targetHints":{"allow":["GET"]}}],"collection":[{"href":"https:\/\/primermomento.com\/index.php?rest_route=\/wp\/v2\/posts"}],"about":[{"href":"https:\/\/primermomento.com\/index.php?rest_route=\/wp\/v2\/types\/post"}],"author":[{"embeddable":true,"href":"https:\/\/primermomento.com\/index.php?rest_route=\/wp\/v2\/users\/1"}],"replies":[{"embeddable":true,"href":"https:\/\/primermomento.com\/index.php?rest_route=%2Fwp%2Fv2%2Fcomments&post=292538"}],"version-history":[{"count":0,"href":"https:\/\/primermomento.com\/index.php?rest_route=\/wp\/v2\/posts\/292538\/revisions"}],"wp:attachment":[{"href":"https:\/\/primermomento.com\/index.php?rest_route=%2Fwp%2Fv2%2Fmedia&parent=292538"}],"wp:term":[{"taxonomy":"category","embeddable":true,"href":"https:\/\/primermomento.com\/index.php?rest_route=%2Fwp%2Fv2%2Fcategories&post=292538"},{"taxonomy":"post_tag","embeddable":true,"href":"https:\/\/primermomento.com\/index.php?rest_route=%2Fwp%2Fv2%2Ftags&post=292538"}],"curies":[{"name":"wp","href":"https:\/\/api.w.org\/{rel}","templated":true}]}}