{"id":292545,"date":"2017-08-02T18:40:29","date_gmt":"2017-08-02T22:40:29","guid":{"rendered":"http:\/\/primermomento.com\/?p=292545"},"modified":"2017-08-02T18:41:21","modified_gmt":"2017-08-02T22:41:21","slug":"ocoa-sismo-de-magnitud-4-7-grados-se-sintio-en-bani","status":"publish","type":"post","link":"https:\/\/primermomento.com\/?p=292545","title":{"rendered":"OCOA | Sismo de magnitud 4.7 grados se sinti\u00f3 en Ban\u00ed"},"content":{"rendered":"<p><img loading=\"lazy\" decoding=\"async\" class=\"size-medium wp-image-292546 alignright\" src=\"http:\/\/primermomento.com\/wp-content\/uploads\/2017\/08\/sismo-ocoa-300x200.jpg\" alt=\"\" width=\"300\" height=\"200\" srcset=\"https:\/\/primermomento.com\/wp-content\/uploads\/2017\/08\/sismo-ocoa-300x200.jpg 300w, https:\/\/primermomento.com\/wp-content\/uploads\/2017\/08\/sismo-ocoa-73x50.jpg 73w, https:\/\/primermomento.com\/wp-content\/uploads\/2017\/08\/sismo-ocoa-500x333.jpg 500w, https:\/\/primermomento.com\/wp-content\/uploads\/2017\/08\/sismo-ocoa-280x186.jpg 280w, https:\/\/primermomento.com\/wp-content\/uploads\/2017\/08\/sismo-ocoa-60x40.jpg 60w, https:\/\/primermomento.com\/wp-content\/uploads\/2017\/08\/sismo-ocoa-118x79.jpg 118w, https:\/\/primermomento.com\/wp-content\/uploads\/2017\/08\/sismo-ocoa-479x319.jpg 479w, https:\/\/primermomento.com\/wp-content\/uploads\/2017\/08\/sismo-ocoa.jpg 580w\" sizes=\"auto, (max-width: 300px) 100vw, 300px\" \/>LAS AUYAMAS, San Jos\u00e9 de Ocoa.- Un sismo de magnitud 4.3 grados en la escala de Richter estremeci\u00f3 este mi\u00e9rcoles gran parte del sur central del pa\u00eds, sin que hasta el momento se reporten da\u00f1os. Inicialmente se hab\u00eda informado una magnitud de 4.7 grados.<\/p>\n<p>El epicentro del peque\u00f1o terremoto fue registrado a unos 10 kil\u00f3metros de profundidad, en el distrito municipal de Las Auyamas, San Jos\u00e9 de Ocoa. Se sinti\u00f3 en Ban\u00ed, Peravia,\u00a0 Santo Domingo y otras localidades del pa\u00eds. Ocurri\u00f3 a las 5:25 de la tarde. Las coordenadas fueron 18&#8217;36&#8217;47&#8217; -70&#8217;25&#8217;91&#8217; 979 millas.<\/p>\n<p>&nbsp;<\/p>\n","protected":false},"excerpt":{"rendered":"<p>LAS AUYAMAS, San Jos\u00e9 de Ocoa.- Un sismo de magnitud 4.3 grados en la escala de Richter estremeci\u00f3 este mi\u00e9rcoles gran parte del sur central del pa\u00eds, sin que hasta el momento se reporten da\u00f1os. Inicialmente se hab\u00eda informado una magnitud de 4.7 grados. El epicentro del peque\u00f1o terremoto fue registrado a unos 10 kil\u00f3metros [&hellip;]<\/p>\n","protected":false},"author":1,"featured_media":0,"comment_status":"open","ping_status":"open","sticky":false,"template":"","format":"standard","meta":{"_bbp_topic_count":0,"_bbp_reply_count":0,"_bbp_total_topic_count":0,"_bbp_total_reply_count":0,"_bbp_voice_count":0,"_bbp_anonymous_reply_count":0,"_bbp_topic_count_hidden":0,"_bbp_reply_count_hidden":0,"_bbp_forum_subforum_count":0,"footnotes":""},"categories":[30,60],"tags":[],"class_list":{"0":"post-292545","1":"post","2":"type-post","3":"status-publish","4":"format-standard","6":"category-actualidad","7":"category-titulares-del-dia"},"_links":{"self":[{"href":"https:\/\/primermomento.com\/index.php?rest_route=\/wp\/v2\/posts\/292545","targetHints":{"allow":["GET"]}}],"collection":[{"href":"https:\/\/primermomento.com\/index.php?rest_route=\/wp\/v2\/posts"}],"about":[{"href":"https:\/\/primermomento.com\/index.php?rest_route=\/wp\/v2\/types\/post"}],"author":[{"embeddable":true,"href":"https:\/\/primermomento.com\/index.php?rest_route=\/wp\/v2\/users\/1"}],"replies":[{"embeddable":true,"href":"https:\/\/primermomento.com\/index.php?rest_route=%2Fwp%2Fv2%2Fcomments&post=292545"}],"version-history":[{"count":0,"href":"https:\/\/primermomento.com\/index.php?rest_route=\/wp\/v2\/posts\/292545\/revisions"}],"wp:attachment":[{"href":"https:\/\/primermomento.com\/index.php?rest_route=%2Fwp%2Fv2%2Fmedia&parent=292545"}],"wp:term":[{"taxonomy":"category","embeddable":true,"href":"https:\/\/primermomento.com\/index.php?rest_route=%2Fwp%2Fv2%2Fcategories&post=292545"},{"taxonomy":"post_tag","embeddable":true,"href":"https:\/\/primermomento.com\/index.php?rest_route=%2Fwp%2Fv2%2Ftags&post=292545"}],"curies":[{"name":"wp","href":"https:\/\/api.w.org\/{rel}","templated":true}]}}