{"id":292570,"date":"2017-08-03T17:42:35","date_gmt":"2017-08-03T21:42:35","guid":{"rendered":"http:\/\/primermomento.com\/?p=292570"},"modified":"2017-08-03T17:42:35","modified_gmt":"2017-08-03T21:42:35","slug":"se-extiende-a-tres-dias-la-huelga-en-san-francisco-de-macoris","status":"publish","type":"post","link":"https:\/\/primermomento.com\/?p=292570","title":{"rendered":"Se extiende a tres d\u00edas la huelga en San Francisco de Macor\u00eds"},"content":{"rendered":"<div class=\"fullNewsIntrotext\">SAN FRANCISCO DE MACORIS, Rep\u00fablica Dominicana.- Por tercer d\u00eda consecutivo se extendi\u00f3 la huelga en la ciudad nordestina de San Francisco de Macor\u00eds, sobrevolada hoy por helic\u00f3pteros de la Fuerza A\u00e9rea Dominicana (FAD) y reforzada con un gran contingente policial llegado esta ma\u00f1ana.<\/div>\n<div><\/div>\n<div class=\"fullNewsFulltext\"><img loading=\"lazy\" decoding=\"async\" class=\"size-medium wp-image-292571 alignleft\" src=\"http:\/\/primermomento.com\/wp-content\/uploads\/2017\/08\/huelga-san-francisco-300x201.jpg\" alt=\"\" width=\"300\" height=\"201\" srcset=\"https:\/\/primermomento.com\/wp-content\/uploads\/2017\/08\/huelga-san-francisco-300x201.jpg 300w, https:\/\/primermomento.com\/wp-content\/uploads\/2017\/08\/huelga-san-francisco-768x515.jpg 768w, https:\/\/primermomento.com\/wp-content\/uploads\/2017\/08\/huelga-san-francisco-73x50.jpg 73w, https:\/\/primermomento.com\/wp-content\/uploads\/2017\/08\/huelga-san-francisco-500x335.jpg 500w, https:\/\/primermomento.com\/wp-content\/uploads\/2017\/08\/huelga-san-francisco-280x188.jpg 280w, https:\/\/primermomento.com\/wp-content\/uploads\/2017\/08\/huelga-san-francisco-60x40.jpg 60w, https:\/\/primermomento.com\/wp-content\/uploads\/2017\/08\/huelga-san-francisco-638x427.jpg 638w, https:\/\/primermomento.com\/wp-content\/uploads\/2017\/08\/huelga-san-francisco-118x79.jpg 118w, https:\/\/primermomento.com\/wp-content\/uploads\/2017\/08\/huelga-san-francisco-479x321.jpg 479w, https:\/\/primermomento.com\/wp-content\/uploads\/2017\/08\/huelga-san-francisco.jpg 800w\" sizes=\"auto, (max-width: 300px) 100vw, 300px\" \/>En diversos barrios se alzan columnas de humo por llantas y basuras quemadas y aumenta la tensi\u00f3n debido a los enfrentamientos que causaron la muerte a un reconocido activista comunitario de 26 a\u00f1os y heridas a dos agentes.<\/p>\n<p>Anoche un grupo de encapuchados y miembros de la polic\u00eda intercambiaron disparos frente a la casa del gobernador de la provincia, Juan Antigua Javier, quien acus\u00f3 a los dirigentes del Frente Amplio de Lucha Popular (Falpo) Ra\u00fal Monegro y Joel Mart\u00ednez.<\/p>\n<p>Varios comercios y entidades bancarias que llevaban dos d\u00edas cerrados abrieron sus puertas t\u00edmidamente, pero otros no se atreven a funcionar ante lo que pueda suceder, mientras los empresarios del comercio llaman a los huelguistas y al Gobierno a dialogar y buscar consenso.<\/p>\n<p>La huelga comenz\u00f3 el martes pac\u00edficamente enarbolando consignas como castigar a los corruptos, llevar a juicio a los responsables del desfalco millonario detectado en el ayuntamiento municipal y construir diversas infraestructuras.<\/p>\n<p>Pero la protesta se radicaliz\u00f3 con el asesinato del joven Vladimir Lantigua Baldera, reconocido activista comunitario, dirigente del Frente Estudiantil de Liberaci\u00f3n Am\u00edn Abel (Felabel), militante del Movimiento Popular Dominicano (MPD) y miembro del Falpo.<\/p>\n<p>Varias personas han confesado a los medios locales que nunca vieron disturbios tan fuertes en la capital de la provincia Duarte y seg\u00fan los reportes muchos han preferido permanecer en sus viviendas hasta que se calmen los \u00e1nimos.<\/p>\n<p>La muerte de Lantigua gener\u00f3 tambi\u00e9n disturbios en esta capital donde hubo enfrentamientos a pedradas y gases lacrim\u00f3genos entre encapuchados y polic\u00edas en la Universidad Aut\u00f3noma de Santo Domingo (UASD).<\/p>\n<p>La candidata a la rector\u00eda de la UASD, Emma Polanco, lament\u00f3 la muerte del universitario y activista social Lantigua y a nombre de la comunidad universitaria exigi\u00f3 que se profundicen las investigaciones para que vayan a la c\u00e1rcel los responsables del asesinato.<\/p>\n<p>No puede quedar impune esta muerte, insisti\u00f3 Polanco quien describi\u00f3 a Lantigua como un joven dominicano noble, honesto, trabajador y sobre todo un luchador por los derechos ciudadanos.<\/p><\/div>\n<div><\/div>\n<div style=\"text-align: right;\"><em><span style=\"color: #ff0000;\">PL<\/span><\/em><\/div>\n","protected":false},"excerpt":{"rendered":"<p>SAN FRANCISCO DE MACORIS, Rep\u00fablica Dominicana.- Por tercer d\u00eda consecutivo se extendi\u00f3 la huelga en la ciudad nordestina de San Francisco de Macor\u00eds, sobrevolada hoy por helic\u00f3pteros de la Fuerza A\u00e9rea Dominicana (FAD) y reforzada con un gran contingente policial llegado esta ma\u00f1ana. En diversos barrios se alzan columnas de humo por llantas y basuras [&hellip;]<\/p>\n","protected":false},"author":1,"featured_media":0,"comment_status":"open","ping_status":"open","sticky":false,"template":"","format":"standard","meta":{"_bbp_topic_count":0,"_bbp_reply_count":0,"_bbp_total_topic_count":0,"_bbp_total_reply_count":0,"_bbp_voice_count":0,"_bbp_anonymous_reply_count":0,"_bbp_topic_count_hidden":0,"_bbp_reply_count_hidden":0,"_bbp_forum_subforum_count":0,"footnotes":""},"categories":[60,32],"tags":[],"class_list":{"0":"post-292570","1":"post","2":"type-post","3":"status-publish","4":"format-standard","6":"category-titulares-del-dia","7":"category-lo-ultimo"},"_links":{"self":[{"href":"https:\/\/primermomento.com\/index.php?rest_route=\/wp\/v2\/posts\/292570","targetHints":{"allow":["GET"]}}],"collection":[{"href":"https:\/\/primermomento.com\/index.php?rest_route=\/wp\/v2\/posts"}],"about":[{"href":"https:\/\/primermomento.com\/index.php?rest_route=\/wp\/v2\/types\/post"}],"author":[{"embeddable":true,"href":"https:\/\/primermomento.com\/index.php?rest_route=\/wp\/v2\/users\/1"}],"replies":[{"embeddable":true,"href":"https:\/\/primermomento.com\/index.php?rest_route=%2Fwp%2Fv2%2Fcomments&post=292570"}],"version-history":[{"count":0,"href":"https:\/\/primermomento.com\/index.php?rest_route=\/wp\/v2\/posts\/292570\/revisions"}],"wp:attachment":[{"href":"https:\/\/primermomento.com\/index.php?rest_route=%2Fwp%2Fv2%2Fmedia&parent=292570"}],"wp:term":[{"taxonomy":"category","embeddable":true,"href":"https:\/\/primermomento.com\/index.php?rest_route=%2Fwp%2Fv2%2Fcategories&post=292570"},{"taxonomy":"post_tag","embeddable":true,"href":"https:\/\/primermomento.com\/index.php?rest_route=%2Fwp%2Fv2%2Ftags&post=292570"}],"curies":[{"name":"wp","href":"https:\/\/api.w.org\/{rel}","templated":true}]}}