{"id":292591,"date":"2017-08-03T21:29:42","date_gmt":"2017-08-04T01:29:42","guid":{"rendered":"http:\/\/primermomento.com\/?p=292591"},"modified":"2017-08-04T07:33:12","modified_gmt":"2017-08-04T11:33:12","slug":"acuerdo-puso-fin-a-paro-de-tres-dias-en-san-francisco","status":"publish","type":"post","link":"https:\/\/primermomento.com\/?p=292591","title":{"rendered":"Acuerdo puso fin a paro de tres d\u00edas en San Francisco"},"content":{"rendered":"<div class=\"fullNewsIntrotext\">SANTO DOMINGO, Rep\u00fablica Dominicana.- El Frente Amplio de Lucha Popular (Falpo) finaliz\u00f3 hoy la huelga de tres d\u00edas en San Francisco de Macor\u00eds despu\u00e9s de una negociaci\u00f3n donde las autoridades se comprometieron a dar con el asesino del reconocido activista comunitario Vladimir Lantigua.<\/div>\n<div><\/div>\n<div class=\"fullNewsFulltext\">\n<figure id=\"attachment_292592\" aria-describedby=\"caption-attachment-292592\" style=\"width: 300px\" class=\"wp-caption alignleft\"><img loading=\"lazy\" decoding=\"async\" class=\"size-medium wp-image-292592\" src=\"http:\/\/primermomento.com\/wp-content\/uploads\/2017\/08\/paro-san-francisco-300x149.jpg\" alt=\"\" width=\"300\" height=\"149\" srcset=\"https:\/\/primermomento.com\/wp-content\/uploads\/2017\/08\/paro-san-francisco-300x149.jpg 300w, https:\/\/primermomento.com\/wp-content\/uploads\/2017\/08\/paro-san-francisco-500x249.jpg 500w, https:\/\/primermomento.com\/wp-content\/uploads\/2017\/08\/paro-san-francisco-280x139.jpg 280w, https:\/\/primermomento.com\/wp-content\/uploads\/2017\/08\/paro-san-francisco-638x317.jpg 638w, https:\/\/primermomento.com\/wp-content\/uploads\/2017\/08\/paro-san-francisco-118x59.jpg 118w, https:\/\/primermomento.com\/wp-content\/uploads\/2017\/08\/paro-san-francisco-479x238.jpg 479w, https:\/\/primermomento.com\/wp-content\/uploads\/2017\/08\/paro-san-francisco.jpg 680w\" sizes=\"auto, (max-width: 300px) 100vw, 300px\" \/><figcaption id=\"caption-attachment-292592\" class=\"wp-caption-text\">Acusan a patrulla policial de matar a estudiante en San Francisco de Macor\u00eds.<\/figcaption><\/figure>\n<p>El paro, iniciado el martes, ten\u00eda originalmente 48 horas de duraci\u00f3n y los participantes reclamaban una serie de obras, la investigaci\u00f3n de un desfalco de 400 millones de pesos ocurrido en el Ayuntamiento y llevar a la justicia a los culpables.<\/p>\n<p>Pero la protesta se radicaliz\u00f3 cuando en medio de la represi\u00f3n policial fue ultimado Lantigua, activista del Falpo, del Frente Estudiantil de Liberaci\u00f3n Am\u00edn Abel (Felabel) y del Movimiento Popular Dominicano (MPD).<\/p>\n<p>El Falpo acus\u00f3 a dos polic\u00edas de la muerte de Lantigua, alcanzado en el rostro por un disparo de escopeta, pero ese cuerpo de seguridad se desvincul\u00f3 del hecho, al asegurar que la bala que impact\u00f3 el joven era de un arma de fabricaci\u00f3n casera, algo cuestionado por los huelguistas.<\/p>\n<p>A partir de ese momento los \u00e1nimos se caldearon y la poblaci\u00f3n vivi\u00f3 momentos de tensi\u00f3n por tiroteos y quemas de neum\u00e1ticos y en la ma\u00f1ana de este jueves fue enviado un fuerte contingente policial que incursion\u00f3 en los barrios apoyado por helic\u00f3pteros.<\/p>\n<p>En la tarde de hoy se reunieron comerciantes, autoridades y representantes del Falpo, y negociaron una soluci\u00f3n para finalizar la protesta que seg\u00fan due\u00f1os de comercios ha ocasionado p\u00e9rdidas millonarias por el cierre de los negocios.<\/p>\n<p>El di\u00e1logo para poner fin al paro se desarroll\u00f3 durante varias horas en la sede de la C\u00e1mara de Comercio y Producci\u00f3n y termin\u00f3 despu\u00e9s de las 19:00, hora local, aunque la ciudad a\u00fan se mantiene tensa por la presencia de uniformados armados.<\/p>\n<p>Los dirigentes comunitarios y populares Ra\u00fal Monegro y Odil\u00edn Morel informaron que se decidi\u00f3 conformar una comisi\u00f3n compuesta por el gobernador provincial, el obispo cat\u00f3lico, los comerciantes y las autoridades policiales.<\/p>\n<p>Esa comisi\u00f3n deber\u00e1 llevar a San Francisco de Macor\u00eds a los principales ministros del Gobierno que tienen que ver con las obras reclamadas por diversos barrios, algo confirmado luego en rueda de prensa por el gobernador, Juan Antigua Javier.<\/p>\n<p>Tambi\u00e9n se cre\u00f3 una comisi\u00f3n para investigar la muerte de Lantigua, integrada por dos altos oficiales de la polic\u00c3\u00aca, el procurador fiscal municipal, Regis Victorio Reyes, y el representante de los Derechos Humanos, pastor David Philps.<\/p>\n<p>En los violentos incidentes, adem\u00e1s de lamentar la muerte de Lantigua, fueron heridos varios j\u00f3venes por los perdigonazos lanzados por la polic\u00eda.<\/p>\n<p>Asimismo resultaron heridos, aunque no de gravedad, el segundo teniente Jos\u00e9 Miguel Jim\u00e9nez y los rasos policiales \u00c1ngel Gabriel Garc\u00eda y Luiggi Polanco, quienes fueron atendidos en diferentes centros de salud.<\/p>\n<p>Las protestas de San Francisco de Macor\u00eds tuvieron repercusi\u00f3n en esta capital y por tercer d\u00eda consecutivo hubo que suspender la docencia en la Universidad Aut\u00f3noma de Santo Domingo (UASD) donde hubo enfrentamientos con la polic\u00eda por el asesinato de Lantigua.<\/p><\/div>\n<div><\/div>\n<div style=\"text-align: right;\"><span style=\"color: #ff0000;\"><em>PL<\/em><\/span><\/div>\n","protected":false},"excerpt":{"rendered":"<p>SANTO DOMINGO, Rep\u00fablica Dominicana.- El Frente Amplio de Lucha Popular (Falpo) finaliz\u00f3 hoy la huelga de tres d\u00edas en San Francisco de Macor\u00eds despu\u00e9s de una negociaci\u00f3n donde las autoridades se comprometieron a dar con el asesino del reconocido activista comunitario Vladimir Lantigua. El paro, iniciado el martes, ten\u00eda originalmente 48 horas de duraci\u00f3n y [&hellip;]<\/p>\n","protected":false},"author":1,"featured_media":0,"comment_status":"open","ping_status":"open","sticky":false,"template":"","format":"standard","meta":{"_bbp_topic_count":0,"_bbp_reply_count":0,"_bbp_total_topic_count":0,"_bbp_total_reply_count":0,"_bbp_voice_count":0,"_bbp_anonymous_reply_count":0,"_bbp_topic_count_hidden":0,"_bbp_reply_count_hidden":0,"_bbp_forum_subforum_count":0,"footnotes":""},"categories":[30,60],"tags":[],"class_list":{"0":"post-292591","1":"post","2":"type-post","3":"status-publish","4":"format-standard","6":"category-actualidad","7":"category-titulares-del-dia"},"_links":{"self":[{"href":"https:\/\/primermomento.com\/index.php?rest_route=\/wp\/v2\/posts\/292591","targetHints":{"allow":["GET"]}}],"collection":[{"href":"https:\/\/primermomento.com\/index.php?rest_route=\/wp\/v2\/posts"}],"about":[{"href":"https:\/\/primermomento.com\/index.php?rest_route=\/wp\/v2\/types\/post"}],"author":[{"embeddable":true,"href":"https:\/\/primermomento.com\/index.php?rest_route=\/wp\/v2\/users\/1"}],"replies":[{"embeddable":true,"href":"https:\/\/primermomento.com\/index.php?rest_route=%2Fwp%2Fv2%2Fcomments&post=292591"}],"version-history":[{"count":0,"href":"https:\/\/primermomento.com\/index.php?rest_route=\/wp\/v2\/posts\/292591\/revisions"}],"wp:attachment":[{"href":"https:\/\/primermomento.com\/index.php?rest_route=%2Fwp%2Fv2%2Fmedia&parent=292591"}],"wp:term":[{"taxonomy":"category","embeddable":true,"href":"https:\/\/primermomento.com\/index.php?rest_route=%2Fwp%2Fv2%2Fcategories&post=292591"},{"taxonomy":"post_tag","embeddable":true,"href":"https:\/\/primermomento.com\/index.php?rest_route=%2Fwp%2Fv2%2Ftags&post=292591"}],"curies":[{"name":"wp","href":"https:\/\/api.w.org\/{rel}","templated":true}]}}