{"id":292594,"date":"2017-08-04T18:27:23","date_gmt":"2017-08-04T22:27:23","guid":{"rendered":"http:\/\/primermomento.com\/?p=292594"},"modified":"2017-08-04T18:27:23","modified_gmt":"2017-08-04T22:27:23","slug":"alcalde-de-caracas-antonio-ledezma-vuelve-al-arresto-domiciliario","status":"publish","type":"post","link":"https:\/\/primermomento.com\/?p=292594","title":{"rendered":"Alcalde de Caracas Antonio Ledezma vuelve al arresto domiciliario"},"content":{"rendered":"<p>CARACAS, Venezuela.- El exalcalde de Caracas, Antonio Ledezma, fue trasladado sorpresivamente de regreso a su residencia, seg\u00fan inform\u00f3 la madrugada del viernes su esposa, Mitzy Capriles, en su cuenta de Twitter.<\/p>\n<figure id=\"attachment_292595\" aria-describedby=\"caption-attachment-292595\" style=\"width: 300px\" class=\"wp-caption alignleft\"><img loading=\"lazy\" decoding=\"async\" class=\"size-medium wp-image-292595\" src=\"http:\/\/primermomento.com\/wp-content\/uploads\/2017\/08\/alcalde-ledesma-300x169.jpg\" alt=\"\" width=\"300\" height=\"169\" srcset=\"https:\/\/primermomento.com\/wp-content\/uploads\/2017\/08\/alcalde-ledesma-300x169.jpg 300w, https:\/\/primermomento.com\/wp-content\/uploads\/2017\/08\/alcalde-ledesma-768x432.jpg 768w, https:\/\/primermomento.com\/wp-content\/uploads\/2017\/08\/alcalde-ledesma-478x270.jpg 478w, https:\/\/primermomento.com\/wp-content\/uploads\/2017\/08\/alcalde-ledesma-500x281.jpg 500w, https:\/\/primermomento.com\/wp-content\/uploads\/2017\/08\/alcalde-ledesma-280x157.jpg 280w, https:\/\/primermomento.com\/wp-content\/uploads\/2017\/08\/alcalde-ledesma-638x359.jpg 638w, https:\/\/primermomento.com\/wp-content\/uploads\/2017\/08\/alcalde-ledesma-118x66.jpg 118w, https:\/\/primermomento.com\/wp-content\/uploads\/2017\/08\/alcalde-ledesma-479x269.jpg 479w, https:\/\/primermomento.com\/wp-content\/uploads\/2017\/08\/alcalde-ledesma.jpg 1023w\" sizes=\"auto, (max-width: 300px) 100vw, 300px\" \/><figcaption id=\"caption-attachment-292595\" class=\"wp-caption-text\">Exalcalde de Caracas, Antonio Ledezma, regres\u00f3 el viernes a su condici\u00f3n de arresto domiciliario.<\/figcaption><\/figure>\n<p>\u2018\u2019Informo al pa\u00eds que hace minutos sorpresivamente a Antonio lo trajo el SEBIN a nuestra residencia. Vuelve a la casa por c\u00e1rcel\u2019\u2019, escribi\u00f3. SEBIN es el Servicio Bolivariano de Inteligencia.<\/p>\n<p>Antonio Ledezma, exalcalde del municipio Libertador de Caracas, fue sacado por la fuerza el lunes por agentes de ese cuerpo de inteligencia pol\u00edtica, en una operaci\u00f3n paralela en la que tambi\u00e9n sacaron de su casa a Leopoldo L\u00f3pez. Ambos estaban bajo arresto domiciliario.<\/p>\n<p>El exalcalde fue detenido en febrero de 2015, permaneci\u00f3 cuatro meses en la c\u00e1rcel y luego fue puesto en arresto domiciliario en mayo de ese mismo a\u00f1o.<\/p>\n<p style=\"text-align: right;\"><span style=\"color: #ff0000;\"><em>VOANEWS<\/em><\/span><\/p>\n","protected":false},"excerpt":{"rendered":"<p>CARACAS, Venezuela.- El exalcalde de Caracas, Antonio Ledezma, fue trasladado sorpresivamente de regreso a su residencia, seg\u00fan inform\u00f3 la madrugada del viernes su esposa, Mitzy Capriles, en su cuenta de Twitter. \u2018\u2019Informo al pa\u00eds que hace minutos sorpresivamente a Antonio lo trajo el SEBIN a nuestra residencia. Vuelve a la casa por c\u00e1rcel\u2019\u2019, escribi\u00f3. SEBIN [&hellip;]<\/p>\n","protected":false},"author":1,"featured_media":0,"comment_status":"open","ping_status":"open","sticky":false,"template":"","format":"standard","meta":{"_bbp_topic_count":0,"_bbp_reply_count":0,"_bbp_total_topic_count":0,"_bbp_total_reply_count":0,"_bbp_voice_count":0,"_bbp_anonymous_reply_count":0,"_bbp_topic_count_hidden":0,"_bbp_reply_count_hidden":0,"_bbp_forum_subforum_count":0,"footnotes":""},"categories":[60,31],"tags":[],"class_list":{"0":"post-292594","1":"post","2":"type-post","3":"status-publish","4":"format-standard","6":"category-titulares-del-dia","7":"category-estados-unidos"},"_links":{"self":[{"href":"https:\/\/primermomento.com\/index.php?rest_route=\/wp\/v2\/posts\/292594","targetHints":{"allow":["GET"]}}],"collection":[{"href":"https:\/\/primermomento.com\/index.php?rest_route=\/wp\/v2\/posts"}],"about":[{"href":"https:\/\/primermomento.com\/index.php?rest_route=\/wp\/v2\/types\/post"}],"author":[{"embeddable":true,"href":"https:\/\/primermomento.com\/index.php?rest_route=\/wp\/v2\/users\/1"}],"replies":[{"embeddable":true,"href":"https:\/\/primermomento.com\/index.php?rest_route=%2Fwp%2Fv2%2Fcomments&post=292594"}],"version-history":[{"count":0,"href":"https:\/\/primermomento.com\/index.php?rest_route=\/wp\/v2\/posts\/292594\/revisions"}],"wp:attachment":[{"href":"https:\/\/primermomento.com\/index.php?rest_route=%2Fwp%2Fv2%2Fmedia&parent=292594"}],"wp:term":[{"taxonomy":"category","embeddable":true,"href":"https:\/\/primermomento.com\/index.php?rest_route=%2Fwp%2Fv2%2Fcategories&post=292594"},{"taxonomy":"post_tag","embeddable":true,"href":"https:\/\/primermomento.com\/index.php?rest_route=%2Fwp%2Fv2%2Ftags&post=292594"}],"curies":[{"name":"wp","href":"https:\/\/api.w.org\/{rel}","templated":true}]}}