{"id":292600,"date":"2017-08-04T18:33:01","date_gmt":"2017-08-04T22:33:01","guid":{"rendered":"http:\/\/primermomento.com\/?p=292600"},"modified":"2017-08-04T18:33:01","modified_gmt":"2017-08-04T22:33:01","slug":"donald-trump-se-prepara-para-temporada-de-huracanes","status":"publish","type":"post","link":"https:\/\/primermomento.com\/?p=292600","title":{"rendered":"Donald Trump se prepara para temporada de huracanes"},"content":{"rendered":"<div class=\"wsw\">\n<p>WASHINGTON, Distrito de Columbia.- El presidente de Estados Unidos, Donald Trump, visit\u00f3 el viernes la sede de la Administraci\u00f3n de Manejo de Emergencia (FEMA) junto al vicepresidente Mike Pence para discutir sobre los preparativos para la presente temporada de huracanes.<\/p>\n<figure id=\"attachment_292601\" aria-describedby=\"caption-attachment-292601\" style=\"width: 300px\" class=\"wp-caption alignleft\"><img loading=\"lazy\" decoding=\"async\" class=\"size-medium wp-image-292601\" src=\"http:\/\/primermomento.com\/wp-content\/uploads\/2017\/08\/trump-y-fema-300x169.jpg\" alt=\"\" width=\"300\" height=\"169\" srcset=\"https:\/\/primermomento.com\/wp-content\/uploads\/2017\/08\/trump-y-fema-300x169.jpg 300w, https:\/\/primermomento.com\/wp-content\/uploads\/2017\/08\/trump-y-fema-768x432.jpg 768w, https:\/\/primermomento.com\/wp-content\/uploads\/2017\/08\/trump-y-fema-478x270.jpg 478w, https:\/\/primermomento.com\/wp-content\/uploads\/2017\/08\/trump-y-fema-500x281.jpg 500w, https:\/\/primermomento.com\/wp-content\/uploads\/2017\/08\/trump-y-fema-280x157.jpg 280w, https:\/\/primermomento.com\/wp-content\/uploads\/2017\/08\/trump-y-fema-638x359.jpg 638w, https:\/\/primermomento.com\/wp-content\/uploads\/2017\/08\/trump-y-fema-118x66.jpg 118w, https:\/\/primermomento.com\/wp-content\/uploads\/2017\/08\/trump-y-fema-479x269.jpg 479w, https:\/\/primermomento.com\/wp-content\/uploads\/2017\/08\/trump-y-fema.jpg 1023w\" sizes=\"auto, (max-width: 300px) 100vw, 300px\" \/><figcaption id=\"caption-attachment-292601\" class=\"wp-caption-text\">El presidente Donald Trump visit\u00f3 las instalaciones de FEMA en Washington, DC.<\/figcaption><\/figure>\n<p>Trump habl\u00f3 sobre c\u00f3mo se prepara el gobierno estadounidense para hacer frente a posibles huracanes durante el resto del verano y el inicio del oto\u00f1o.<\/p>\n<p>\u00abSomos muy fuertes en Seguridad Nacional y somos muy fuertes con respecto a FEMA\u00bb, dijo Trump. \u00abFEMA es algo en lo que ya he estado involucrado&#8217;, agreg\u00f3.<\/p>\n<p>El presidente discuti\u00f3 brevemente sobre sobre la respuesta de FEMA cuando se necesitan fondos federales y c\u00f3mo se aplican esos fondos.<\/p>\n<p>\u00abYa nos hemos ocupado de muchas de las situaciones que realmente necesitaban fondos de emergencia\u00bb, dijo Trump. \u00abLo hacemos r\u00e1pidamente, lo hacemos con eficacia, tenemos un equipo incre\u00edble\u00bb, agreg\u00f3 el mandatario.<\/p>\n<p>Las autoridades federales pronosticaron que en mayo EE.UU. podr\u00eda enfrentar de 11 a 17 tormentas severas, incluidos siete a nueve huracanes.<\/p>\n<p>La Administraci\u00f3n Nacional Atmosf\u00e9rica y Oce\u00e1nica pronosticaron dos a cuatro huracanes \u201cgrandes\u201d con vientos sostenidos de por lo menos 111 mph.<\/p>\n<p>Los meteor\u00f3logos esperan aguas m\u00e1s c\u00e1lidas que el promedio a trav\u00e9s del oc\u00e9ano Atl\u00e1ntico tropical y el mar Caribe este verano.<\/p>\n<p>La tormenta tropical Emily empap\u00f3 partes de Florida a principios de esta semana con lluvia, pero no se han formado huracanes hasta el momento.<\/p>\n<p style=\"text-align: right;\"><span style=\"color: #ff0000;\"><em>VOANEWS<\/em><\/span><\/p>\n<\/div>\n","protected":false},"excerpt":{"rendered":"<p>WASHINGTON, Distrito de Columbia.- El presidente de Estados Unidos, Donald Trump, visit\u00f3 el viernes la sede de la Administraci\u00f3n de Manejo de Emergencia (FEMA) junto al vicepresidente Mike Pence para discutir sobre los preparativos para la presente temporada de huracanes. Trump habl\u00f3 sobre c\u00f3mo se prepara el gobierno estadounidense para hacer frente a posibles huracanes [&hellip;]<\/p>\n","protected":false},"author":1,"featured_media":0,"comment_status":"open","ping_status":"open","sticky":false,"template":"","format":"standard","meta":{"_bbp_topic_count":0,"_bbp_reply_count":0,"_bbp_total_topic_count":0,"_bbp_total_reply_count":0,"_bbp_voice_count":0,"_bbp_anonymous_reply_count":0,"_bbp_topic_count_hidden":0,"_bbp_reply_count_hidden":0,"_bbp_forum_subforum_count":0,"footnotes":""},"categories":[60,32],"tags":[],"class_list":{"0":"post-292600","1":"post","2":"type-post","3":"status-publish","4":"format-standard","6":"category-titulares-del-dia","7":"category-lo-ultimo"},"_links":{"self":[{"href":"https:\/\/primermomento.com\/index.php?rest_route=\/wp\/v2\/posts\/292600","targetHints":{"allow":["GET"]}}],"collection":[{"href":"https:\/\/primermomento.com\/index.php?rest_route=\/wp\/v2\/posts"}],"about":[{"href":"https:\/\/primermomento.com\/index.php?rest_route=\/wp\/v2\/types\/post"}],"author":[{"embeddable":true,"href":"https:\/\/primermomento.com\/index.php?rest_route=\/wp\/v2\/users\/1"}],"replies":[{"embeddable":true,"href":"https:\/\/primermomento.com\/index.php?rest_route=%2Fwp%2Fv2%2Fcomments&post=292600"}],"version-history":[{"count":0,"href":"https:\/\/primermomento.com\/index.php?rest_route=\/wp\/v2\/posts\/292600\/revisions"}],"wp:attachment":[{"href":"https:\/\/primermomento.com\/index.php?rest_route=%2Fwp%2Fv2%2Fmedia&parent=292600"}],"wp:term":[{"taxonomy":"category","embeddable":true,"href":"https:\/\/primermomento.com\/index.php?rest_route=%2Fwp%2Fv2%2Fcategories&post=292600"},{"taxonomy":"post_tag","embeddable":true,"href":"https:\/\/primermomento.com\/index.php?rest_route=%2Fwp%2Fv2%2Ftags&post=292600"}],"curies":[{"name":"wp","href":"https:\/\/api.w.org\/{rel}","templated":true}]}}