{"id":292612,"date":"2017-08-04T19:37:00","date_gmt":"2017-08-04T23:37:00","guid":{"rendered":"http:\/\/primermomento.com\/?p=292612"},"modified":"2017-08-04T19:37:58","modified_gmt":"2017-08-04T23:37:58","slug":"bani-en-prision-prima-de-hombre-secuestrado-y-asesinado","status":"publish","type":"post","link":"https:\/\/primermomento.com\/?p=292612","title":{"rendered":"BAN\u00cd | En prisi\u00f3n prima hermana de hombre secuestrado y asesinado"},"content":{"rendered":"<p>BAN\u00cd, Rep\u00fablica Dominicana.- Una prima hermana ha sido vinculada al secuestro y posterior asesinato de Edison Ad\u00eds Mej\u00eda Mej\u00eda, al\u00edas Titin, suceso ocurrido el mes pasado en Villa Sombrero.<\/p>\n<figure id=\"attachment_292146\" aria-describedby=\"caption-attachment-292146\" style=\"width: 300px\" class=\"wp-caption alignleft\"><img loading=\"lazy\" decoding=\"async\" class=\"size-medium wp-image-292146\" src=\"http:\/\/primermomento.com\/wp-content\/uploads\/2017\/07\/Daniela-Mej\u00eda-Mej\u00eda-300x244.jpg\" alt=\"\" width=\"300\" height=\"244\" srcset=\"https:\/\/primermomento.com\/wp-content\/uploads\/2017\/07\/Daniela-Mej\u00eda-Mej\u00eda-300x244.jpg 300w, https:\/\/primermomento.com\/wp-content\/uploads\/2017\/07\/Daniela-Mej\u00eda-Mej\u00eda-500x407.jpg 500w, https:\/\/primermomento.com\/wp-content\/uploads\/2017\/07\/Daniela-Mej\u00eda-Mej\u00eda-270x220.jpg 270w, https:\/\/primermomento.com\/wp-content\/uploads\/2017\/07\/Daniela-Mej\u00eda-Mej\u00eda-118x96.jpg 118w, https:\/\/primermomento.com\/wp-content\/uploads\/2017\/07\/Daniela-Mej\u00eda-Mej\u00eda-479x390.jpg 479w, https:\/\/primermomento.com\/wp-content\/uploads\/2017\/07\/Daniela-Mej\u00eda-Mej\u00eda.jpg 506w\" sizes=\"auto, (max-width: 300px) 100vw, 300px\" \/><figcaption id=\"caption-attachment-292146\" class=\"wp-caption-text\">Daniela Mej\u00eda Mej\u00eda.<\/figcaption><\/figure>\n<p>Por ese hecho, varios sospechosos permanecen en prisi\u00f3n preventiva en el penal del municipio de Ban\u00ed.<\/p>\n<p>El tribunal de la Atenci\u00f3n Permanente de San Jos\u00e9 de Ocoa, orden\u00f3 prisi\u00f3n preventiva a una joven del Distrito Municipal Villa Sombrero.<\/p>\n<p>A Daniela Mej\u00eda, de 18 a\u00f1os, prima hermana de Titin, la jueza Mary Jeannette D\u00edaz le impuso tres meses de prisi\u00f3n preventiva como medida de coerci\u00f3n.<\/p>\n<p>Mej\u00eda Mej\u00eda fue raptado y llevado en una jeepeta hasta San Jos\u00e9 de Ocoa, donde le quitaron la vida.<\/p>\n<p>Los mismos agresores tambi\u00e9n asesinaron a dos agentes policiales cuando estos ordenaron a los secuestradores a detenerse, en la localidad de Sabana Larga.<\/p>\n<p style=\"text-align: right;\"><span style=\"color: #ff0000;\">Primer<\/span>Momento<\/p>\n<p>&nbsp;<\/p>\n","protected":false},"excerpt":{"rendered":"<p>BAN\u00cd, Rep\u00fablica Dominicana.- Una prima hermana ha sido vinculada al secuestro y posterior asesinato de Edison Ad\u00eds Mej\u00eda Mej\u00eda, al\u00edas Titin, suceso ocurrido el mes pasado en Villa Sombrero. Por ese hecho, varios sospechosos permanecen en prisi\u00f3n preventiva en el penal del municipio de Ban\u00ed. El tribunal de la Atenci\u00f3n Permanente de San Jos\u00e9 de [&hellip;]<\/p>\n","protected":false},"author":1,"featured_media":0,"comment_status":"open","ping_status":"open","sticky":false,"template":"","format":"standard","meta":{"_bbp_topic_count":0,"_bbp_reply_count":0,"_bbp_total_topic_count":0,"_bbp_total_reply_count":0,"_bbp_voice_count":0,"_bbp_anonymous_reply_count":0,"_bbp_topic_count_hidden":0,"_bbp_reply_count_hidden":0,"_bbp_forum_subforum_count":0,"footnotes":""},"categories":[60,32],"tags":[],"class_list":{"0":"post-292612","1":"post","2":"type-post","3":"status-publish","4":"format-standard","6":"category-titulares-del-dia","7":"category-lo-ultimo"},"_links":{"self":[{"href":"https:\/\/primermomento.com\/index.php?rest_route=\/wp\/v2\/posts\/292612","targetHints":{"allow":["GET"]}}],"collection":[{"href":"https:\/\/primermomento.com\/index.php?rest_route=\/wp\/v2\/posts"}],"about":[{"href":"https:\/\/primermomento.com\/index.php?rest_route=\/wp\/v2\/types\/post"}],"author":[{"embeddable":true,"href":"https:\/\/primermomento.com\/index.php?rest_route=\/wp\/v2\/users\/1"}],"replies":[{"embeddable":true,"href":"https:\/\/primermomento.com\/index.php?rest_route=%2Fwp%2Fv2%2Fcomments&post=292612"}],"version-history":[{"count":0,"href":"https:\/\/primermomento.com\/index.php?rest_route=\/wp\/v2\/posts\/292612\/revisions"}],"wp:attachment":[{"href":"https:\/\/primermomento.com\/index.php?rest_route=%2Fwp%2Fv2%2Fmedia&parent=292612"}],"wp:term":[{"taxonomy":"category","embeddable":true,"href":"https:\/\/primermomento.com\/index.php?rest_route=%2Fwp%2Fv2%2Fcategories&post=292612"},{"taxonomy":"post_tag","embeddable":true,"href":"https:\/\/primermomento.com\/index.php?rest_route=%2Fwp%2Fv2%2Ftags&post=292612"}],"curies":[{"name":"wp","href":"https:\/\/api.w.org\/{rel}","templated":true}]}}