{"id":292621,"date":"2017-08-06T19:15:19","date_gmt":"2017-08-06T23:15:19","guid":{"rendered":"http:\/\/primermomento.com\/?p=292621"},"modified":"2017-08-06T19:15:19","modified_gmt":"2017-08-06T23:15:19","slug":"reportan-dos-muertos-y-10-detenidos-en-alzamiento-militar-en-venezuela","status":"publish","type":"post","link":"https:\/\/primermomento.com\/?p=292621","title":{"rendered":"Reportan dos muertos y 10 detenidos en alzamiento militar en Venezuela"},"content":{"rendered":"<p>CARACAS, Venezuela.- El presidente de Venezuela, Nicol\u00e1s Maduro, dijo la tarde del domingo que el alzamiento militar en la 41 Brigada Blindada de Naguanagua, en estado Carabobo, dej\u00f3 dos muertos y 10 detenidos \u2014nueve civiles y un militar.<\/p>\n<figure id=\"attachment_292622\" aria-describedby=\"caption-attachment-292622\" style=\"width: 300px\" class=\"wp-caption alignright\"><img loading=\"lazy\" decoding=\"async\" class=\"size-medium wp-image-292622\" src=\"http:\/\/primermomento.com\/wp-content\/uploads\/2017\/08\/brigada-militar-carabobo-300x169.jpg\" alt=\"\" width=\"300\" height=\"169\" srcset=\"https:\/\/primermomento.com\/wp-content\/uploads\/2017\/08\/brigada-militar-carabobo-300x169.jpg 300w, https:\/\/primermomento.com\/wp-content\/uploads\/2017\/08\/brigada-militar-carabobo-768x432.jpg 768w, https:\/\/primermomento.com\/wp-content\/uploads\/2017\/08\/brigada-militar-carabobo-478x270.jpg 478w, https:\/\/primermomento.com\/wp-content\/uploads\/2017\/08\/brigada-militar-carabobo-500x281.jpg 500w, https:\/\/primermomento.com\/wp-content\/uploads\/2017\/08\/brigada-militar-carabobo-280x157.jpg 280w, https:\/\/primermomento.com\/wp-content\/uploads\/2017\/08\/brigada-militar-carabobo-638x359.jpg 638w, https:\/\/primermomento.com\/wp-content\/uploads\/2017\/08\/brigada-militar-carabobo-118x66.jpg 118w, https:\/\/primermomento.com\/wp-content\/uploads\/2017\/08\/brigada-militar-carabobo-479x269.jpg 479w, https:\/\/primermomento.com\/wp-content\/uploads\/2017\/08\/brigada-militar-carabobo.jpg 1023w\" sizes=\"auto, (max-width: 300px) 100vw, 300px\" \/><figcaption id=\"caption-attachment-292622\" class=\"wp-caption-text\">Un helic\u00f3ptero vuela sobre el cuartel Paramacay en Valencia, Venezuela, donde se registr\u00f3 un alzamiento militar.<\/figcaption><\/figure>\n<p>El ataque rebelde al fuerte militar Paramacay en la ciudad de Valencia, inici\u00f3 a las 5 de la ma\u00f1ana y dur\u00f3 tres horas en las que hubo \u00abcombates internos\u00bb, dijo Maduro. Hubo reportes que los alzados lograron llegar hasta el parque de armas.<\/p>\n<p>Seg\u00fan el presidente las fuerzas leales a su gobierno \u00abhicieron huir a una parte de los atacantes mercenarios y terroristas\u00bb que aparentemente estuvieron liderados por el capit\u00e1n de la Guardia Nacional Bolivariana, Juan Caguaripano, quien hizo la declaraci\u00f3n de rebeld\u00eda anunciando la operaci\u00f3n \u00abDavid Carabobo\u00bb en un video difundido horas antes en las redes sociales.<\/p>\n<p>\u00abEst\u00e1n siendo buscados activamente parte de los que huyeron, y los vamos a capturar\u00bb, prometi\u00f3 Maduro.<\/p>\n<p>El jefe del Comando Estrat\u00e9gico Operacional de la Fuerza Armada Nacional Bolivariana, almirante Remigio Cede\u00f1o, calific\u00f3 el ataque de \u201cterrorista\u201d, como tambi\u00e9n lo hizo Diosdado Cabello, primer vicepresidente del PSUV.<\/p>\n<p>\u00abEn la madrugada atacantes terroristas entraron al Fuerte Paramacay, en Valencia, atentando contra nuestra FANB. Varios terroristas detenidos\u00bb, indic\u00f3 Cabello al anunciar que se hab\u00eda \u00abcontrolado la situaci\u00f3n\u00bb.<\/p>\n<p>Acompa\u00f1ado de centenares de uniformados, el comandante del Ej\u00e9rcito, mayor general Jes\u00fas Su\u00e1rez Chourio, anunci\u00f3 que \u201cfueron derrotados\u201d unos presuntos \u201cparamilitares\u201d que asaltaron la instalaci\u00f3n militar. \u201cLa canalla nuevamente fue derrotada. Recuerden que la patria quiere estar en paz\u201d, expres\u00f3 Su\u00e1rez Chourio, ex miembro del grupo de seguridad del fallecido presidente Hugo Ch\u00e1vez, en un video que difundi\u00f3 el ex gobernador oficialista de Carabobo, Francisco Ameliach.<\/p>\n<p>La fuerza armada indic\u00f3 en un comunicado difundido por medios locales que el ataque fue ejecutado por un \u201cgrupo de delincuentes civiles portando prendas militares\u201d y \u201cun primer teniente en situaci\u00f3n de deserci\u00f3n\u201d, quien ya fue arrestado.<\/p>\n<p>En el video difundido, los rebeldes dicen:\u00bbNos declaramos en leg\u00edtima rebeld\u00eda, unidos hoy m\u00e1s que nunca, con el bravo pueblo de Venezuela, para desconocer la tiran\u00eda asesina de Nicol\u00e1s Maduro. Aclaramos que esto no es un golpe de Estado. Esta es una acci\u00f3n c\u00edvica y militar para restablecer el orden constitucional. Pero m\u00e1s a\u00fan, para salvar al pa\u00eds de la destrucci\u00f3n total, para detener los asesinatos de nuestros j\u00f3venes y familiares\u00bb, explic\u00f3 Caguaripano, quien es buscado desde 2014 por apoyar el movimiento disidente \u00abLa Salida\u00bb.<\/p>\n<p>Indic\u00f3 que, como militares institucionales, reconocen y respetan a la Asamblea Nacional, pero exigen que reconozca \u00abla voluntad de un pueblo por librarse de la tiran\u00eda\u00bb.<\/p>\n<p>\u00abSe\u00f1ores de la Asamblea Nacional, ya pas\u00f3 el tiempo de pactos y acuerdos ocultos entre tiranos y traidores. Necesitamos pol\u00edticos honestos, que pasen por encima de las c\u00fapulas corruptas que traicionan al pueblo. Exigimos la conformaci\u00f3n inmediata de un gobierno de transici\u00f3n y elecciones generales libres\u00bb.<\/p>\n<p>Los detenidos estar\u00edan siendo interrogados y aportando datos sobre el grupo insurgente, agreg\u00f3 el militar.<\/p>\n<p>Desde tempranas horas se escucharon detonaciones en el lugar. Videos colgados en las redes sociales mostraron la salida de varios veh\u00edculos de la policia del fuerte. En el fondo se oyen disparos y gritos de los vecinos que apoyaban a los militares disidentes.<\/p>\n<p>Posteriormente la polic\u00eda arroj\u00f3 bombas lacrim\u00f3genas a los manifestantes que se concentraron en las inmediaciones de la base militar.<\/p>\n<p>El mando militar ha dado fuerte apoyo al gobierno de Maduro y a la instalaci\u00f3n de la Asamblea Constituyente que ha tomado el control pol\u00edtico del pa\u00eds desde su instalaci\u00f3n el viernes.<\/p>\n<p>Por el momento se desconoce el paradero del capit\u00e1n Caguaripano.<\/p>\n<p>En relaci\u00f3n al v\u00eddeo, que difundi\u00f3 el supuesto grupo rebelde, se se\u00f1ala que fue grabado por un \u201coficial subalterno\u201d que hace tres a\u00f1os fue retirado por los presuntos delitos de \u201ctraici\u00f3n a la patria\u201d y \u201crebeli\u00f3n\u201d, y que huy\u00f3 hacia Estados Unidos.<\/p>\n<p style=\"text-align: right;\"><span style=\"color: #ff0000;\"><em>VOANEWS<\/em><\/span><\/p>\n","protected":false},"excerpt":{"rendered":"<p>CARACAS, Venezuela.- El presidente de Venezuela, Nicol\u00e1s Maduro, dijo la tarde del domingo que el alzamiento militar en la 41 Brigada Blindada de Naguanagua, en estado Carabobo, dej\u00f3 dos muertos y 10 detenidos \u2014nueve civiles y un militar. El ataque rebelde al fuerte militar Paramacay en la ciudad de Valencia, inici\u00f3 a las 5 de [&hellip;]<\/p>\n","protected":false},"author":1,"featured_media":0,"comment_status":"open","ping_status":"open","sticky":false,"template":"","format":"standard","meta":{"_bbp_topic_count":0,"_bbp_reply_count":0,"_bbp_total_topic_count":0,"_bbp_total_reply_count":0,"_bbp_voice_count":0,"_bbp_anonymous_reply_count":0,"_bbp_topic_count_hidden":0,"_bbp_reply_count_hidden":0,"_bbp_forum_subforum_count":0,"footnotes":""},"categories":[60,31],"tags":[],"class_list":{"0":"post-292621","1":"post","2":"type-post","3":"status-publish","4":"format-standard","6":"category-titulares-del-dia","7":"category-estados-unidos"},"_links":{"self":[{"href":"https:\/\/primermomento.com\/index.php?rest_route=\/wp\/v2\/posts\/292621","targetHints":{"allow":["GET"]}}],"collection":[{"href":"https:\/\/primermomento.com\/index.php?rest_route=\/wp\/v2\/posts"}],"about":[{"href":"https:\/\/primermomento.com\/index.php?rest_route=\/wp\/v2\/types\/post"}],"author":[{"embeddable":true,"href":"https:\/\/primermomento.com\/index.php?rest_route=\/wp\/v2\/users\/1"}],"replies":[{"embeddable":true,"href":"https:\/\/primermomento.com\/index.php?rest_route=%2Fwp%2Fv2%2Fcomments&post=292621"}],"version-history":[{"count":0,"href":"https:\/\/primermomento.com\/index.php?rest_route=\/wp\/v2\/posts\/292621\/revisions"}],"wp:attachment":[{"href":"https:\/\/primermomento.com\/index.php?rest_route=%2Fwp%2Fv2%2Fmedia&parent=292621"}],"wp:term":[{"taxonomy":"category","embeddable":true,"href":"https:\/\/primermomento.com\/index.php?rest_route=%2Fwp%2Fv2%2Fcategories&post=292621"},{"taxonomy":"post_tag","embeddable":true,"href":"https:\/\/primermomento.com\/index.php?rest_route=%2Fwp%2Fv2%2Ftags&post=292621"}],"curies":[{"name":"wp","href":"https:\/\/api.w.org\/{rel}","templated":true}]}}