{"id":292642,"date":"2017-08-07T14:35:38","date_gmt":"2017-08-07T18:35:38","guid":{"rendered":"http:\/\/primermomento.com\/?p=292642"},"modified":"2017-08-07T16:40:48","modified_gmt":"2017-08-07T20:40:48","slug":"fiscal-constituyentista-culpa-a-ortega-diaz-por-violencia-en-venezuela","status":"publish","type":"post","link":"https:\/\/primermomento.com\/?p=292642","title":{"rendered":"Fiscal constituyentista culpa a Ortega D\u00edaz por violencia en Venezuela"},"content":{"rendered":"<p>CARACAS, Venezuela.- El fiscal general designado por la Asamblea Nacional Constituyente de Venezuela, Tarek William Saab, dijo que las actuaciones de la fiscal Luisa Ortega D\u00edaz, desincorporada por los constituyentes el s\u00e1bado pasado, resquebraj\u00f3 la credibilidad e institucionalidad del Ministerio P\u00fablico.<\/p>\n<figure id=\"attachment_292643\" aria-describedby=\"caption-attachment-292643\" style=\"width: 300px\" class=\"wp-caption alignright\"><img loading=\"lazy\" decoding=\"async\" class=\"size-medium wp-image-292643\" src=\"http:\/\/primermomento.com\/wp-content\/uploads\/2017\/08\/Tareck-William-Saab-300x169.jpg\" alt=\"\" width=\"300\" height=\"169\" srcset=\"https:\/\/primermomento.com\/wp-content\/uploads\/2017\/08\/Tareck-William-Saab-300x169.jpg 300w, https:\/\/primermomento.com\/wp-content\/uploads\/2017\/08\/Tareck-William-Saab-768x432.jpg 768w, https:\/\/primermomento.com\/wp-content\/uploads\/2017\/08\/Tareck-William-Saab-478x270.jpg 478w, https:\/\/primermomento.com\/wp-content\/uploads\/2017\/08\/Tareck-William-Saab-500x281.jpg 500w, https:\/\/primermomento.com\/wp-content\/uploads\/2017\/08\/Tareck-William-Saab-280x157.jpg 280w, https:\/\/primermomento.com\/wp-content\/uploads\/2017\/08\/Tareck-William-Saab-638x359.jpg 638w, https:\/\/primermomento.com\/wp-content\/uploads\/2017\/08\/Tareck-William-Saab-118x66.jpg 118w, https:\/\/primermomento.com\/wp-content\/uploads\/2017\/08\/Tareck-William-Saab-479x269.jpg 479w, https:\/\/primermomento.com\/wp-content\/uploads\/2017\/08\/Tareck-William-Saab.jpg 1023w\" sizes=\"auto, (max-width: 300px) 100vw, 300px\" \/><figcaption id=\"caption-attachment-292643\" class=\"wp-caption-text\">El ex Defensor del Pueblo y ahora fiscal constituyentista Tareck William Saab dijo que la destituci\u00f3n y antejuicio de m\u00e9rito contra la fiscal Luisa Ortega D\u00edaz las propici\u00f3 ella misma por las denuncias que hizo al Tribunal Supremo de Justicia.<\/figcaption><\/figure>\n<p>Saab, dijo que Ortega D\u00edaz es responsable, por omisi\u00f3n en algunos casos y en otros por actuaci\u00f3n, de la violencia registrada en el pa\u00eds por las protestas antigubernamentales.<\/p>\n<p>El fiscal constituyente prometi\u00f3 que su labor se destacar\u00e1 por el equilibrio en la toma de decisiones y asegur\u00f3 que los trabajadores del Ministerio P\u00fablico est\u00e1n dispuestos a ajustarse a los cambios porque \u201cest\u00e1n conscientes que hace falta una reestructuraci\u00f3n\u201d.<\/p>\n<p style=\"text-align: right;\"><span style=\"color: #ff0000;\"><em>VOANEWS<\/em><\/span><\/p>\n","protected":false},"excerpt":{"rendered":"<p>CARACAS, Venezuela.- El fiscal general designado por la Asamblea Nacional Constituyente de Venezuela, Tarek William Saab, dijo que las actuaciones de la fiscal Luisa Ortega D\u00edaz, desincorporada por los constituyentes el s\u00e1bado pasado, resquebraj\u00f3 la credibilidad e institucionalidad del Ministerio P\u00fablico. Saab, dijo que Ortega D\u00edaz es responsable, por omisi\u00f3n en algunos casos y en [&hellip;]<\/p>\n","protected":false},"author":1,"featured_media":0,"comment_status":"open","ping_status":"open","sticky":false,"template":"","format":"standard","meta":{"_bbp_topic_count":0,"_bbp_reply_count":0,"_bbp_total_topic_count":0,"_bbp_total_reply_count":0,"_bbp_voice_count":0,"_bbp_anonymous_reply_count":0,"_bbp_topic_count_hidden":0,"_bbp_reply_count_hidden":0,"_bbp_forum_subforum_count":0,"footnotes":""},"categories":[60,31],"tags":[],"class_list":{"0":"post-292642","1":"post","2":"type-post","3":"status-publish","4":"format-standard","6":"category-titulares-del-dia","7":"category-estados-unidos"},"_links":{"self":[{"href":"https:\/\/primermomento.com\/index.php?rest_route=\/wp\/v2\/posts\/292642","targetHints":{"allow":["GET"]}}],"collection":[{"href":"https:\/\/primermomento.com\/index.php?rest_route=\/wp\/v2\/posts"}],"about":[{"href":"https:\/\/primermomento.com\/index.php?rest_route=\/wp\/v2\/types\/post"}],"author":[{"embeddable":true,"href":"https:\/\/primermomento.com\/index.php?rest_route=\/wp\/v2\/users\/1"}],"replies":[{"embeddable":true,"href":"https:\/\/primermomento.com\/index.php?rest_route=%2Fwp%2Fv2%2Fcomments&post=292642"}],"version-history":[{"count":0,"href":"https:\/\/primermomento.com\/index.php?rest_route=\/wp\/v2\/posts\/292642\/revisions"}],"wp:attachment":[{"href":"https:\/\/primermomento.com\/index.php?rest_route=%2Fwp%2Fv2%2Fmedia&parent=292642"}],"wp:term":[{"taxonomy":"category","embeddable":true,"href":"https:\/\/primermomento.com\/index.php?rest_route=%2Fwp%2Fv2%2Fcategories&post=292642"},{"taxonomy":"post_tag","embeddable":true,"href":"https:\/\/primermomento.com\/index.php?rest_route=%2Fwp%2Fv2%2Ftags&post=292642"}],"curies":[{"name":"wp","href":"https:\/\/api.w.org\/{rel}","templated":true}]}}