{"id":292645,"date":"2017-08-07T12:41:36","date_gmt":"2017-08-07T16:41:36","guid":{"rendered":"http:\/\/primermomento.com\/?p=292645"},"modified":"2017-08-07T16:44:12","modified_gmt":"2017-08-07T20:44:12","slug":"oposicion-venezolana-exige-explicaciones-tras-ataque-a-cuartel","status":"publish","type":"post","link":"https:\/\/primermomento.com\/?p=292645","title":{"rendered":"Oposici\u00f3n venezolana exige explicaciones tras ataque a cuartel"},"content":{"rendered":"<p>CARACAS, Venezuela.- La Mesa de la Unidad Democr\u00e1tica, que aglutina a los partidos de oposici\u00f3n, exigi\u00f3 al gobierno de Nicol\u00e1s Maduro una explicaci\u00f3n del evento del domingo en el fuerte Paramacay de la ciudad de Valencia, estado Carabobo, que la oposici\u00f3n describe como alzamiento militar y el gobierno como \u201cataque terrorista\u201d.<\/p>\n<figure id=\"attachment_292646\" aria-describedby=\"caption-attachment-292646\" style=\"width: 300px\" class=\"wp-caption alignleft\"><img loading=\"lazy\" decoding=\"async\" class=\"size-medium wp-image-292646\" src=\"http:\/\/primermomento.com\/wp-content\/uploads\/2017\/08\/oposicion-venezolana2-300x169.jpg\" alt=\"\" width=\"300\" height=\"169\" srcset=\"https:\/\/primermomento.com\/wp-content\/uploads\/2017\/08\/oposicion-venezolana2-300x169.jpg 300w, https:\/\/primermomento.com\/wp-content\/uploads\/2017\/08\/oposicion-venezolana2-768x432.jpg 768w, https:\/\/primermomento.com\/wp-content\/uploads\/2017\/08\/oposicion-venezolana2-478x270.jpg 478w, https:\/\/primermomento.com\/wp-content\/uploads\/2017\/08\/oposicion-venezolana2-500x281.jpg 500w, https:\/\/primermomento.com\/wp-content\/uploads\/2017\/08\/oposicion-venezolana2-280x157.jpg 280w, https:\/\/primermomento.com\/wp-content\/uploads\/2017\/08\/oposicion-venezolana2-638x359.jpg 638w, https:\/\/primermomento.com\/wp-content\/uploads\/2017\/08\/oposicion-venezolana2-118x66.jpg 118w, https:\/\/primermomento.com\/wp-content\/uploads\/2017\/08\/oposicion-venezolana2-479x269.jpg 479w, https:\/\/primermomento.com\/wp-content\/uploads\/2017\/08\/oposicion-venezolana2.jpg 1023w\" sizes=\"auto, (max-width: 300px) 100vw, 300px\" \/><figcaption id=\"caption-attachment-292646\" class=\"wp-caption-text\">\u201cEstamos ante un poder de facto, porque no es un gobierno, aqu\u00ed no hay gobierno\u201d, dijo el s\u00e1bado tras ser destituida la fiscal Luisa Ortega D\u00edaz (tercera desde la izquierda).<\/figcaption><\/figure>\n<p>Hasta ahora Maduro ha recurrido al argumento de que el ataque de un grupo de civiles y militares renegados fue financiado por Estados Unidos y Colombia, aunque como es usual, no present\u00f3 ninguna evidencia al respecto.<\/p>\n<p>\u201cBusquemos la factura \u00bfQui\u00e9n paga este acto? La persona que se autonombra como cabeza de este ataque es un desertor desde 2014\u201d, dijo Maduro en una alocuci\u00f3n transmitida por la televisi\u00f3n nacional varias horas despu\u00e9s del ataque.<\/p>\n<p>\u201cHa vivido en Costa Rica, Panam\u00e1, Estados Unidos y Colombia. \u00c9l emplaza a la oposici\u00f3n para que se mantenga al margen de la ley no participe en las elecciones de gobernadores\u201d, asegur\u00f3 el mandatario.<\/p>\n<p>Maduro probablemente se refer\u00eda al capit\u00e1n de la Guardia Nacional, Juan Caguaripano, en retiro desde 2014, quien en la madrugada del domingo apareci\u00f3 en un video difundido en las redes sociales, secundado por una veintena de militares en uniforme de campa\u00f1a y con armas largas, asegurando que se est\u00e1n rebelando contra la \u201ctiran\u00eda ileg\u00edtima de Nicol\u00e1s Maduro\u201d.<\/p>\n<p>El ataque al fuerte militar comenz\u00f3 a las 3:50 de la ma\u00f1ana y se extendi\u00f3 hasta por lo menos las 8 de la ma\u00f1ana.<\/p>\n<p>Paramacay es la sede la 41 brigada blindada del ej\u00e9rcito y la que tiene el mayor poder de fuego militar. El control de ese cuartel es vital para el gobierno.<\/p>\n<p>Al menos dos de entre unos 20 atacantes murieron y uno m\u00e1s result\u00f3 herido durante los combates con las unidades militares. El gobierno asegur\u00f3 que otros siete fueron detenidos y el rest\u00f3 logr\u00f3 escapar con 93 fusiles rusos AK 103 y cuatro granadas M6L.<\/p>\n<p>Horas despu\u00e9s del ataque, el capit\u00e1n Caguaripano asegur\u00f3 que \u201clos objetivos [del ataque] fueron logrados satisfactoriamente en coalici\u00f3n con diferentes compa\u00f1eros de las fuerzas armadas\u201d. En otro tuit afirm\u00f3 que hab\u00edan sustra\u00eddo \u201ctodas las armas del fuerte Paramacay\u201d.<\/p>\n<p style=\"text-align: right;\"><span style=\"color: #ff0000;\"><em>VOANEWS<\/em><\/span><\/p>\n","protected":false},"excerpt":{"rendered":"<p>CARACAS, Venezuela.- La Mesa de la Unidad Democr\u00e1tica, que aglutina a los partidos de oposici\u00f3n, exigi\u00f3 al gobierno de Nicol\u00e1s Maduro una explicaci\u00f3n del evento del domingo en el fuerte Paramacay de la ciudad de Valencia, estado Carabobo, que la oposici\u00f3n describe como alzamiento militar y el gobierno como \u201cataque terrorista\u201d. Hasta ahora Maduro ha [&hellip;]<\/p>\n","protected":false},"author":1,"featured_media":0,"comment_status":"open","ping_status":"open","sticky":false,"template":"","format":"standard","meta":{"_bbp_topic_count":0,"_bbp_reply_count":0,"_bbp_total_topic_count":0,"_bbp_total_reply_count":0,"_bbp_voice_count":0,"_bbp_anonymous_reply_count":0,"_bbp_topic_count_hidden":0,"_bbp_reply_count_hidden":0,"_bbp_forum_subforum_count":0,"footnotes":""},"categories":[60,31],"tags":[],"class_list":{"0":"post-292645","1":"post","2":"type-post","3":"status-publish","4":"format-standard","6":"category-titulares-del-dia","7":"category-estados-unidos"},"_links":{"self":[{"href":"https:\/\/primermomento.com\/index.php?rest_route=\/wp\/v2\/posts\/292645","targetHints":{"allow":["GET"]}}],"collection":[{"href":"https:\/\/primermomento.com\/index.php?rest_route=\/wp\/v2\/posts"}],"about":[{"href":"https:\/\/primermomento.com\/index.php?rest_route=\/wp\/v2\/types\/post"}],"author":[{"embeddable":true,"href":"https:\/\/primermomento.com\/index.php?rest_route=\/wp\/v2\/users\/1"}],"replies":[{"embeddable":true,"href":"https:\/\/primermomento.com\/index.php?rest_route=%2Fwp%2Fv2%2Fcomments&post=292645"}],"version-history":[{"count":0,"href":"https:\/\/primermomento.com\/index.php?rest_route=\/wp\/v2\/posts\/292645\/revisions"}],"wp:attachment":[{"href":"https:\/\/primermomento.com\/index.php?rest_route=%2Fwp%2Fv2%2Fmedia&parent=292645"}],"wp:term":[{"taxonomy":"category","embeddable":true,"href":"https:\/\/primermomento.com\/index.php?rest_route=%2Fwp%2Fv2%2Fcategories&post=292645"},{"taxonomy":"post_tag","embeddable":true,"href":"https:\/\/primermomento.com\/index.php?rest_route=%2Fwp%2Fv2%2Ftags&post=292645"}],"curies":[{"name":"wp","href":"https:\/\/api.w.org\/{rel}","templated":true}]}}