{"id":292648,"date":"2017-08-07T16:51:45","date_gmt":"2017-08-07T20:51:45","guid":{"rendered":"http:\/\/primermomento.com\/?p=292648"},"modified":"2017-08-07T16:51:45","modified_gmt":"2017-08-07T20:51:45","slug":"marcha-verde-vincula-a-intereses-privados-con-impunidad","status":"publish","type":"post","link":"https:\/\/primermomento.com\/?p=292648","title":{"rendered":"Marcha Verde vincula a intereses privados con impunidad"},"content":{"rendered":"<div class=\"fullNewsIntrotext\">NAGUA, Rep\u00fablica Dominicana.- La Marcha Verde denunci\u00f3 en Nagua, capital de la provincia Mar\u00eda Trinidad S\u00e1nchez, que intereses privados se han aliado al gobierno para impedir que el caso Odebrecht sea el fin de la impunidad en Rep\u00fablica Dominicana.<\/div>\n<div><\/div>\n<div class=\"fullNewsFulltext\"><img loading=\"lazy\" decoding=\"async\" class=\"size-medium wp-image-292649 alignleft\" src=\"http:\/\/primermomento.com\/wp-content\/uploads\/2017\/08\/marcha-verde-nagua-300x200.jpg\" alt=\"\" width=\"300\" height=\"200\" srcset=\"https:\/\/primermomento.com\/wp-content\/uploads\/2017\/08\/marcha-verde-nagua-300x200.jpg 300w, https:\/\/primermomento.com\/wp-content\/uploads\/2017\/08\/marcha-verde-nagua-73x50.jpg 73w, https:\/\/primermomento.com\/wp-content\/uploads\/2017\/08\/marcha-verde-nagua-500x334.jpg 500w, https:\/\/primermomento.com\/wp-content\/uploads\/2017\/08\/marcha-verde-nagua-280x187.jpg 280w, https:\/\/primermomento.com\/wp-content\/uploads\/2017\/08\/marcha-verde-nagua-60x40.jpg 60w, https:\/\/primermomento.com\/wp-content\/uploads\/2017\/08\/marcha-verde-nagua-638x426.jpg 638w, https:\/\/primermomento.com\/wp-content\/uploads\/2017\/08\/marcha-verde-nagua-118x79.jpg 118w, https:\/\/primermomento.com\/wp-content\/uploads\/2017\/08\/marcha-verde-nagua-479x320.jpg 479w, https:\/\/primermomento.com\/wp-content\/uploads\/2017\/08\/marcha-verde-nagua.jpg 640w\" sizes=\"auto, (max-width: 300px) 100vw, 300px\" \/>En la Marcha Verde somos conscientes de los v\u00ednculos existentes entre varios de los integrantes de la comisi\u00f3n de Punta Catalina con los intereses de la empresa brasile\u00f1a y de los privilegios inconstitucionales permitidos por el Gobierno a cambio de respaldo, asegur\u00f3.<\/p>\n<p>Respecto al nombramiento del economista Jaime Aristy Escuder, a quien identific\u00f3 como uno de los miembros de la comisi\u00f3n de encubrimiento de Punta Catalina, como administrador de las plantas, el movimiento alert\u00f3 a la sociedad.<\/p>\n<p>La poblaci\u00f3n no puede dejarse enga\u00f1ar por las \u00e9lites econ\u00f3micas, religiosas o sociales interesadas en lavar la cara a procesos leg\u00edtimamente cuestionados y pendientes de una verdadera investigaci\u00f3n penal, insisti\u00f3.<\/p>\n<p>Frente a los miles de manifestantes que recorrieron Nagua este domingo, el colectivo reiter\u00f3 su demanda de investigaci\u00f3n penal al proceso de licitaci\u00f3n, adjudicaci\u00f3n, financiamiento y construcci\u00f3n de Punta Catalina y la cancelaci\u00f3n de los contratos con la empresa Odebrecht.<\/p>\n<p>Tambi\u00e9n asegur\u00f3 que el acuerdo nacional conocido como Pacto El\u00e9ctrico no podr\u00e1 llegar a feliz t\u00e9rmino si no cruza inexorablemente por la transparencia, rendici\u00f3n de cuentas y claridad en torno al proyecto de Punta Catalina y la rescisi\u00f3n del contrato con Odebrecht.<\/p>\n<p>Asimismo la coordinaci\u00f3n de la Marcha Verde en Nagua denunci\u00f3 que &#8216;la desviaci\u00f3n de los recursos y fondos p\u00fablicos hacia los bolsillos de los funcionarios corruptos ha evitado la soluci\u00f3n de los principales problemas y necesidades de las ciudades y comunidades&#8217;.<\/p>\n<p>Ejemplific\u00f3 que la corrupci\u00f3n e impunidad han impedido la pronta terminaci\u00f3n del hospital p\u00fablico de Nagua, as\u00ed como la rehabilitaci\u00f3n de los caminos vecinales que necesitan los productores agr\u00edcolas y el campesinado para cosechar sus frutos.<\/p>\n<p>Tampoco ha sido posible la reparaci\u00f3n de la carretera Nagua-San Francisco de Macor\u00eds, la terminaci\u00f3n del malec\u00f3n y el acceso de la comunidad a un servicio de energ\u00eda el\u00e9ctrica permanente y de calidad, denunciaron.<\/p>\n<p>En cambio, los corruptos, abusando del poder, han reprimido a los movimientos sociales que exigen la soluci\u00f3n a sus principales problemas, se\u00f1al\u00f3 la coordinadora.<\/p>\n<p>Al respecto denunci\u00f3 los casos de represi\u00f3n en San Francisco de Macor\u00eds, donde asesinaron al joven activista social y dirigente estudiantil Vladimir Lantigua, y la violencia desatada en contra de los trabajadores ca\u00f1eros.<\/p><\/div>\n<div><\/div>\n<div style=\"text-align: right;\"><em><span style=\"color: #ff0000;\">PL<\/span><\/em><\/div>\n","protected":false},"excerpt":{"rendered":"<p>NAGUA, Rep\u00fablica Dominicana.- La Marcha Verde denunci\u00f3 en Nagua, capital de la provincia Mar\u00eda Trinidad S\u00e1nchez, que intereses privados se han aliado al gobierno para impedir que el caso Odebrecht sea el fin de la impunidad en Rep\u00fablica Dominicana. En la Marcha Verde somos conscientes de los v\u00ednculos existentes entre varios de los integrantes de [&hellip;]<\/p>\n","protected":false},"author":1,"featured_media":0,"comment_status":"open","ping_status":"open","sticky":false,"template":"","format":"standard","meta":{"_bbp_topic_count":0,"_bbp_reply_count":0,"_bbp_total_topic_count":0,"_bbp_total_reply_count":0,"_bbp_voice_count":0,"_bbp_anonymous_reply_count":0,"_bbp_topic_count_hidden":0,"_bbp_reply_count_hidden":0,"_bbp_forum_subforum_count":0,"footnotes":""},"categories":[60,32],"tags":[],"class_list":{"0":"post-292648","1":"post","2":"type-post","3":"status-publish","4":"format-standard","6":"category-titulares-del-dia","7":"category-lo-ultimo"},"_links":{"self":[{"href":"https:\/\/primermomento.com\/index.php?rest_route=\/wp\/v2\/posts\/292648","targetHints":{"allow":["GET"]}}],"collection":[{"href":"https:\/\/primermomento.com\/index.php?rest_route=\/wp\/v2\/posts"}],"about":[{"href":"https:\/\/primermomento.com\/index.php?rest_route=\/wp\/v2\/types\/post"}],"author":[{"embeddable":true,"href":"https:\/\/primermomento.com\/index.php?rest_route=\/wp\/v2\/users\/1"}],"replies":[{"embeddable":true,"href":"https:\/\/primermomento.com\/index.php?rest_route=%2Fwp%2Fv2%2Fcomments&post=292648"}],"version-history":[{"count":0,"href":"https:\/\/primermomento.com\/index.php?rest_route=\/wp\/v2\/posts\/292648\/revisions"}],"wp:attachment":[{"href":"https:\/\/primermomento.com\/index.php?rest_route=%2Fwp%2Fv2%2Fmedia&parent=292648"}],"wp:term":[{"taxonomy":"category","embeddable":true,"href":"https:\/\/primermomento.com\/index.php?rest_route=%2Fwp%2Fv2%2Fcategories&post=292648"},{"taxonomy":"post_tag","embeddable":true,"href":"https:\/\/primermomento.com\/index.php?rest_route=%2Fwp%2Fv2%2Ftags&post=292648"}],"curies":[{"name":"wp","href":"https:\/\/api.w.org\/{rel}","templated":true}]}}