{"id":292651,"date":"2017-08-07T16:55:17","date_gmt":"2017-08-07T20:55:17","guid":{"rendered":"http:\/\/primermomento.com\/?p=292651"},"modified":"2017-08-07T16:55:17","modified_gmt":"2017-08-07T20:55:17","slug":"retornan-pescadores-dominicanos-presos-en-bahamas","status":"publish","type":"post","link":"https:\/\/primermomento.com\/?p=292651","title":{"rendered":"Retornan pescadores dominicanos presos en Bahamas"},"content":{"rendered":"<div class=\"fullNewsIntrotext\">SANTO DOMINGO, Rep\u00fablica Dominicana.- Medio centenar de pescadores dominicanos regresaron a Puerto Plata despu\u00e9s de permanecer durante ocho meses y 12 d\u00edas en prisi\u00f3n por pescar ilegalmente en aguas territoriales de Las Bahamas, informaron hoy los medios locales.<\/div>\n<div><\/div>\n<div class=\"fullNewsFulltext\"><img loading=\"lazy\" decoding=\"async\" class=\"size-medium wp-image-292652 alignright\" src=\"http:\/\/primermomento.com\/wp-content\/uploads\/2017\/08\/presos-en-Bahamas-300x160.jpg\" alt=\"\" width=\"300\" height=\"160\" srcset=\"https:\/\/primermomento.com\/wp-content\/uploads\/2017\/08\/presos-en-Bahamas-300x160.jpg 300w, https:\/\/primermomento.com\/wp-content\/uploads\/2017\/08\/presos-en-Bahamas-500x267.jpg 500w, https:\/\/primermomento.com\/wp-content\/uploads\/2017\/08\/presos-en-Bahamas-280x149.jpg 280w, https:\/\/primermomento.com\/wp-content\/uploads\/2017\/08\/presos-en-Bahamas-638x341.jpg 638w, https:\/\/primermomento.com\/wp-content\/uploads\/2017\/08\/presos-en-Bahamas-118x63.jpg 118w, https:\/\/primermomento.com\/wp-content\/uploads\/2017\/08\/presos-en-Bahamas-479x256.jpg 479w, https:\/\/primermomento.com\/wp-content\/uploads\/2017\/08\/presos-en-Bahamas.jpg 693w\" sizes=\"auto, (max-width: 300px) 100vw, 300px\" \/>El grupo, liberado finalmente por las autoridades de ese archipi\u00e9lago caribe\u00f1o, retorn\u00f3 a bordo del patrullero &#8216;Almirante Didi\u00e9z Burgos&#8217;, buque insignia de la Armada de Rep\u00fablica Dominicana (ARD), que por disposici\u00f3n oficial fue a buscarlos.<\/p>\n<p>Dieron la bienvenida a los pescadores sus familiares y amigos y una comitiva encabezada por el gobernador provincial Iv\u00e1n Rivera, el comandante de puerto, capit\u00e1n de nav\u00edo Sandy Espaillat; el presidente de la Asociaci\u00f3n local de Propietarios de Buques Pesqueros, Luis Heredia.<\/p>\n<p>En la actividad se inform\u00f3 que en Bahamas qued\u00f3 detenido V\u00edctor Beriguez D\u00edaz, capit\u00e1n de uno de los dos buques dominicanos confiscados (el Sheyla&#8217; y el Johnniel&#8217;), quien est\u00e1 condenado a 16 meses de prisi\u00f3n por ser reincidente en invadir las aguas de Bahamas.<\/p>\n<p>Transcendi\u00f3 que sobre Beriguez incidi\u00f3 adem\u00e1s la agravante de que en un intento de escapar embisti\u00f3 al guardacostas HMBS Madeira que forma parte de la fuerza de defensa de Nassau.<\/p><\/div>\n<div><\/div>\n<div style=\"text-align: right;\"><span style=\"color: #ff0000;\"><em>PL<\/em><\/span><\/div>\n","protected":false},"excerpt":{"rendered":"<p>SANTO DOMINGO, Rep\u00fablica Dominicana.- Medio centenar de pescadores dominicanos regresaron a Puerto Plata despu\u00e9s de permanecer durante ocho meses y 12 d\u00edas en prisi\u00f3n por pescar ilegalmente en aguas territoriales de Las Bahamas, informaron hoy los medios locales. El grupo, liberado finalmente por las autoridades de ese archipi\u00e9lago caribe\u00f1o, retorn\u00f3 a bordo del patrullero &#8216;Almirante [&hellip;]<\/p>\n","protected":false},"author":1,"featured_media":0,"comment_status":"open","ping_status":"open","sticky":false,"template":"","format":"standard","meta":{"_bbp_topic_count":0,"_bbp_reply_count":0,"_bbp_total_topic_count":0,"_bbp_total_reply_count":0,"_bbp_voice_count":0,"_bbp_anonymous_reply_count":0,"_bbp_topic_count_hidden":0,"_bbp_reply_count_hidden":0,"_bbp_forum_subforum_count":0,"footnotes":""},"categories":[30,60],"tags":[],"class_list":{"0":"post-292651","1":"post","2":"type-post","3":"status-publish","4":"format-standard","6":"category-actualidad","7":"category-titulares-del-dia"},"_links":{"self":[{"href":"https:\/\/primermomento.com\/index.php?rest_route=\/wp\/v2\/posts\/292651","targetHints":{"allow":["GET"]}}],"collection":[{"href":"https:\/\/primermomento.com\/index.php?rest_route=\/wp\/v2\/posts"}],"about":[{"href":"https:\/\/primermomento.com\/index.php?rest_route=\/wp\/v2\/types\/post"}],"author":[{"embeddable":true,"href":"https:\/\/primermomento.com\/index.php?rest_route=\/wp\/v2\/users\/1"}],"replies":[{"embeddable":true,"href":"https:\/\/primermomento.com\/index.php?rest_route=%2Fwp%2Fv2%2Fcomments&post=292651"}],"version-history":[{"count":0,"href":"https:\/\/primermomento.com\/index.php?rest_route=\/wp\/v2\/posts\/292651\/revisions"}],"wp:attachment":[{"href":"https:\/\/primermomento.com\/index.php?rest_route=%2Fwp%2Fv2%2Fmedia&parent=292651"}],"wp:term":[{"taxonomy":"category","embeddable":true,"href":"https:\/\/primermomento.com\/index.php?rest_route=%2Fwp%2Fv2%2Fcategories&post=292651"},{"taxonomy":"post_tag","embeddable":true,"href":"https:\/\/primermomento.com\/index.php?rest_route=%2Fwp%2Fv2%2Ftags&post=292651"}],"curies":[{"name":"wp","href":"https:\/\/api.w.org\/{rel}","templated":true}]}}