{"id":292657,"date":"2017-08-07T12:59:08","date_gmt":"2017-08-07T16:59:08","guid":{"rendered":"http:\/\/primermomento.com\/?p=292657"},"modified":"2017-08-07T17:00:57","modified_gmt":"2017-08-07T21:00:57","slug":"trump-ataca-a-los-medios-y-niega-sondeos-que-le-dan-baja-calificacion","status":"publish","type":"post","link":"https:\/\/primermomento.com\/?p=292657","title":{"rendered":"Trump ataca a los medios y niega sondeos que le dan baja calificaci\u00f3n"},"content":{"rendered":"<div class=\"fullNewsIntrotext\">WASHINGTON, Distrito de Columbia.- El presidente estadounidense, Donald Trump, atac\u00f3 hoy a los medios de prensa y al senador dem\u00f3crata Richard Blumenthal en una serie de mensajes matutinos en los cuales tambi\u00e9n celebr\u00f3 lo que considera \u00e9xitos de su administraci\u00f3n.<\/div>\n<div><\/div>\n<div class=\"fullNewsFulltext\">\n<figure id=\"attachment_292525\" aria-describedby=\"caption-attachment-292525\" style=\"width: 300px\" class=\"wp-caption alignleft\"><img loading=\"lazy\" decoding=\"async\" class=\"size-medium wp-image-292525\" src=\"http:\/\/primermomento.com\/wp-content\/uploads\/2017\/08\/trump-anuncia-ley-inmigracion-300x169.jpg\" alt=\"\" width=\"300\" height=\"169\" srcset=\"https:\/\/primermomento.com\/wp-content\/uploads\/2017\/08\/trump-anuncia-ley-inmigracion-300x169.jpg 300w, https:\/\/primermomento.com\/wp-content\/uploads\/2017\/08\/trump-anuncia-ley-inmigracion-768x432.jpg 768w, https:\/\/primermomento.com\/wp-content\/uploads\/2017\/08\/trump-anuncia-ley-inmigracion-478x270.jpg 478w, https:\/\/primermomento.com\/wp-content\/uploads\/2017\/08\/trump-anuncia-ley-inmigracion-500x281.jpg 500w, https:\/\/primermomento.com\/wp-content\/uploads\/2017\/08\/trump-anuncia-ley-inmigracion-280x157.jpg 280w, https:\/\/primermomento.com\/wp-content\/uploads\/2017\/08\/trump-anuncia-ley-inmigracion-638x359.jpg 638w, https:\/\/primermomento.com\/wp-content\/uploads\/2017\/08\/trump-anuncia-ley-inmigracion-118x66.jpg 118w, https:\/\/primermomento.com\/wp-content\/uploads\/2017\/08\/trump-anuncia-ley-inmigracion-479x269.jpg 479w, https:\/\/primermomento.com\/wp-content\/uploads\/2017\/08\/trump-anuncia-ley-inmigracion.jpg 1023w\" sizes=\"auto, (max-width: 300px) 100vw, 300px\" \/><figcaption id=\"caption-attachment-292525\" class=\"wp-caption-text\">El presidente de EE.UU., Donald Trump, flanqueado por el senador Tom Cotton (izquierda) y el senador David Perdue, habl\u00f3 en la Casa Blanca para anunciar cambios a la ley de inmigraci\u00f3n el mi\u00e9rcoles, 2 de agosto de 2017.<\/figcaption><\/figure>\n<p>Desde su club privado de golf en Nueva Jersey el mandatario escribi\u00f3 en la red social Twitter que &#8216;el fallido diario The New York Times, que se ha equivocado en cada predicci\u00f3n sobre m\u00ed, incluyendo mi gran victoria electoral&#8217;, es &#8216;totalmente inepto&#8217;.<\/p>\n<p>Es dif\u00edcil creer, indic\u00f3 en otro texto, que con 24 horas diarias de noticias falsas en CNN, ABC, NBC, CBS, The New York Times y The Washington Post, la base de Trump se est\u00e1 fortaleciendo.<\/p>\n<p>Al respecto, desestim\u00f3 los resultados de diversos sondeos de opini\u00f3n que le dan m\u00ednimos r\u00e9cord de aprobaci\u00f3n entre los votantes, al asegurar que &#8216;la base de Trump es mucho m\u00e1s grande y m\u00e1s fuerte que nunca (a pesar de algunas encuestas falsas)&#8217;.<\/p>\n<p>Miren los m\u00edtines en Pensilvania, Iowa, Ohio y Virginia Occidental, a\u00f1adi\u00f3 el jefe de Estado, quien reiter\u00f3 que resulta incierta la historia de que su equipo de campa\u00f1a estuvo en complicidad con Rusia durante las elecciones de 2016.<\/p>\n<p>Trump resalt\u00f3 los registros del mercado de valores, la seguridad de la frontera, la fuerza militar, el empleo, el nombramiento de un juez de la Corte Suprema, el entusiasmo econ\u00f3mico y la desregulaci\u00f3n como temas que han unido a\u00fan m\u00e1s a su base, y apunt\u00f3 que eso nunca cambiar\u00e1.<\/p>\n<p>Esos comentarios vienen despu\u00e9s de que una encuesta de la Universidad de Quinnipiac publicada a inicios de este mes le diera solo un 33 por ciento de apoyo a su desempe\u00f1o y un 61 por ciento de desaprobaci\u00f3n.<\/p>\n<p>A ello se unen las reiteradas quejas del gobernante de que no es tratado de manera justa por los medios de comunicaci\u00f3n, y adem\u00e1s es especialmente cr\u00edtico con el Times, una publicaci\u00f3n a la cual, a pesar de llamar fracasada, le ha concedido varias entrevistas.<\/p>\n<p>El peri\u00f3dico public\u00f3 el fin de semana que varias figuras republicanas importantes, incluyendo asesores del vicepresidente Mike Pence, preparaban al partido para la posibilidad de una carrera presidencial en 2020 que no incluya a Trump, algo que el vicemandatario neg\u00f3 luego en un comunicado.<\/p>\n<p>Junto a todas esas arremetidas, el jefe de la Casa Blanca tambi\u00e9n hizo blanco de sus ataques a Blumenthal, quien hace una d\u00e9cada dijo varias veces en p\u00fablico haber participado en la guerra de Vietnam, hasta que el propio Times revel\u00f3 que nunca estuvo en ese conflicto.<\/p>\n<p>Interesante ver el senador Richard Blumenthal de Connecticut hablando de la falsa conspiraci\u00f3n rusa cuando fue un artista del enga\u00f1o en el tema de Vietnam, se\u00f1al\u00f3 Trump sobre el legislador, quien hoy realiz\u00f3 declaraciones cr\u00edticas sobre el Gobierno a CNN.<\/p>\n<p>Nunca en la historia de Estados Unidos alguien ha mentido o defraudado a los votantes como Blumenthal, agreg\u00f3 Trump, quien dijo que el dem\u00f3crata llor\u00f3 como un beb\u00e9 y pidi\u00f3 perd\u00f3n como un ni\u00f1o. &#8216;\u00bfAhora juzga la colusi\u00f3n?&#8217;, cuestion\u00f3.<\/p><\/div>\n<div><\/div>\n<div style=\"text-align: right;\"><em><span style=\"color: #ff0000;\">PL<\/span><\/em><\/div>\n","protected":false},"excerpt":{"rendered":"<p>WASHINGTON, Distrito de Columbia.- El presidente estadounidense, Donald Trump, atac\u00f3 hoy a los medios de prensa y al senador dem\u00f3crata Richard Blumenthal en una serie de mensajes matutinos en los cuales tambi\u00e9n celebr\u00f3 lo que considera \u00e9xitos de su administraci\u00f3n. Desde su club privado de golf en Nueva Jersey el mandatario escribi\u00f3 en la red [&hellip;]<\/p>\n","protected":false},"author":1,"featured_media":0,"comment_status":"open","ping_status":"open","sticky":false,"template":"","format":"standard","meta":{"_bbp_topic_count":0,"_bbp_reply_count":0,"_bbp_total_topic_count":0,"_bbp_total_reply_count":0,"_bbp_voice_count":0,"_bbp_anonymous_reply_count":0,"_bbp_topic_count_hidden":0,"_bbp_reply_count_hidden":0,"_bbp_forum_subforum_count":0,"footnotes":""},"categories":[60,31],"tags":[],"class_list":{"0":"post-292657","1":"post","2":"type-post","3":"status-publish","4":"format-standard","6":"category-titulares-del-dia","7":"category-estados-unidos"},"_links":{"self":[{"href":"https:\/\/primermomento.com\/index.php?rest_route=\/wp\/v2\/posts\/292657","targetHints":{"allow":["GET"]}}],"collection":[{"href":"https:\/\/primermomento.com\/index.php?rest_route=\/wp\/v2\/posts"}],"about":[{"href":"https:\/\/primermomento.com\/index.php?rest_route=\/wp\/v2\/types\/post"}],"author":[{"embeddable":true,"href":"https:\/\/primermomento.com\/index.php?rest_route=\/wp\/v2\/users\/1"}],"replies":[{"embeddable":true,"href":"https:\/\/primermomento.com\/index.php?rest_route=%2Fwp%2Fv2%2Fcomments&post=292657"}],"version-history":[{"count":0,"href":"https:\/\/primermomento.com\/index.php?rest_route=\/wp\/v2\/posts\/292657\/revisions"}],"wp:attachment":[{"href":"https:\/\/primermomento.com\/index.php?rest_route=%2Fwp%2Fv2%2Fmedia&parent=292657"}],"wp:term":[{"taxonomy":"category","embeddable":true,"href":"https:\/\/primermomento.com\/index.php?rest_route=%2Fwp%2Fv2%2Fcategories&post=292657"},{"taxonomy":"post_tag","embeddable":true,"href":"https:\/\/primermomento.com\/index.php?rest_route=%2Fwp%2Fv2%2Ftags&post=292657"}],"curies":[{"name":"wp","href":"https:\/\/api.w.org\/{rel}","templated":true}]}}