{"id":292664,"date":"2017-08-08T07:48:50","date_gmt":"2017-08-08T11:48:50","guid":{"rendered":"http:\/\/primermomento.com\/?p=292664"},"modified":"2017-08-08T07:48:50","modified_gmt":"2017-08-08T11:48:50","slug":"en-alerta-verde-14-provincias-por-una-onda-tropical","status":"publish","type":"post","link":"https:\/\/primermomento.com\/?p=292664","title":{"rendered":"En alerta verde 14 provincias por una onda tropical"},"content":{"rendered":"<div class=\"fullNewsIntrotext\">SANTO DOMINGO, Rep\u00fablica Dominicana.- Una onda tropical y una vaguada en altura amenazan con generar lluvias considerables sobre Rep\u00fablica Dominicana, ante lo cual 14 provincias est\u00e1n hoy en alerta verde (preventiva), por la posible ocurrencia de inundaciones.<\/div>\n<div><\/div>\n<div class=\"fullNewsFulltext\"><img loading=\"lazy\" decoding=\"async\" class=\"size-medium wp-image-292665 alignleft\" src=\"http:\/\/primermomento.com\/wp-content\/uploads\/2017\/08\/provincias-en-alerta-300x160.jpg\" alt=\"\" width=\"300\" height=\"160\" srcset=\"https:\/\/primermomento.com\/wp-content\/uploads\/2017\/08\/provincias-en-alerta-300x160.jpg 300w, https:\/\/primermomento.com\/wp-content\/uploads\/2017\/08\/provincias-en-alerta-500x267.jpg 500w, https:\/\/primermomento.com\/wp-content\/uploads\/2017\/08\/provincias-en-alerta-280x149.jpg 280w, https:\/\/primermomento.com\/wp-content\/uploads\/2017\/08\/provincias-en-alerta-638x341.jpg 638w, https:\/\/primermomento.com\/wp-content\/uploads\/2017\/08\/provincias-en-alerta-118x63.jpg 118w, https:\/\/primermomento.com\/wp-content\/uploads\/2017\/08\/provincias-en-alerta-479x256.jpg 479w, https:\/\/primermomento.com\/wp-content\/uploads\/2017\/08\/provincias-en-alerta.jpg 693w\" sizes=\"auto, (max-width: 300px) 100vw, 300px\" \/>La alerta fue declara por el Centro de Operaciones de Emergencias (COE) y abarca a las provincias de La Altagracia, El Seibo, Hato Mayor, La Romana, San Pedro de Macor\u00eds, Monte Plata, S\u00e1nchez Ram\u00edrez, La Vega, Monse\u00f1or Nouel, Duarte, Santiago, Santiago Rodr\u00edguez, Dajab\u00f3n y San Juan de la Maguana.<\/p>\n<p>Seg\u00fan el parte meteorol\u00f3gico para este martes, la onda tropical y la vaguada tambi\u00e9n producir\u00e1n actividades de aguaceros d\u00e9biles a moderados con tronadas y r\u00e1fagas de viento en otras partes del pa\u00eds.<\/p>\n<p>El director del COE, general de brigada Juan Manuel M\u00e9ndez Garc\u00eda, llam\u00f3 a las personas que viven cerca de r\u00edos, arroyos y ca\u00f1adas de las provincias bajo alerta a estar atentos ante sorpresivas crecidas y adoptar las medidas de precauci\u00f3n necesarias.<\/p><\/div>\n<div><\/div>\n<div style=\"text-align: right;\"><span style=\"color: #ff0000;\"><em>PL<\/em><\/span><\/div>\n","protected":false},"excerpt":{"rendered":"<p>SANTO DOMINGO, Rep\u00fablica Dominicana.- Una onda tropical y una vaguada en altura amenazan con generar lluvias considerables sobre Rep\u00fablica Dominicana, ante lo cual 14 provincias est\u00e1n hoy en alerta verde (preventiva), por la posible ocurrencia de inundaciones. La alerta fue declara por el Centro de Operaciones de Emergencias (COE) y abarca a las provincias de [&hellip;]<\/p>\n","protected":false},"author":1,"featured_media":0,"comment_status":"open","ping_status":"open","sticky":false,"template":"","format":"standard","meta":{"_bbp_topic_count":0,"_bbp_reply_count":0,"_bbp_total_topic_count":0,"_bbp_total_reply_count":0,"_bbp_voice_count":0,"_bbp_anonymous_reply_count":0,"_bbp_topic_count_hidden":0,"_bbp_reply_count_hidden":0,"_bbp_forum_subforum_count":0,"footnotes":""},"categories":[30,60],"tags":[],"class_list":{"0":"post-292664","1":"post","2":"type-post","3":"status-publish","4":"format-standard","6":"category-actualidad","7":"category-titulares-del-dia"},"_links":{"self":[{"href":"https:\/\/primermomento.com\/index.php?rest_route=\/wp\/v2\/posts\/292664","targetHints":{"allow":["GET"]}}],"collection":[{"href":"https:\/\/primermomento.com\/index.php?rest_route=\/wp\/v2\/posts"}],"about":[{"href":"https:\/\/primermomento.com\/index.php?rest_route=\/wp\/v2\/types\/post"}],"author":[{"embeddable":true,"href":"https:\/\/primermomento.com\/index.php?rest_route=\/wp\/v2\/users\/1"}],"replies":[{"embeddable":true,"href":"https:\/\/primermomento.com\/index.php?rest_route=%2Fwp%2Fv2%2Fcomments&post=292664"}],"version-history":[{"count":0,"href":"https:\/\/primermomento.com\/index.php?rest_route=\/wp\/v2\/posts\/292664\/revisions"}],"wp:attachment":[{"href":"https:\/\/primermomento.com\/index.php?rest_route=%2Fwp%2Fv2%2Fmedia&parent=292664"}],"wp:term":[{"taxonomy":"category","embeddable":true,"href":"https:\/\/primermomento.com\/index.php?rest_route=%2Fwp%2Fv2%2Fcategories&post=292664"},{"taxonomy":"post_tag","embeddable":true,"href":"https:\/\/primermomento.com\/index.php?rest_route=%2Fwp%2Fv2%2Ftags&post=292664"}],"curies":[{"name":"wp","href":"https:\/\/api.w.org\/{rel}","templated":true}]}}