{"id":292667,"date":"2017-08-08T14:00:05","date_gmt":"2017-08-08T18:00:05","guid":{"rendered":"http:\/\/primermomento.com\/?p=292667"},"modified":"2017-08-08T17:38:21","modified_gmt":"2017-08-08T21:38:21","slug":"bani-marcha-verde-llama-a-marchar-hacia-punta-catalina","status":"publish","type":"post","link":"https:\/\/primermomento.com\/?p=292667","title":{"rendered":"BAN\u00cd | Marcha Verde llama a marchar hacia Punta Catalina"},"content":{"rendered":"<p>SANTO DOMINGO, Rep\u00fablica Dominicana.- El colectivo dominicano Marcha Verde, que surgi\u00f3 despu\u00e9s de que Odebrecht admiti\u00f3 haber pagado 92 millones de d\u00f3lares en concepto de sobornos, delito por el que hay 14 imputados en el pa\u00eds, anunci\u00f3 hoy que el 20 de agosto marchar\u00e1 hacia la central termoel\u00e9ctrica que construye la empresa en el pa\u00eds.<\/p>\n<figure id=\"attachment_292674\" aria-describedby=\"caption-attachment-292674\" style=\"width: 300px\" class=\"wp-caption alignright\"><img loading=\"lazy\" decoding=\"async\" class=\"size-medium wp-image-292674\" src=\"http:\/\/primermomento.com\/wp-content\/uploads\/2017\/08\/Hector-Turbi-marcha-verde-300x234.jpg\" alt=\"\" width=\"300\" height=\"234\" srcset=\"https:\/\/primermomento.com\/wp-content\/uploads\/2017\/08\/Hector-Turbi-marcha-verde-300x234.jpg 300w, https:\/\/primermomento.com\/wp-content\/uploads\/2017\/08\/Hector-Turbi-marcha-verde-80x63.jpg 80w, https:\/\/primermomento.com\/wp-content\/uploads\/2017\/08\/Hector-Turbi-marcha-verde-500x390.jpg 500w, https:\/\/primermomento.com\/wp-content\/uploads\/2017\/08\/Hector-Turbi-marcha-verde-280x218.jpg 280w, https:\/\/primermomento.com\/wp-content\/uploads\/2017\/08\/Hector-Turbi-marcha-verde-638x498.jpg 638w, https:\/\/primermomento.com\/wp-content\/uploads\/2017\/08\/Hector-Turbi-marcha-verde-118x92.jpg 118w, https:\/\/primermomento.com\/wp-content\/uploads\/2017\/08\/Hector-Turbi-marcha-verde-479x374.jpg 479w, https:\/\/primermomento.com\/wp-content\/uploads\/2017\/08\/Hector-Turbi-marcha-verde.jpg 764w\" sizes=\"auto, (max-width: 300px) 100vw, 300px\" \/><figcaption id=\"caption-attachment-292674\" class=\"wp-caption-text\">El banilejo H\u00e9ctor Turb\u00ed, uno de los coordinadores de la Marcha Verde, dirigente del Comit\u00e9 Nacional Contra el Cambio Clim\u00e1tico, habla con los periodistas acerca de la caminata hacia Punta Catalina. Foto | Fuente externa.<\/figcaption><\/figure>\n<p>La planta a carb\u00f3n es construida en Punta Catalina, en el municipio de Ban\u00ed (sur), por un consorcio encabezado por la brasile\u00f1a Odebrecht, cuya licitaci\u00f3n estuvo bajo investigaci\u00f3n.<\/p>\n<p>En una rueda de prensa frente a la oficina de Odebrecht, Marcha Verde inform\u00f3 de que el pr\u00f3ximo 20 de agosto realizar\u00e1 una concentraci\u00f3n-caravana por el fin de la impunidad en Ban\u00ed, provincia Peravia, y que tras recorrer distintos barrios del municipio marchar\u00e1 hacia el lugar donde se levanta la central termoel\u00e9ctrica.<\/p>\n<p>El objetivo es \u00abdemandar que Odebrecht sea expulsada de la Rep\u00fablica Dominicana por ser una empresa ladrona, que sus ejecutivos y sus c\u00f3mplices sean enjuiciados y que se evite la contaminaci\u00f3n ambiental propia de la generaci\u00f3n del carb\u00f3n\u00bb.<\/p>\n<p>Adem\u00e1s, que las autoridades cancelen los contratos \u00abdolosos\u00bb firmados con la constructora brasile\u00f1a y que se recupere \u00abel dinero robado por las sobrevaluaciones y financiaci\u00f3n pol\u00edtica ilegal, as\u00ed como la realizaci\u00f3n de auditor\u00edas e investigaciones independientes\u00bb.<\/p>\n<p>\u00abEl pueblo dominicano no est\u00e1 obligado a mantener ni aceptar un contrato con una empresa que ha admitido que ha robado el dinero de la poblaci\u00f3n para enriquecer a pol\u00edticos y empresarios corruptos\u00bb, se\u00f1al\u00f3 Marcha Verde en un comunicado le\u00eddo en rueda de prensa.<\/p>\n<p>Si el presidente dominicano, Danilo Medina, \u00abno puede romper con Odebrecht, ese es su problema, pero no tiene derecho constitucional a arrastrar al pueblo a su lodazal\u00bb, agreg\u00f3.<\/p>\n<p>Para el colectivo local, la central termoel\u00e9ctrica de Punta Catalina \u00abes el cuerpo del delito, que le saldr\u00e1 a un costo de m\u00e1s de 3.000 millones de d\u00f3lares\u00bb al pueblo dominicano \u00abno para resolver la crisis el\u00e9ctrica, sino para enriquecer a empresarios y pol\u00edticos ladrones\u00bb.<\/p>\n<p>El presidente dominicano nombr\u00f3 la semana pasada al economista Jaime Aristy Escuder como administrador de la central termoel\u00e9ctrica, una designaci\u00f3n rechazada por Marcha Verde, debido a que \u00e9ste form\u00f3 parte de la comisi\u00f3n designada por el mandatario para investigar la licitaci\u00f3n de dicha central.<\/p>\n<p>La comisi\u00f3n estableci\u00f3, en un informe presentado en junio pasado, que el proceso se hizo \u00abmayormente conforme a la ley\u00bb y que su precio estaba en un rango \u00abrazonable\u00bb.<\/p>\n<p>Odebrecht es objeto de investigaci\u00f3n en Rep\u00fablica Dominicana por los sobornos que admiti\u00f3 haber pagado para acceder a obras p\u00fablicas en el pa\u00eds por valor de 92 millones de d\u00f3lares.<\/p>\n<p>Por el caso Odebrecht fueron imputadas 14 personas, entre ellas el ahora exministro de Industria y Comercio Tem\u00edstocles Mont\u00e1s y el presidente del Partido Revolucionario Moderno (PRM, principal de la oposici\u00f3n), Andr\u00e9s Bautista, ambos en libertad condicional bajo fianza desde el pasado 8 de julio tras un mes en prisi\u00f3n preventiva. En prisi\u00f3n se encuentran el empresario \u00c1ngel Rond\u00f3n, se\u00f1alado por el Ministerio P\u00fablico como la persona que recibi\u00f3 y distribuy\u00f3 los sobornos, y el exministro de Obras P\u00fablicas V\u00edctor D\u00edaz R\u00faa, un importante dirigente del oficialista Partido de la Liberaci\u00f3n Dominicana (PLD).<\/p>\n<p style=\"text-align: right;\"><span style=\"color: #ff0000;\"><em>EFE<\/em><\/span><\/p>\n<p>&nbsp;<\/p>\n","protected":false},"excerpt":{"rendered":"<p>SANTO DOMINGO, Rep\u00fablica Dominicana.- El colectivo dominicano Marcha Verde, que surgi\u00f3 despu\u00e9s de que Odebrecht admiti\u00f3 haber pagado 92 millones de d\u00f3lares en concepto de sobornos, delito por el que hay 14 imputados en el pa\u00eds, anunci\u00f3 hoy que el 20 de agosto marchar\u00e1 hacia la central termoel\u00e9ctrica que construye la empresa en el pa\u00eds. [&hellip;]<\/p>\n","protected":false},"author":1,"featured_media":0,"comment_status":"open","ping_status":"open","sticky":false,"template":"","format":"standard","meta":{"_bbp_topic_count":0,"_bbp_reply_count":0,"_bbp_total_topic_count":0,"_bbp_total_reply_count":0,"_bbp_voice_count":0,"_bbp_anonymous_reply_count":0,"_bbp_topic_count_hidden":0,"_bbp_reply_count_hidden":0,"_bbp_forum_subforum_count":0,"footnotes":""},"categories":[30,60],"tags":[],"class_list":{"0":"post-292667","1":"post","2":"type-post","3":"status-publish","4":"format-standard","6":"category-actualidad","7":"category-titulares-del-dia"},"_links":{"self":[{"href":"https:\/\/primermomento.com\/index.php?rest_route=\/wp\/v2\/posts\/292667","targetHints":{"allow":["GET"]}}],"collection":[{"href":"https:\/\/primermomento.com\/index.php?rest_route=\/wp\/v2\/posts"}],"about":[{"href":"https:\/\/primermomento.com\/index.php?rest_route=\/wp\/v2\/types\/post"}],"author":[{"embeddable":true,"href":"https:\/\/primermomento.com\/index.php?rest_route=\/wp\/v2\/users\/1"}],"replies":[{"embeddable":true,"href":"https:\/\/primermomento.com\/index.php?rest_route=%2Fwp%2Fv2%2Fcomments&post=292667"}],"version-history":[{"count":0,"href":"https:\/\/primermomento.com\/index.php?rest_route=\/wp\/v2\/posts\/292667\/revisions"}],"wp:attachment":[{"href":"https:\/\/primermomento.com\/index.php?rest_route=%2Fwp%2Fv2%2Fmedia&parent=292667"}],"wp:term":[{"taxonomy":"category","embeddable":true,"href":"https:\/\/primermomento.com\/index.php?rest_route=%2Fwp%2Fv2%2Fcategories&post=292667"},{"taxonomy":"post_tag","embeddable":true,"href":"https:\/\/primermomento.com\/index.php?rest_route=%2Fwp%2Fv2%2Ftags&post=292667"}],"curies":[{"name":"wp","href":"https:\/\/api.w.org\/{rel}","templated":true}]}}