{"id":292693,"date":"2017-08-10T15:23:12","date_gmt":"2017-08-10T19:23:12","guid":{"rendered":"http:\/\/primermomento.com\/?p=292693"},"modified":"2017-08-10T15:23:12","modified_gmt":"2017-08-10T19:23:12","slug":"alcalde-de-ny-recibe-directivos-desfile-este-jueves-celebran-cena-gala","status":"publish","type":"post","link":"https:\/\/primermomento.com\/?p=292693","title":{"rendered":"Alcalde de NY recibe directivos \u201cDesfile\u201d; este jueves celebran \u201cCena Gala\u201d"},"content":{"rendered":"<div id=\"m_7961359728410483984yui_3_16_0_ym19_1_1502330158635_14041\"><span id=\"m_7961359728410483984yui_3_16_0_ym19_1_1502330158635_14044\" lang=\"ES-US\">NUEVA YORK, Nueva York.- El alcalde de esta ciudad, Bill de Blasio, recibi\u00f3 como es costumbre en la casa oficial del ayuntamiento a cientos de dominicanos para celebrar con la comunidad el \u201cDesfile Dominicano de Manhattan\u201d o \u201cDominican Day Parede\u201d.<u><\/u><u><\/u><\/span><\/div>\n<div id=\"m_7961359728410483984yui_3_16_0_ym19_1_1502330158635_14046\"><span id=\"m_7961359728410483984yui_3_16_0_ym19_1_1502330158635_14047\" lang=\"ES-US\">\u00a0<\/span><\/div>\n<div id=\"m_7961359728410483984yui_3_16_0_ym19_1_1502330158635_14048\"><span id=\"m_7961359728410483984yui_3_16_0_ym19_1_1502330158635_14049\" lang=\"ES-US\"><img loading=\"lazy\" decoding=\"async\" class=\"size-medium wp-image-292694 alignleft\" src=\"http:\/\/primermomento.com\/wp-content\/uploads\/2017\/08\/Alcalde-NY-recibe-directivos-\u201cDesfile\u201d-este-jueves-celebran-\u201cCena-Gala\u201d-300x194.jpg\" alt=\"\" width=\"300\" height=\"194\" srcset=\"https:\/\/primermomento.com\/wp-content\/uploads\/2017\/08\/Alcalde-NY-recibe-directivos-\u201cDesfile\u201d-este-jueves-celebran-\u201cCena-Gala\u201d-300x194.jpg 300w, https:\/\/primermomento.com\/wp-content\/uploads\/2017\/08\/Alcalde-NY-recibe-directivos-\u201cDesfile\u201d-este-jueves-celebran-\u201cCena-Gala\u201d-500x324.jpg 500w, https:\/\/primermomento.com\/wp-content\/uploads\/2017\/08\/Alcalde-NY-recibe-directivos-\u201cDesfile\u201d-este-jueves-celebran-\u201cCena-Gala\u201d-280x182.jpg 280w, https:\/\/primermomento.com\/wp-content\/uploads\/2017\/08\/Alcalde-NY-recibe-directivos-\u201cDesfile\u201d-este-jueves-celebran-\u201cCena-Gala\u201d-60x40.jpg 60w, https:\/\/primermomento.com\/wp-content\/uploads\/2017\/08\/Alcalde-NY-recibe-directivos-\u201cDesfile\u201d-este-jueves-celebran-\u201cCena-Gala\u201d-638x414.jpg 638w, https:\/\/primermomento.com\/wp-content\/uploads\/2017\/08\/Alcalde-NY-recibe-directivos-\u201cDesfile\u201d-este-jueves-celebran-\u201cCena-Gala\u201d-118x76.jpg 118w, https:\/\/primermomento.com\/wp-content\/uploads\/2017\/08\/Alcalde-NY-recibe-directivos-\u201cDesfile\u201d-este-jueves-celebran-\u201cCena-Gala\u201d-479x311.jpg 479w, https:\/\/primermomento.com\/wp-content\/uploads\/2017\/08\/Alcalde-NY-recibe-directivos-\u201cDesfile\u201d-este-jueves-celebran-\u201cCena-Gala\u201d-153x100.jpg 153w, https:\/\/primermomento.com\/wp-content\/uploads\/2017\/08\/Alcalde-NY-recibe-directivos-\u201cDesfile\u201d-este-jueves-celebran-\u201cCena-Gala\u201d.jpg 651w\" sizes=\"auto, (max-width: 300px) 100vw, 300px\" \/>El acto se llev\u00f3 a cabo este martes en horas de la tarde en la \u201cMasi\u00f3n Gracie\u201d con la asistencia de los oficiales electos Adriano Espaillat, Marisol Alc\u00e1ntara, Jos\u00e9 Peralta, Carmen de la Rosa e Ydanis Rodr\u00edguez.<u><\/u><u><\/u><\/span><\/div>\n<div id=\"m_7961359728410483984yui_3_16_0_ym19_1_1502330158635_14051\"><span id=\"m_7961359728410483984yui_3_16_0_ym19_1_1502330158635_14052\" lang=\"ES-US\">\u00a0<\/span><\/div>\n<div id=\"m_7961359728410483984yui_3_16_0_ym19_1_1502330158635_14053\"><span id=\"m_7961359728410483984yui_3_16_0_ym19_1_1502330158635_14054\" lang=\"ES-US\">En su discurso el Alcalde expres\u00f3 \u00abestamos en un pa\u00eds decidiendo su identidad, que hay conflictos, de quienes somos, en un pa\u00eds de inmigrantes. Todos somos uno en este mundo, y aquellos que como la oficial policial dominicana asesinada recientemente, Miosotis Familia, quiso hacer algo por su comunidad\u00bb.<u><\/u><u><\/u><\/span><\/div>\n<div id=\"m_7961359728410483984yui_3_16_0_ym19_1_1502330158635_14056\"><span id=\"m_7961359728410483984yui_3_16_0_ym19_1_1502330158635_14057\" lang=\"ES-US\">\u00a0<\/span><\/div>\n<div id=\"m_7961359728410483984yui_3_16_0_ym19_1_1502330158635_14058\"><span id=\"m_7961359728410483984yui_3_16_0_ym19_1_1502330158635_14059\" lang=\"ES-US\">A\u00f1adio que NY es la ciudad m\u00e1s fuerte en EEUU y es gracias a los inmigrantes. \u00abTenemos la econom\u00eda m\u00e1s fuerte y es gracias a ellos\u00bb.\u00a0<u><\/u><u><\/u><\/span><\/div>\n<div id=\"m_7961359728410483984yui_3_16_0_ym19_1_1502330158635_14061\"><span id=\"m_7961359728410483984yui_3_16_0_ym19_1_1502330158635_14062\" lang=\"ES-US\">\u00a0<\/span><\/div>\n<div id=\"m_7961359728410483984yui_3_16_0_ym19_1_1502330158635_14063\"><span id=\"m_7961359728410483984yui_3_16_0_ym19_1_1502330158635_14064\" lang=\"ES-US\">Present\u00f3 los hijos de la agente Familia, y a la actriz criolla Dasha Polanco, \u00abun ejemplo por sus enormes aportes a esta ciudad, y por eso declaro este martes 8 como \u201cD\u00eda de Dascha Polanco\u201d.<u><\/u><u><\/u><\/span><\/div>\n<div id=\"m_7961359728410483984yui_3_16_0_ym19_1_1502330158635_14066\"><span id=\"m_7961359728410483984yui_3_16_0_ym19_1_1502330158635_14067\" lang=\"ES-US\">\u00a0<\/span><\/div>\n<div id=\"m_7961359728410483984yui_3_16_0_ym19_1_1502330158635_14068\"><span id=\"m_7961359728410483984yui_3_16_0_ym19_1_1502330158635_14069\" lang=\"ES-US\">Por su parte, el congresista Espaillat manifest\u00f3 que el \u201cDesfile\u201d de este a\u00f1o estar\u00e1 dedicado a la oficial dominicana acribillada en cumplimiento de su deber, que siempre sacrific\u00f3 todo para mantener una ciudad m\u00e1s segura.<u><\/u><u><\/u><\/span><\/div>\n<div id=\"m_7961359728410483984yui_3_16_0_ym19_1_1502330158635_14071\"><span id=\"m_7961359728410483984yui_3_16_0_ym19_1_1502330158635_14072\" lang=\"ES-US\">\u00a0<\/span><\/div>\n<div id=\"m_7961359728410483984yui_3_16_0_ym19_1_1502330158635_14073\"><span id=\"m_7961359728410483984yui_3_16_0_ym19_1_1502330158635_14074\" lang=\"ES-US\">Asistieron personalidades dominicanas como el doctor Rafael Lantigua; Haile Rivera, en representaci\u00f3n del c\u00f3nsul Carlos Castillo; el coronel de la polic\u00eda Wilson Aramboles, el dirigente pol\u00edtico Carlos Silver, el ex c\u00f3nsul Luis Eludis P\u00e9rez, entre otros escasos l\u00edderes y activistas comunitarios criollos.<u><\/u><u><\/u><\/span><\/div>\n<div id=\"m_7961359728410483984yui_3_16_0_ym19_1_1502330158635_14076\"><span id=\"m_7961359728410483984yui_3_16_0_ym19_1_1502330158635_14077\" lang=\"ES-US\">\u00a0<\/span><\/div>\n<div id=\"m_7961359728410483984yui_3_16_0_ym19_1_1502330158635_14078\"><span id=\"m_7961359728410483984yui_3_16_0_ym19_1_1502330158635_14079\" lang=\"ES-US\">Este jueves los directivos del \u201cDesfile\u201d celebran la \u201cCena Gala\u00bb en el Dyker Beach Golf Club, ubicado en el 1030 de la calle 86 con la s\u00e9ptima avenida\u00a0 en Brooklyn, amenizada por la orquesta de Pochi Familia.<u><\/u><u><\/u><\/span><\/div>\n<div id=\"m_7961359728410483984yui_3_16_0_ym19_1_1502330158635_14081\"><span id=\"m_7961359728410483984yui_3_16_0_ym19_1_1502330158635_14082\" lang=\"ES-US\">\u00a0<\/span><\/div>\n<div id=\"m_7961359728410483984yui_3_16_0_ym19_1_1502330158635_14083\"><span id=\"m_7961359728410483984yui_3_16_0_ym19_1_1502330158635_14084\" lang=\"ES-US\">La entrada ser\u00e1 a 350 d\u00f3lares por persona y se esperan recaudar unos 150 mil d\u00f3lares, se inform\u00f3. Asimismo el \u201cDesfile\u201d es respaldado por varias empresas multimillonarias en los Estados Unidos.<u><\/u><u><\/u><\/span><\/div>\n<div id=\"m_7961359728410483984yui_3_16_0_ym19_1_1502330158635_14086\"><span id=\"m_7961359728410483984yui_3_16_0_ym19_1_1502330158635_14087\" lang=\"ES-US\">\u00a0<\/span><\/div>\n<div id=\"m_7961359728410483984yui_3_16_0_ym19_1_1502330158635_14088\"><span id=\"m_7961359728410483984yui_3_16_0_ym19_1_1502330158635_14089\" lang=\"ES-US\">La presidente de la organizaci\u00f3n Mar\u00eda Khoury expres\u00f3,\u00a0\u00abLos galardonados de este an\u0303o forman parte de un grupo muy u\u0301nico de li\u0301deres dominicanos, los cuales representan una gama de diversas virtudes y experiencias y de quienes todos nos sentimos sumamente orgullosos\u00bb.<u><\/u><u><\/u><\/span><\/div>\n<div id=\"m_7961359728410483984yui_3_16_0_ym19_1_1502330158635_14091\"><span id=\"m_7961359728410483984yui_3_16_0_ym19_1_1502330158635_14092\" lang=\"ES-US\">\u00a0<\/span><\/div>\n<div id=\"m_7961359728410483984yui_3_16_0_ym19_1_1502330158635_14093\"><span id=\"m_7961359728410483984yui_3_16_0_ym19_1_1502330158635_14094\" lang=\"ES-US\">\u00abDesde el servicio pu\u0301blico hasta las bellas artes, del deporte al emprendimiento empresarial, los galardonados son pioneros que van dejando huellas imborrables en su comunidad para las futuras generaciones\u00bb, sostuvo.<u><\/u><u><\/u><\/span><\/div>\n<div id=\"m_7961359728410483984yui_3_16_0_ym19_1_1502330158635_14096\"><span id=\"m_7961359728410483984yui_3_16_0_ym19_1_1502330158635_14097\" lang=\"ES-US\">\u00a0<\/span><\/div>\n<div id=\"m_7961359728410483984yui_3_16_0_ym19_1_1502330158635_14098\"><span id=\"m_7961359728410483984yui_3_16_0_ym19_1_1502330158635_14099\" lang=\"ES-US\">En los \u00faltimos tiempos profesionales dominicanos, entidades y l\u00edderes comunitarios, dirigentes pol\u00edticos, taxistas, bodegueros y ciudadanos comunes han venido solicitando que dicho \u201cDesfile\u201d vuelva a ser una expresi\u00f3n popular para darle cabida a los sectores populares y deje de ser una organizaci\u00f3n de \u00e9lite y casta.<\/span><\/div>\n<div><\/div>\n<div style=\"text-align: right;\"><span style=\"color: #ff0000;\">Ram\u00f3n Mercedes<\/span><\/div>\n","protected":false},"excerpt":{"rendered":"<p>NUEVA YORK, Nueva York.- El alcalde de esta ciudad, Bill de Blasio, recibi\u00f3 como es costumbre en la casa oficial del ayuntamiento a cientos de dominicanos para celebrar con la comunidad el \u201cDesfile Dominicano de Manhattan\u201d o \u201cDominican Day Parede\u201d. \u00a0 El acto se llev\u00f3 a cabo este martes en horas de la tarde en [&hellip;]<\/p>\n","protected":false},"author":1,"featured_media":0,"comment_status":"open","ping_status":"open","sticky":false,"template":"","format":"standard","meta":{"_bbp_topic_count":0,"_bbp_reply_count":0,"_bbp_total_topic_count":0,"_bbp_total_reply_count":0,"_bbp_voice_count":0,"_bbp_anonymous_reply_count":0,"_bbp_topic_count_hidden":0,"_bbp_reply_count_hidden":0,"_bbp_forum_subforum_count":0,"footnotes":""},"categories":[60,32],"tags":[],"class_list":{"0":"post-292693","1":"post","2":"type-post","3":"status-publish","4":"format-standard","6":"category-titulares-del-dia","7":"category-lo-ultimo"},"_links":{"self":[{"href":"https:\/\/primermomento.com\/index.php?rest_route=\/wp\/v2\/posts\/292693","targetHints":{"allow":["GET"]}}],"collection":[{"href":"https:\/\/primermomento.com\/index.php?rest_route=\/wp\/v2\/posts"}],"about":[{"href":"https:\/\/primermomento.com\/index.php?rest_route=\/wp\/v2\/types\/post"}],"author":[{"embeddable":true,"href":"https:\/\/primermomento.com\/index.php?rest_route=\/wp\/v2\/users\/1"}],"replies":[{"embeddable":true,"href":"https:\/\/primermomento.com\/index.php?rest_route=%2Fwp%2Fv2%2Fcomments&post=292693"}],"version-history":[{"count":0,"href":"https:\/\/primermomento.com\/index.php?rest_route=\/wp\/v2\/posts\/292693\/revisions"}],"wp:attachment":[{"href":"https:\/\/primermomento.com\/index.php?rest_route=%2Fwp%2Fv2%2Fmedia&parent=292693"}],"wp:term":[{"taxonomy":"category","embeddable":true,"href":"https:\/\/primermomento.com\/index.php?rest_route=%2Fwp%2Fv2%2Fcategories&post=292693"},{"taxonomy":"post_tag","embeddable":true,"href":"https:\/\/primermomento.com\/index.php?rest_route=%2Fwp%2Fv2%2Ftags&post=292693"}],"curies":[{"name":"wp","href":"https:\/\/api.w.org\/{rel}","templated":true}]}}