{"id":292696,"date":"2017-08-10T15:26:18","date_gmt":"2017-08-10T19:26:18","guid":{"rendered":"http:\/\/primermomento.com\/?p=292696"},"modified":"2017-08-10T15:26:18","modified_gmt":"2017-08-10T19:26:18","slug":"arrestan-sujeto-tenia-mas-de-2300-balas-de-varios-calibres","status":"publish","type":"post","link":"https:\/\/primermomento.com\/?p=292696","title":{"rendered":"Arrestan sujeto ten\u00eda m\u00e1s de 2,300 balas de varios calibres"},"content":{"rendered":"<div id=\"m_7961359728410483984yui_3_16_0_ym19_1_1502330158635_14001\"><span id=\"m_7961359728410483984yui_3_16_0_ym19_1_1502330158635_14003\" lang=\"ES-US\">NUEVA YORK, Nueva York.- La polic\u00eda de Brooklyn arrest\u00f3 a un hombre de 53 a\u00f1os, no identificado por las autoridades y que se presume es hispano, al incautarle m\u00e1s de 2,300 balas para fusiles, escopetas, pistolas y rev\u00f3lveres.<u><\/u><u><\/u><\/span><\/div>\n<div id=\"m_7961359728410483984yui_3_16_0_ym19_1_1502330158635_14005\"><span id=\"m_7961359728410483984yui_3_16_0_ym19_1_1502330158635_14006\" lang=\"ES-US\">\u00a0<u><\/u><u><\/u><\/span><\/div>\n<div id=\"m_7961359728410483984yui_3_16_0_ym19_1_1502330158635_14008\"><span id=\"m_7961359728410483984yui_3_16_0_ym19_1_1502330158635_14009\" lang=\"ES-US\"><img loading=\"lazy\" decoding=\"async\" class=\"size-medium wp-image-292697 alignleft\" src=\"http:\/\/primermomento.com\/wp-content\/uploads\/2017\/08\/Apresan-en-Brooklyn-hombre-ten\u00eda-m\u00e1s-de-2300-balas-diferentes-calibres-300x255.jpg\" alt=\"\" width=\"300\" height=\"255\" srcset=\"https:\/\/primermomento.com\/wp-content\/uploads\/2017\/08\/Apresan-en-Brooklyn-hombre-ten\u00eda-m\u00e1s-de-2300-balas-diferentes-calibres-300x255.jpg 300w, https:\/\/primermomento.com\/wp-content\/uploads\/2017\/08\/Apresan-en-Brooklyn-hombre-ten\u00eda-m\u00e1s-de-2300-balas-diferentes-calibres-500x426.jpg 500w, https:\/\/primermomento.com\/wp-content\/uploads\/2017\/08\/Apresan-en-Brooklyn-hombre-ten\u00eda-m\u00e1s-de-2300-balas-diferentes-calibres-258x220.jpg 258w, https:\/\/primermomento.com\/wp-content\/uploads\/2017\/08\/Apresan-en-Brooklyn-hombre-ten\u00eda-m\u00e1s-de-2300-balas-diferentes-calibres-118x100.jpg 118w, https:\/\/primermomento.com\/wp-content\/uploads\/2017\/08\/Apresan-en-Brooklyn-hombre-ten\u00eda-m\u00e1s-de-2300-balas-diferentes-calibres-479x408.jpg 479w, https:\/\/primermomento.com\/wp-content\/uploads\/2017\/08\/Apresan-en-Brooklyn-hombre-ten\u00eda-m\u00e1s-de-2300-balas-diferentes-calibres.jpg 571w\" sizes=\"auto, (max-width: 300px) 100vw, 300px\" \/>El hecho ocurri\u00f3 este martes en el 70 de la avenida Marine, en el sector Bay Ridge, cuando el marshall de la ciudad realizaba un desalojo y encontr\u00f3 el material b\u00e9lico, notificando al precinto policial 68.<u><\/u><u><\/u><\/span><\/div>\n<div id=\"m_7961359728410483984yui_3_16_0_ym19_1_1502330158635_14011\"><span id=\"m_7961359728410483984yui_3_16_0_ym19_1_1502330158635_14012\" lang=\"ES-US\">\u00a0<u><\/u><u><\/u><\/span><\/div>\n<div id=\"m_7961359728410483984yui_3_16_0_ym19_1_1502330158635_14014\"><span id=\"m_7961359728410483984yui_3_16_0_ym19_1_1502330158635_14015\" lang=\"ES-US\">Cuando la uniformada acudi\u00f3 encontr\u00f3 una escopeta, un ca\u00f1on para escopeta calibre 12, 1,609 balas para fusiles de asalto, 2 silenciadores para rifles, 5 cargadores para pistolas 9 mm y 4 cargadores para rifles de asalto de alta capacidad, entre otros pertrechos.<u><\/u><u><\/u><\/span><\/div>\n<div id=\"m_7961359728410483984yui_3_16_0_ym19_1_1502330158635_14017\"><span id=\"m_7961359728410483984yui_3_16_0_ym19_1_1502330158635_14018\" lang=\"ES-US\">\u00a0<u><\/u><u><\/u><\/span><\/div>\n<div id=\"m_7961359728410483984yui_3_16_0_ym19_1_1502330158635_14020\"><span id=\"m_7961359728410483984yui_3_16_0_ym19_1_1502330158635_14021\" lang=\"ES-US\">El detenido enfrenta cargos por posesi\u00f3n criminal de armas.<u><\/u><u><\/u><\/span><\/div>\n<div id=\"m_7961359728410483984yui_3_16_0_ym19_1_1502330158635_14023\"><span id=\"m_7961359728410483984yui_3_16_0_ym19_1_1502330158635_14024\" lang=\"ES-US\">\u00a0<\/span><\/div>\n<div style=\"text-align: right;\"><span style=\"color: #ff0000;\">Ram\u00f3n Mercedes<\/span><\/div>\n","protected":false},"excerpt":{"rendered":"<p>NUEVA YORK, Nueva York.- La polic\u00eda de Brooklyn arrest\u00f3 a un hombre de 53 a\u00f1os, no identificado por las autoridades y que se presume es hispano, al incautarle m\u00e1s de 2,300 balas para fusiles, escopetas, pistolas y rev\u00f3lveres. \u00a0 El hecho ocurri\u00f3 este martes en el 70 de la avenida Marine, en el sector Bay [&hellip;]<\/p>\n","protected":false},"author":1,"featured_media":0,"comment_status":"open","ping_status":"open","sticky":false,"template":"","format":"standard","meta":{"_bbp_topic_count":0,"_bbp_reply_count":0,"_bbp_total_topic_count":0,"_bbp_total_reply_count":0,"_bbp_voice_count":0,"_bbp_anonymous_reply_count":0,"_bbp_topic_count_hidden":0,"_bbp_reply_count_hidden":0,"_bbp_forum_subforum_count":0,"footnotes":""},"categories":[30,60],"tags":[],"class_list":{"0":"post-292696","1":"post","2":"type-post","3":"status-publish","4":"format-standard","6":"category-actualidad","7":"category-titulares-del-dia"},"_links":{"self":[{"href":"https:\/\/primermomento.com\/index.php?rest_route=\/wp\/v2\/posts\/292696","targetHints":{"allow":["GET"]}}],"collection":[{"href":"https:\/\/primermomento.com\/index.php?rest_route=\/wp\/v2\/posts"}],"about":[{"href":"https:\/\/primermomento.com\/index.php?rest_route=\/wp\/v2\/types\/post"}],"author":[{"embeddable":true,"href":"https:\/\/primermomento.com\/index.php?rest_route=\/wp\/v2\/users\/1"}],"replies":[{"embeddable":true,"href":"https:\/\/primermomento.com\/index.php?rest_route=%2Fwp%2Fv2%2Fcomments&post=292696"}],"version-history":[{"count":0,"href":"https:\/\/primermomento.com\/index.php?rest_route=\/wp\/v2\/posts\/292696\/revisions"}],"wp:attachment":[{"href":"https:\/\/primermomento.com\/index.php?rest_route=%2Fwp%2Fv2%2Fmedia&parent=292696"}],"wp:term":[{"taxonomy":"category","embeddable":true,"href":"https:\/\/primermomento.com\/index.php?rest_route=%2Fwp%2Fv2%2Fcategories&post=292696"},{"taxonomy":"post_tag","embeddable":true,"href":"https:\/\/primermomento.com\/index.php?rest_route=%2Fwp%2Fv2%2Ftags&post=292696"}],"curies":[{"name":"wp","href":"https:\/\/api.w.org\/{rel}","templated":true}]}}