{"id":292699,"date":"2017-08-10T15:44:26","date_gmt":"2017-08-10T19:44:26","guid":{"rendered":"http:\/\/primermomento.com\/?p=292699"},"modified":"2017-08-10T15:44:26","modified_gmt":"2017-08-10T19:44:26","slug":"prision-preventiva-a-sacerdote-por-asesinato-de-menor-de-edad","status":"publish","type":"post","link":"https:\/\/primermomento.com\/?p=292699","title":{"rendered":"Prisi\u00f3n preventiva a sacerdote por asesinato de menor de edad"},"content":{"rendered":"<p>SANTO DOMINGO, Rep\u00fablica Dominicana.- Un tribunal de la provincia de Santo Domingo dict\u00f3 hoy un a\u00f1o de prisi\u00f3n preventiva contra un sacerdote acusado de matar y abusar sexualmente de un menor de edad, seg\u00fan inform\u00f3 a la prensa el abogado del religioso.<\/p>\n<figure id=\"attachment_292700\" aria-describedby=\"caption-attachment-292700\" style=\"width: 300px\" class=\"wp-caption alignleft\"><img loading=\"lazy\" decoding=\"async\" class=\"size-medium wp-image-292700\" src=\"http:\/\/primermomento.com\/wp-content\/uploads\/2017\/08\/Elvin-Taveras-Dur\u00e1n-300x200.jpg\" alt=\"\" width=\"300\" height=\"200\" srcset=\"https:\/\/primermomento.com\/wp-content\/uploads\/2017\/08\/Elvin-Taveras-Dur\u00e1n-300x200.jpg 300w, https:\/\/primermomento.com\/wp-content\/uploads\/2017\/08\/Elvin-Taveras-Dur\u00e1n-73x50.jpg 73w, https:\/\/primermomento.com\/wp-content\/uploads\/2017\/08\/Elvin-Taveras-Dur\u00e1n-500x333.jpg 500w, https:\/\/primermomento.com\/wp-content\/uploads\/2017\/08\/Elvin-Taveras-Dur\u00e1n-280x186.jpg 280w, https:\/\/primermomento.com\/wp-content\/uploads\/2017\/08\/Elvin-Taveras-Dur\u00e1n-60x40.jpg 60w, https:\/\/primermomento.com\/wp-content\/uploads\/2017\/08\/Elvin-Taveras-Dur\u00e1n-118x79.jpg 118w, https:\/\/primermomento.com\/wp-content\/uploads\/2017\/08\/Elvin-Taveras-Dur\u00e1n-479x319.jpg 479w, https:\/\/primermomento.com\/wp-content\/uploads\/2017\/08\/Elvin-Taveras-Dur\u00e1n.jpg 580w\" sizes=\"auto, (max-width: 300px) 100vw, 300px\" \/><figcaption id=\"caption-attachment-292700\" class=\"wp-caption-text\">Foto cr\u00e9dito | Orlando Barr\u00eda\/EFE<\/figcaption><\/figure>\n<p>El imputado es Elvin Taveras Dur\u00e1n, acusado de asesinar a Fernely Carri\u00f3n, de 16 a\u00f1os, contra quien, adem\u00e1s, comet\u00eda abuso sexual, seg\u00fan familiares del menor, cuyo cad\u00e1ver apareci\u00f3 el pasado lunes, cuatro d\u00edas despu\u00e9s de haber salido a encontrarse con el religioso quien, supuestamente, le iba a entregar un dinero.<\/p>\n<p>En la audiencia de hoy en la Oficina de Atenci\u00f3n Permanente de la provincia Santo Domingo, a la que no tuvo acceso la prensa, el sacerdote \u00abse mantuvo todo el tiempo en silencio\u00bb, seg\u00fan dijo a medios, al t\u00e9rmino de la audiencia, su abogado Miguel Liria Gonz\u00e1lez.<\/p>\n<p>El letrado inform\u00f3 de que estudiar\u00e1 la posibilidad de apelar la prisi\u00f3n preventiva dictada en contra de su cliente, pero se abstuvo de calificarla de \u00abextrema\u00bb ya que, record\u00f3 a los periodistas, est\u00e1 contemplada en el C\u00f3digo Penal dominicano.<\/p>\n<p>\u00abFue un juez que la impuso, tengo que aceptarla, lo \u00fanico que tengo que hacer es apelarla o no y esperar que dicten la revisi\u00f3n obligatoria (de la medida) para asistir a ella\u00bb, dijo Liria Gonz\u00e1lez, quien adelant\u00f3 que presentar\u00e1 \u00abtodas las pruebas\u00bb a favor de su defendido.<\/p>\n<p>El Ministerio P\u00fablico hab\u00eda pedido un a\u00f1o de prisi\u00f3n preventiva en contra del sacerdote.<\/p>\n<p>El caso ha sido tratado con cierto hermetismo y la Polic\u00eda Nacional no ha informado de este caso en los informes diarios que env\u00eda a los medios de comunicaci\u00f3n.<\/p>\n<p>Tras dictarse la medida de coerci\u00f3n en contra del sacerdote, el Ministerio P\u00fablico indic\u00f3, en un comunicado emitido por la Procuradur\u00eda, que seg\u00fan el informe forense del caso, el adolescente falleci\u00f3 a consecuencia de dos martillazos contundentes en la cabeza y heridas de arma blanca.<\/p>\n<p>Agreg\u00f3, tambi\u00e9n, que seg\u00fan la investigaci\u00f3n, tras ultimar al adolescente, el imputado mont\u00f3 el cad\u00e1ver en un veh\u00edculo y lo lanz\u00f3 en un matorral de Bayaguana, municipio de la provincia Monte Plata (sureste).<\/p>\n<p>En la misma nota, la fiscal de Santo Domingo, Olga Din\u00e1 Llaver\u00edas, asegur\u00f3 que el Ministerio P\u00fablico demostrar\u00e1 en juicio de fondo \u00abla responsabilidad penal del imputado y las circunstancias en que fue cometido el asesinato\u00bb.<\/p>\n<p>Tras conocerse los primeros datos del crimen, que ha consternado a la sociedad, la Arquidi\u00f3cesis de Santo Domingo anunci\u00f3 el martes la suspensi\u00f3n del ejercicio sacerdotal de Taveras Dur\u00e1n.<\/p>\n<p>A la vez, manifest\u00f3 su disposici\u00f3n \u00abde colaborar con las investigaciones del caso y el proceso judicial que se derive del mismo\u00bb y pidi\u00f3 a las autoridades que, \u00abbasados en la verdad de los hechos, apliquen las sanciones previstas en el C\u00f3digo penal\u00bb.<\/p>\n<p>\u00abAcompa\u00f1amos en su dolor a la familia Carri\u00f3n Savi\u00f1\u00f3n, a la cual le expresamos nuestra cercan\u00eda, les pedimos perd\u00f3n y les aseguramos nuestras oraciones\u00bb, indic\u00f3 la Arquidi\u00f3cesis en un comunicado.<\/p>\n<p>Los padres y otros familiares del menor Fernely Carri\u00f3n acusan del crimen a Taveras Dur\u00e1n, asignado a una parroquia de Santo Domingo y quien, afirmaron, \u00abconfes\u00f3\u00bb ante las autoridades que mat\u00f3 al menor \u00aba machetazos y pu\u00f1aladas\u00bb.<\/p>\n<p>El sacerdote \u00abviv\u00eda d\u00e1ndole dinero\u00bb a Fernely, asegur\u00f3 a la prensa su padre, Freddy Carri\u00f3n, quien reclam\u00f3 \u00abtodo el peso de la ley\u00bb para el supuesto asesino de su hijo.<\/p>\n<p>En declaraciones a periodistas, Freddy Carri\u00f3n dijo que el religioso \u00abse llen\u00f3 de celos\u00bb porque el adolescente empez\u00f3 a publicar fotos en las redes sociales con su novia.<\/p>\n<p style=\"text-align: right;\"><span style=\"color: #ff0000;\"><em>EFE<\/em><\/span><\/p>\n<p>&nbsp;<\/p>\n","protected":false},"excerpt":{"rendered":"<p>SANTO DOMINGO, Rep\u00fablica Dominicana.- Un tribunal de la provincia de Santo Domingo dict\u00f3 hoy un a\u00f1o de prisi\u00f3n preventiva contra un sacerdote acusado de matar y abusar sexualmente de un menor de edad, seg\u00fan inform\u00f3 a la prensa el abogado del religioso. El imputado es Elvin Taveras Dur\u00e1n, acusado de asesinar a Fernely Carri\u00f3n, de [&hellip;]<\/p>\n","protected":false},"author":1,"featured_media":0,"comment_status":"open","ping_status":"open","sticky":false,"template":"","format":"standard","meta":{"_bbp_topic_count":0,"_bbp_reply_count":0,"_bbp_total_topic_count":0,"_bbp_total_reply_count":0,"_bbp_voice_count":0,"_bbp_anonymous_reply_count":0,"_bbp_topic_count_hidden":0,"_bbp_reply_count_hidden":0,"_bbp_forum_subforum_count":0,"footnotes":""},"categories":[30,60],"tags":[],"class_list":{"0":"post-292699","1":"post","2":"type-post","3":"status-publish","4":"format-standard","6":"category-actualidad","7":"category-titulares-del-dia"},"_links":{"self":[{"href":"https:\/\/primermomento.com\/index.php?rest_route=\/wp\/v2\/posts\/292699","targetHints":{"allow":["GET"]}}],"collection":[{"href":"https:\/\/primermomento.com\/index.php?rest_route=\/wp\/v2\/posts"}],"about":[{"href":"https:\/\/primermomento.com\/index.php?rest_route=\/wp\/v2\/types\/post"}],"author":[{"embeddable":true,"href":"https:\/\/primermomento.com\/index.php?rest_route=\/wp\/v2\/users\/1"}],"replies":[{"embeddable":true,"href":"https:\/\/primermomento.com\/index.php?rest_route=%2Fwp%2Fv2%2Fcomments&post=292699"}],"version-history":[{"count":0,"href":"https:\/\/primermomento.com\/index.php?rest_route=\/wp\/v2\/posts\/292699\/revisions"}],"wp:attachment":[{"href":"https:\/\/primermomento.com\/index.php?rest_route=%2Fwp%2Fv2%2Fmedia&parent=292699"}],"wp:term":[{"taxonomy":"category","embeddable":true,"href":"https:\/\/primermomento.com\/index.php?rest_route=%2Fwp%2Fv2%2Fcategories&post=292699"},{"taxonomy":"post_tag","embeddable":true,"href":"https:\/\/primermomento.com\/index.php?rest_route=%2Fwp%2Fv2%2Ftags&post=292699"}],"curies":[{"name":"wp","href":"https:\/\/api.w.org\/{rel}","templated":true}]}}