{"id":292719,"date":"2017-08-10T05:17:48","date_gmt":"2017-08-10T09:17:48","guid":{"rendered":"http:\/\/primermomento.com\/?p=292719"},"modified":"2017-08-10T16:22:25","modified_gmt":"2017-08-10T20:22:25","slug":"no-hay-cambios-sin-politicas-para-el-cambio","status":"publish","type":"post","link":"https:\/\/primermomento.com\/?p=292719","title":{"rendered":"No hay cambios sin pol\u00edticas para el cambio"},"content":{"rendered":"<p>Es asombroso el gusto de la gente por los estribillos, por las consignas en los diversos momentos de la acci\u00f3n por demandas de objetivos, sean estos pol\u00edticos, corporativos o puntuales. Es entendible, la sencillez de las demandas en acciones pol\u00edticas, m\u00e1xime cuando son de masas, es altamente efectiva para lograr el entusiasmo de la gente durante las movilizaciones. No obstante,hay problemas cuando quienes organizan y dirigen esas acciones tambi\u00e9n quedan atrapados en los l\u00edmites de esas consignas o estribillos, pues no trascienden la mera situaci\u00f3n del estado de \u00e1nimo contra un sistema al no tener ninguna propuesta de los elementos en que descansar\u00eda el nuevo orden que se pretende crear.<\/p>\n<p><img loading=\"lazy\" decoding=\"async\" class=\"size-thumbnail wp-image-280305 alignleft\" src=\"http:\/\/primermomento.com\/wp-content\/uploads\/2016\/08\/Cesar-Perez-150x150.jpg\" alt=\"\" width=\"150\" height=\"150\" \/>Es posible que la relativa brevedad de la generalidad de las experiencias de cambios que en los \u00faltimos tiempos se han intentado en diversos pa\u00edses, fruto de la acci\u00f3n de masas contra determinados sistemas o por inesperadas y clamorosas victorias electorales, radique en la levedad de esos fen\u00f3menos al no estar sentados sobre lineamientos generales, pero sustantivos, de propuestas de cambios pol\u00edticos que vayan m\u00e1s all\u00e1 delos reclamos del momento, generalmente reducidos a consignas que por m\u00e1s justas que estas sean tienden a perder pertinencia en los nuevos escenarios surgidos de coyunturales acciones de masas o de votaciones. No hemos podido aprovechar las grandes posibilidades de las actuales redes de comunicaci\u00f3n para articular un discurso propositivo con posibilidades de convertirse en programa transformador.<\/p>\n<p>Ante la insuficiencia de los viejos paradigmas no es cuesti\u00f3n de crear otros que se propondr\u00edan como nuevos, sino asumir como ejes fundamentales de la acci\u00f3n pol\u00edtica la articulaci\u00f3n de muchas de las propuestas de ampliaci\u00f3n y sustanciaci\u00f3n de la democracia que desde los ochentas se han planteado en esta parte del mundo: las conquistas de los espacios urbanos y locales, democratizaci\u00f3n de las colectividades pol\u00edticas y sociales, el derecho a la ciudad, la descentralizaci\u00f3n del Estado, leyes de partidos que garanticen la ampliaci\u00f3n de la democracia y participaci\u00f3n efectiva en la selecci\u00f3n de los representantes en los lugares donde se toman las decisiones pol\u00edticas claves etc. . De la articulaci\u00f3n de estos objetivos pol\u00edticos podr\u00eda dise\u00f1arse el proyecto de sociedad que se quiere.<\/p>\n<p>La pol\u00edtica es hoy d\u00eda el escenario principal, casi \u00fanico, de la lucha por trasformaciones sociales fundamentales, quien no entienda esto no ha entendido nada de la pol\u00edtica, o es un pretendido impol\u00edtico.<\/p>\n<p>En el caso de nuestro pa\u00eds, estamos ante la eclosi\u00f3n del movimiento de masas m\u00e1s importante de nuestra historia y, sin embargo, se oye decir a algunos de sus dirigentes que no se introduzcan reivindicaciones pol\u00edticas porque esto dividir\u00eda el movimiento, por lo cual plantean limitarlo a las simples consignas del fin de la corrupci\u00f3n y de la impunidad; en breve, judicializar la acci\u00f3n de masas, \u201cprotegerla\u201d de la pol\u00edtica. Una cortedad de miras que desde ya condenar\u00eda el movimiento a su levedad e inocuidad futuras, al no poder producir los cambios que esta sociedad requiere. La pol\u00edtica es hoy d\u00eda el escenario principal, casi \u00fanico, de la lucha por trasformaciones sociales fundamentales, quien no entienda esto no ha entendido nada de la pol\u00edtica, o es un pretendido impol\u00edtico.<\/p>\n<p>En una recopilaci\u00f3n de art\u00edculos del brillante Toni Judt, publicado luego de su muerte, resulta particularmente relevante uno en que se pregunta: \u00bfQue se ha muerto y que pervive de la socialdemocracia? La esencia de la respuesta que da a esa pregunta radica en que esta debe rescatar la memoria de las conquistas de la clase trabajadora y los sectores medios en la Europa de post guerra que consisti\u00f3 en la \u201caparici\u00f3n de un Estado proveedor de servicios sociales (\u2026) del bienestar como derecho y su provisi\u00f3n como deber social\u201d. \u00c9l no se plantea un nuevo paradigma, dado la complejidad del mundo actual, sino que toma como bandera el ideal de bienestar colectivo de una \u00e9poca. No es receta pertinente para nuestro pa\u00eds, sino un ejemplo extremo de la importancia que para algunos autores tienen las ideas de sociedad como gu\u00eda para la pol\u00edtica concreta.<\/p>\n<p>Nunca como ahora hab\u00edamos tenido la oportunidad de articular un proyecto de cambio pol\u00edtico social realmente democr\u00e1tico trav\u00e9s de la acci\u00f3n masas, como la que nos ofrece el estado de \u00e1nimo, la subjetividad que se respira dentro y fuera de las marchas del Movimiento Verde. En el aprovechamiento de esa circunstancia para avanzar propuestas articuladas de reformas que se conviertan en un real proyecto de cambio no s\u00f3lo radica la posibilidad de la sostenibilidad del movimiento, sino que es lo \u00fanico que le dar\u00eda sentido.<\/p>\n<p style=\"text-align: right;\"><span style=\"color: #ff0000;\">C\u00e9sar P\u00e9rez<\/span><br \/>\n<span style=\"color: #ff0000;\"><em>Soci\u00f3logo y profesor universitario<\/em><\/span><\/p>\n<p>&nbsp;<\/p>\n","protected":false},"excerpt":{"rendered":"<p>Es asombroso el gusto de la gente por los estribillos, por las consignas en los diversos momentos de la acci\u00f3n por demandas de objetivos, sean estos pol\u00edticos, corporativos o puntuales. Es entendible, la sencillez de las demandas en acciones pol\u00edticas, m\u00e1xime cuando son de masas, es altamente efectiva para lograr el entusiasmo de la gente [&hellip;]<\/p>\n","protected":false},"author":1,"featured_media":0,"comment_status":"open","ping_status":"open","sticky":false,"template":"","format":"standard","meta":{"_bbp_topic_count":0,"_bbp_reply_count":0,"_bbp_total_topic_count":0,"_bbp_total_reply_count":0,"_bbp_voice_count":0,"_bbp_anonymous_reply_count":0,"_bbp_topic_count_hidden":0,"_bbp_reply_count_hidden":0,"_bbp_forum_subforum_count":0,"footnotes":""},"categories":[33],"tags":[],"class_list":{"0":"post-292719","1":"post","2":"type-post","3":"status-publish","4":"format-standard","6":"category-opinion"},"_links":{"self":[{"href":"https:\/\/primermomento.com\/index.php?rest_route=\/wp\/v2\/posts\/292719","targetHints":{"allow":["GET"]}}],"collection":[{"href":"https:\/\/primermomento.com\/index.php?rest_route=\/wp\/v2\/posts"}],"about":[{"href":"https:\/\/primermomento.com\/index.php?rest_route=\/wp\/v2\/types\/post"}],"author":[{"embeddable":true,"href":"https:\/\/primermomento.com\/index.php?rest_route=\/wp\/v2\/users\/1"}],"replies":[{"embeddable":true,"href":"https:\/\/primermomento.com\/index.php?rest_route=%2Fwp%2Fv2%2Fcomments&post=292719"}],"version-history":[{"count":0,"href":"https:\/\/primermomento.com\/index.php?rest_route=\/wp\/v2\/posts\/292719\/revisions"}],"wp:attachment":[{"href":"https:\/\/primermomento.com\/index.php?rest_route=%2Fwp%2Fv2%2Fmedia&parent=292719"}],"wp:term":[{"taxonomy":"category","embeddable":true,"href":"https:\/\/primermomento.com\/index.php?rest_route=%2Fwp%2Fv2%2Fcategories&post=292719"},{"taxonomy":"post_tag","embeddable":true,"href":"https:\/\/primermomento.com\/index.php?rest_route=%2Fwp%2Fv2%2Ftags&post=292719"}],"curies":[{"name":"wp","href":"https:\/\/api.w.org\/{rel}","templated":true}]}}