{"id":292780,"date":"2017-08-11T15:31:50","date_gmt":"2017-08-11T19:31:50","guid":{"rendered":"http:\/\/primermomento.com\/?p=292780"},"modified":"2017-08-11T15:31:50","modified_gmt":"2017-08-11T19:31:50","slug":"bani-alcalde-y-regidoras-van-a-desfile-dominicano","status":"publish","type":"post","link":"https:\/\/primermomento.com\/?p=292780","title":{"rendered":"BAN\u00cd | Alcalde y regidoras van a desfile dominicano"},"content":{"rendered":"<p>BAN\u00cd, Rep\u00fablica Dominicana.- En un hecho sin precedente, el alcalde de aqu\u00ed Chacho Landestoy solicit\u00f3 a la Sala Capitular que escoja a dos regidores para que lo acompa\u00f1e a un viaje a la ciudad de Peterson, Estado de Nueva Jersey, en la costa este de EEUU, donde va a celebrarse el desfile dominicano dedicado a la provincia Peravia.<\/p>\n<figure id=\"attachment_291690\" aria-describedby=\"caption-attachment-291690\" style=\"width: 300px\" class=\"wp-caption alignright\"><img loading=\"lazy\" decoding=\"async\" class=\"size-medium wp-image-291690\" src=\"http:\/\/primermomento.com\/wp-content\/uploads\/2017\/07\/Chacho-Landestoy-Quisqueya-Aprende-300x225.jpg\" alt=\"\" width=\"300\" height=\"225\" srcset=\"https:\/\/primermomento.com\/wp-content\/uploads\/2017\/07\/Chacho-Landestoy-Quisqueya-Aprende-300x225.jpg 300w, https:\/\/primermomento.com\/wp-content\/uploads\/2017\/07\/Chacho-Landestoy-Quisqueya-Aprende-768x576.jpg 768w, https:\/\/primermomento.com\/wp-content\/uploads\/2017\/07\/Chacho-Landestoy-Quisqueya-Aprende-120x90.jpg 120w, https:\/\/primermomento.com\/wp-content\/uploads\/2017\/07\/Chacho-Landestoy-Quisqueya-Aprende-500x375.jpg 500w, https:\/\/primermomento.com\/wp-content\/uploads\/2017\/07\/Chacho-Landestoy-Quisqueya-Aprende-280x210.jpg 280w, https:\/\/primermomento.com\/wp-content\/uploads\/2017\/07\/Chacho-Landestoy-Quisqueya-Aprende-638x479.jpg 638w, https:\/\/primermomento.com\/wp-content\/uploads\/2017\/07\/Chacho-Landestoy-Quisqueya-Aprende-118x89.jpg 118w, https:\/\/primermomento.com\/wp-content\/uploads\/2017\/07\/Chacho-Landestoy-Quisqueya-Aprende-479x359.jpg 479w, https:\/\/primermomento.com\/wp-content\/uploads\/2017\/07\/Chacho-Landestoy-Quisqueya-Aprende.jpg 981w\" sizes=\"auto, (max-width: 300px) 100vw, 300px\" \/><figcaption id=\"caption-attachment-291690\" class=\"wp-caption-text\">Alcalde Chacho Landestoy. Foto archivo | Primer Momento.<\/figcaption><\/figure>\n<p>Para sorpresa de los ediles y de los mun\u00edcipes presentes en la sesi\u00f3n pasada del Concejo Municipal, este paso fue interpretado como una movida para buscar armon\u00eda entre el ejecutivo y el \u00f3rgano de control y fiscalizaci\u00f3n.<\/p>\n<p>El regidor Leonidas D\u00edaz Aristy calific\u00f3 la circular del alcalde como \u00abun logro hist\u00f3rico\u00bb y, en ese sentido, consider\u00f3 que ahora las cosas comienzan a marchar bien en el Ayuntamiento.<\/p>\n<p>\u00abTodos queremos representar al Ayuntamiento\u00bb, dijeron algunos regidores.<\/p>\n<p>Al rechazar la propuesta de que la escogencia fuera interna y a puertas cerradas, los mun\u00edcipes exigieron que se hiciera p\u00fablico a trav\u00e9s de un sorteo, resultando ganadores los (as) regidores Mabel Castillo y Ascanio Cruz Moya, pero este \u00faltimo cedi\u00f3 a su colega Miguelina de la Cruz.<\/p>\n<p>En su m\u00e1s reciente viaje a Boston para participar en el Convite Banilejo, el alcalde Landestoy escogi\u00f3 a los regidores Yomaira Pe\u00f1a y Juan Germ\u00e1n, sin que se aprobara en la Sala Capitular, lo que fue criticado por medios digitales locales.<\/p>\n<p>Igual que en el anterior viaje, no se ha informado cu\u00e1nto costar\u00e1 y si los recursos para cubrirlo son p\u00fablicos o privados.<\/p>\n<p style=\"text-align: right;\"><span style=\"color: #ff0000;\">Primer<\/span>Momento<\/p>\n","protected":false},"excerpt":{"rendered":"<p>BAN\u00cd, Rep\u00fablica Dominicana.- En un hecho sin precedente, el alcalde de aqu\u00ed Chacho Landestoy solicit\u00f3 a la Sala Capitular que escoja a dos regidores para que lo acompa\u00f1e a un viaje a la ciudad de Peterson, Estado de Nueva Jersey, en la costa este de EEUU, donde va a celebrarse el desfile dominicano dedicado a [&hellip;]<\/p>\n","protected":false},"author":1,"featured_media":0,"comment_status":"open","ping_status":"open","sticky":false,"template":"","format":"standard","meta":{"_bbp_topic_count":0,"_bbp_reply_count":0,"_bbp_total_topic_count":0,"_bbp_total_reply_count":0,"_bbp_voice_count":0,"_bbp_anonymous_reply_count":0,"_bbp_topic_count_hidden":0,"_bbp_reply_count_hidden":0,"_bbp_forum_subforum_count":0,"footnotes":""},"categories":[30,60],"tags":[],"class_list":{"0":"post-292780","1":"post","2":"type-post","3":"status-publish","4":"format-standard","6":"category-actualidad","7":"category-titulares-del-dia"},"_links":{"self":[{"href":"https:\/\/primermomento.com\/index.php?rest_route=\/wp\/v2\/posts\/292780","targetHints":{"allow":["GET"]}}],"collection":[{"href":"https:\/\/primermomento.com\/index.php?rest_route=\/wp\/v2\/posts"}],"about":[{"href":"https:\/\/primermomento.com\/index.php?rest_route=\/wp\/v2\/types\/post"}],"author":[{"embeddable":true,"href":"https:\/\/primermomento.com\/index.php?rest_route=\/wp\/v2\/users\/1"}],"replies":[{"embeddable":true,"href":"https:\/\/primermomento.com\/index.php?rest_route=%2Fwp%2Fv2%2Fcomments&post=292780"}],"version-history":[{"count":0,"href":"https:\/\/primermomento.com\/index.php?rest_route=\/wp\/v2\/posts\/292780\/revisions"}],"wp:attachment":[{"href":"https:\/\/primermomento.com\/index.php?rest_route=%2Fwp%2Fv2%2Fmedia&parent=292780"}],"wp:term":[{"taxonomy":"category","embeddable":true,"href":"https:\/\/primermomento.com\/index.php?rest_route=%2Fwp%2Fv2%2Fcategories&post=292780"},{"taxonomy":"post_tag","embeddable":true,"href":"https:\/\/primermomento.com\/index.php?rest_route=%2Fwp%2Fv2%2Ftags&post=292780"}],"curies":[{"name":"wp","href":"https:\/\/api.w.org\/{rel}","templated":true}]}}