{"id":292782,"date":"2017-08-11T16:11:14","date_gmt":"2017-08-11T20:11:14","guid":{"rendered":"http:\/\/primermomento.com\/?p=292782"},"modified":"2017-08-11T16:11:53","modified_gmt":"2017-08-11T20:11:53","slug":"bani-banilejo-fallecido-en-boston-llevara-nombre-de-calle","status":"publish","type":"post","link":"https:\/\/primermomento.com\/?p=292782","title":{"rendered":"BAN\u00cd | Banilejo fallecido en Boston llevar\u00e1 nombre de una de las calles"},"content":{"rendered":"<p>BAN\u00cd, Rep\u00fablica Dominicana.- La regidora Mabel Castillo propuso que el Concejo Municipal apruebe una resoluci\u00f3n para que una de las calles de la ciudad lleve el nombre de profesor banilejo N\u00e9cker Obj\u00edo, fallecido en Boston, Massachusetts.<\/p>\n<figure id=\"attachment_292783\" aria-describedby=\"caption-attachment-292783\" style=\"width: 300px\" class=\"wp-caption alignleft\"><img loading=\"lazy\" decoding=\"async\" class=\"size-medium wp-image-292783\" src=\"http:\/\/primermomento.com\/wp-content\/uploads\/2017\/08\/Mabel-Castillo-300x225.jpg\" alt=\"\" width=\"300\" height=\"225\" srcset=\"https:\/\/primermomento.com\/wp-content\/uploads\/2017\/08\/Mabel-Castillo-300x225.jpg 300w, https:\/\/primermomento.com\/wp-content\/uploads\/2017\/08\/Mabel-Castillo-768x576.jpg 768w, https:\/\/primermomento.com\/wp-content\/uploads\/2017\/08\/Mabel-Castillo-1024x768.jpg 1024w, https:\/\/primermomento.com\/wp-content\/uploads\/2017\/08\/Mabel-Castillo-120x90.jpg 120w, https:\/\/primermomento.com\/wp-content\/uploads\/2017\/08\/Mabel-Castillo-500x375.jpg 500w, https:\/\/primermomento.com\/wp-content\/uploads\/2017\/08\/Mabel-Castillo-280x210.jpg 280w, https:\/\/primermomento.com\/wp-content\/uploads\/2017\/08\/Mabel-Castillo-638x479.jpg 638w, https:\/\/primermomento.com\/wp-content\/uploads\/2017\/08\/Mabel-Castillo-118x89.jpg 118w, https:\/\/primermomento.com\/wp-content\/uploads\/2017\/08\/Mabel-Castillo-479x359.jpg 479w\" sizes=\"auto, (max-width: 300px) 100vw, 300px\" \/><figcaption id=\"caption-attachment-292783\" class=\"wp-caption-text\">Mabel Castillo. Foto archivo | PrimerMomento.<\/figcaption><\/figure>\n<p>La Sala Capitular acogi\u00f3, un\u00e1nimemente, la solicitud pero la misma ser\u00eda enviada a la Comisi\u00f3n de Cultura para que d\u00e9 los toques finales y luego convocar a una sesi\u00f3n extraordinaria que confirme la designaci\u00f3n de la calle N\u00e9cker Obj\u00edo.<\/p>\n<p>N\u00e9cker Obj\u00edo fue un dedicado funcionario p\u00fablico que sirvi\u00f3 en el sistema escolar p\u00fablico en el municipio de Ban\u00ed, provincia Peravia, y en Santo Domingo, Rep\u00fablica Dominicana.<\/p>\n<p>El fenecido presidente Joaqu\u00edn Balaguer lo nombr\u00f3 vicec\u00f3nsul en Nueva York, donde estuvo por varios a\u00f1os acompa\u00f1ando a Joaqu\u00edn Ricardo quien era el c\u00f3nsul general en esa ciudad.<\/p>\n<p>N\u00e9cker Obj\u00edo vivi\u00f3 como inmigrante en Boston, Massachusetts, donde se estableci\u00f3 con su familia.<\/p>\n<p>En la sesi\u00f3n de la Sala Capitular estuvo presente su hermano Danilo Objio.<\/p>\n<p>Al referirse al trabajo y la dedicaci\u00f3n del educador N\u00e9cker Objio, el edil Leonidas D\u00edaz lo compar\u00f3 con otros servidores p\u00fablicos, y aprovech\u00f3 la sesi\u00f3n para proponer un Banco de Mun\u00edcipes Distinguidos, porque muchas calles no tienen nombres.<\/p>\n<p style=\"text-align: right;\"><span style=\"color: #ff0000;\">Primer<\/span>Momento<\/p>\n<p>&nbsp;<\/p>\n","protected":false},"excerpt":{"rendered":"<p>BAN\u00cd, Rep\u00fablica Dominicana.- La regidora Mabel Castillo propuso que el Concejo Municipal apruebe una resoluci\u00f3n para que una de las calles de la ciudad lleve el nombre de profesor banilejo N\u00e9cker Obj\u00edo, fallecido en Boston, Massachusetts. La Sala Capitular acogi\u00f3, un\u00e1nimemente, la solicitud pero la misma ser\u00eda enviada a la Comisi\u00f3n de Cultura para que [&hellip;]<\/p>\n","protected":false},"author":1,"featured_media":0,"comment_status":"open","ping_status":"open","sticky":false,"template":"","format":"standard","meta":{"_bbp_topic_count":0,"_bbp_reply_count":0,"_bbp_total_topic_count":0,"_bbp_total_reply_count":0,"_bbp_voice_count":0,"_bbp_anonymous_reply_count":0,"_bbp_topic_count_hidden":0,"_bbp_reply_count_hidden":0,"_bbp_forum_subforum_count":0,"footnotes":""},"categories":[30,60],"tags":[],"class_list":{"0":"post-292782","1":"post","2":"type-post","3":"status-publish","4":"format-standard","6":"category-actualidad","7":"category-titulares-del-dia"},"_links":{"self":[{"href":"https:\/\/primermomento.com\/index.php?rest_route=\/wp\/v2\/posts\/292782","targetHints":{"allow":["GET"]}}],"collection":[{"href":"https:\/\/primermomento.com\/index.php?rest_route=\/wp\/v2\/posts"}],"about":[{"href":"https:\/\/primermomento.com\/index.php?rest_route=\/wp\/v2\/types\/post"}],"author":[{"embeddable":true,"href":"https:\/\/primermomento.com\/index.php?rest_route=\/wp\/v2\/users\/1"}],"replies":[{"embeddable":true,"href":"https:\/\/primermomento.com\/index.php?rest_route=%2Fwp%2Fv2%2Fcomments&post=292782"}],"version-history":[{"count":0,"href":"https:\/\/primermomento.com\/index.php?rest_route=\/wp\/v2\/posts\/292782\/revisions"}],"wp:attachment":[{"href":"https:\/\/primermomento.com\/index.php?rest_route=%2Fwp%2Fv2%2Fmedia&parent=292782"}],"wp:term":[{"taxonomy":"category","embeddable":true,"href":"https:\/\/primermomento.com\/index.php?rest_route=%2Fwp%2Fv2%2Fcategories&post=292782"},{"taxonomy":"post_tag","embeddable":true,"href":"https:\/\/primermomento.com\/index.php?rest_route=%2Fwp%2Fv2%2Ftags&post=292782"}],"curies":[{"name":"wp","href":"https:\/\/api.w.org\/{rel}","templated":true}]}}