{"id":292786,"date":"2017-08-11T15:28:50","date_gmt":"2017-08-11T19:28:50","guid":{"rendered":"http:\/\/primermomento.com\/?p=292786"},"modified":"2017-08-11T16:36:49","modified_gmt":"2017-08-11T20:36:49","slug":"bani-y-ocoa-firman-acuerdo-de-cooperacion-en-materia-turistica","status":"publish","type":"post","link":"https:\/\/primermomento.com\/?p=292786","title":{"rendered":"Ban\u00ed y Ocoa firman acuerdo de cooperaci\u00f3n en materia tur\u00edstica"},"content":{"rendered":"<p>SAN JOS\u00c9 DE OCOA, Ocoa.- El arquitecto Juan Tejeda Santana, presidente del Cl\u00faster Tur\u00edstico y Productivo de Ban\u00ed y el licenciado Rafael Read, presidente del Cl\u00faster Ecotur\u00edstico de Ocoa, firmaron un acuerdo de cooperaci\u00f3n entre ambas instituciones para impulsar el desarrollo del multidestino en ambas provincias y de esta forma poner al servicio del desarrollo tur\u00edstico de la regi\u00f3n sur, los diferentes atractivos con que cuentan ambas demarcaciones geogr\u00e1ficas.<\/p>\n<p><img loading=\"lazy\" decoding=\"async\" class=\"size-medium wp-image-292787 alignleft\" src=\"http:\/\/primermomento.com\/wp-content\/uploads\/2017\/08\/IMG-20170810-WA0053-300x169.jpg\" alt=\"\" width=\"300\" height=\"169\" srcset=\"https:\/\/primermomento.com\/wp-content\/uploads\/2017\/08\/IMG-20170810-WA0053-300x169.jpg 300w, https:\/\/primermomento.com\/wp-content\/uploads\/2017\/08\/IMG-20170810-WA0053-768x432.jpg 768w, https:\/\/primermomento.com\/wp-content\/uploads\/2017\/08\/IMG-20170810-WA0053-1024x576.jpg 1024w, https:\/\/primermomento.com\/wp-content\/uploads\/2017\/08\/IMG-20170810-WA0053-478x270.jpg 478w, https:\/\/primermomento.com\/wp-content\/uploads\/2017\/08\/IMG-20170810-WA0053-500x281.jpg 500w, https:\/\/primermomento.com\/wp-content\/uploads\/2017\/08\/IMG-20170810-WA0053-280x158.jpg 280w, https:\/\/primermomento.com\/wp-content\/uploads\/2017\/08\/IMG-20170810-WA0053-638x359.jpg 638w, https:\/\/primermomento.com\/wp-content\/uploads\/2017\/08\/IMG-20170810-WA0053-118x66.jpg 118w, https:\/\/primermomento.com\/wp-content\/uploads\/2017\/08\/IMG-20170810-WA0053-479x269.jpg 479w, https:\/\/primermomento.com\/wp-content\/uploads\/2017\/08\/IMG-20170810-WA0053.jpg 1280w\" sizes=\"auto, (max-width: 300px) 100vw, 300px\" \/>El acuerdo se realiz\u00f3 en las instalaciones de Fondeprosjo en San Jos\u00e9 de Ocoa y el se\u00f1or Rafael Read ponder\u00f3 el mismo de la siguiente forma. \u201cEste acuerdo no es m\u00e1s que dos destinos que se unen para trabajar en el desarrollo de ambas provincias, a trav\u00e9s de una estrategia que es muy utilizada a nivel mundial que es el multidestino, a trav\u00e9s de esta estrategia san Jos\u00e9 de Ocoa que es rica en monta\u00f1as, balnearios y paisajes ecotur\u00edsticos, comparte entonces con la provincia Peravia Ban\u00ed sol y playa y ecoturismo y a trav\u00e9s de este acuerdo ambas instituciones nos comprometemos a trabajar en planes de desarrollo para ambos destinos, de capacitaci\u00f3n investigaci\u00f3n y colaboraci\u00f3n\u201d.<\/p>\n<p>En tanto que el arquitecto Juan Tejeda ponder\u00f3 la importancia de que los diferentes cl\u00fasteres se integren para poder impulsar el desarrollo de los destinos emergentes de la regi\u00f3n sur, que al igual que Ocoa y Ban\u00ed trabajan para convertirse en verdaderos destinos tur\u00edsticos. El arquitecto Tejeda manifest\u00f3 que: \u201cCreemos que es oportuno el momento para nosotros firmar este tipo de acuerdo, ya que vamos a comenzar a recibir una gran cantidad de turistas, en la provincia Peravia. Se est\u00e1n gestando tres proyectos grandes, uno que que se llama Punta Arena del Grupo Punta Cana, otro en la comunidad de Matanzas que se llama Caney y otro que se llama Ocoa Bay y de eso nos podemos beneficiar todos\u201d.<\/p>\n<p>La firma de este acuerdo entre dos cl\u00faster tur\u00edsticos de diferentes comunidades es una se\u00f1al de que la cooperaci\u00f3n entre los diferentes cl\u00fasteres de la regi\u00f3n sur es un hecho, una forma de trabajar en conjunto para impulsar el multidestino en esta regi\u00f3n del pais. En la actividad fungieron como testigos de la firma del acuerdo Felix Juan Mancebo, presidente de CODEPROSJO y Danilo Ortiz, de la oficina senatorial de San Jos\u00e9 de Ocoa en representaci\u00f3n del senador Pedro Alegr\u00eda.<\/p>\n<p>&nbsp;<\/p>\n<p>&nbsp;<\/p>\n","protected":false},"excerpt":{"rendered":"<p>SAN JOS\u00c9 DE OCOA, Ocoa.- El arquitecto Juan Tejeda Santana, presidente del Cl\u00faster Tur\u00edstico y Productivo de Ban\u00ed y el licenciado Rafael Read, presidente del Cl\u00faster Ecotur\u00edstico de Ocoa, firmaron un acuerdo de cooperaci\u00f3n entre ambas instituciones para impulsar el desarrollo del multidestino en ambas provincias y de esta forma poner al servicio del desarrollo [&hellip;]<\/p>\n","protected":false},"author":1,"featured_media":0,"comment_status":"open","ping_status":"open","sticky":false,"template":"","format":"standard","meta":{"_bbp_topic_count":0,"_bbp_reply_count":0,"_bbp_total_topic_count":0,"_bbp_total_reply_count":0,"_bbp_voice_count":0,"_bbp_anonymous_reply_count":0,"_bbp_topic_count_hidden":0,"_bbp_reply_count_hidden":0,"_bbp_forum_subforum_count":0,"footnotes":""},"categories":[60,32],"tags":[],"class_list":{"0":"post-292786","1":"post","2":"type-post","3":"status-publish","4":"format-standard","6":"category-titulares-del-dia","7":"category-lo-ultimo"},"_links":{"self":[{"href":"https:\/\/primermomento.com\/index.php?rest_route=\/wp\/v2\/posts\/292786","targetHints":{"allow":["GET"]}}],"collection":[{"href":"https:\/\/primermomento.com\/index.php?rest_route=\/wp\/v2\/posts"}],"about":[{"href":"https:\/\/primermomento.com\/index.php?rest_route=\/wp\/v2\/types\/post"}],"author":[{"embeddable":true,"href":"https:\/\/primermomento.com\/index.php?rest_route=\/wp\/v2\/users\/1"}],"replies":[{"embeddable":true,"href":"https:\/\/primermomento.com\/index.php?rest_route=%2Fwp%2Fv2%2Fcomments&post=292786"}],"version-history":[{"count":0,"href":"https:\/\/primermomento.com\/index.php?rest_route=\/wp\/v2\/posts\/292786\/revisions"}],"wp:attachment":[{"href":"https:\/\/primermomento.com\/index.php?rest_route=%2Fwp%2Fv2%2Fmedia&parent=292786"}],"wp:term":[{"taxonomy":"category","embeddable":true,"href":"https:\/\/primermomento.com\/index.php?rest_route=%2Fwp%2Fv2%2Fcategories&post=292786"},{"taxonomy":"post_tag","embeddable":true,"href":"https:\/\/primermomento.com\/index.php?rest_route=%2Fwp%2Fv2%2Ftags&post=292786"}],"curies":[{"name":"wp","href":"https:\/\/api.w.org\/{rel}","templated":true}]}}