{"id":292789,"date":"2017-08-11T15:25:16","date_gmt":"2017-08-11T19:25:16","guid":{"rendered":"http:\/\/primermomento.com\/?p=292789"},"modified":"2017-08-11T16:38:27","modified_gmt":"2017-08-11T20:38:27","slug":"bani-anuncian-diplomado-en-innovacion-y-emprendimiento","status":"publish","type":"post","link":"https:\/\/primermomento.com\/?p=292789","title":{"rendered":"BAN\u00cd | Anuncian diplomado en innovaci\u00f3n y emprendimiento"},"content":{"rendered":"<p>BAN\u00cd, Rep\u00fablica Dominicana.- Siguiendo su programa, la oficina de Gesti\u00f3n Social y Legislativa del diputado Julito Fulcar, estar\u00e1 dando inicio el pr\u00f3ximo domingo 13 del corriente mes del primer Diplomado en Innovaci\u00f3n y Emprendimiento, dirigido a j\u00f3venes de la provincia Peravia.<\/p>\n<figure id=\"attachment_290948\" aria-describedby=\"caption-attachment-290948\" style=\"width: 300px\" class=\"wp-caption alignright\"><img loading=\"lazy\" decoding=\"async\" class=\"size-medium wp-image-290948\" src=\"http:\/\/primermomento.com\/wp-content\/uploads\/2017\/06\/Julito-Fulcar-300x225.jpg\" alt=\"\" width=\"300\" height=\"225\" srcset=\"https:\/\/primermomento.com\/wp-content\/uploads\/2017\/06\/Julito-Fulcar-300x225.jpg 300w, https:\/\/primermomento.com\/wp-content\/uploads\/2017\/06\/Julito-Fulcar-768x576.jpg 768w, https:\/\/primermomento.com\/wp-content\/uploads\/2017\/06\/Julito-Fulcar-1024x768.jpg 1024w, https:\/\/primermomento.com\/wp-content\/uploads\/2017\/06\/Julito-Fulcar-120x90.jpg 120w, https:\/\/primermomento.com\/wp-content\/uploads\/2017\/06\/Julito-Fulcar-500x375.jpg 500w, https:\/\/primermomento.com\/wp-content\/uploads\/2017\/06\/Julito-Fulcar-280x210.jpg 280w, https:\/\/primermomento.com\/wp-content\/uploads\/2017\/06\/Julito-Fulcar-638x479.jpg 638w, https:\/\/primermomento.com\/wp-content\/uploads\/2017\/06\/Julito-Fulcar-118x89.jpg 118w, https:\/\/primermomento.com\/wp-content\/uploads\/2017\/06\/Julito-Fulcar-479x359.jpg 479w\" sizes=\"auto, (max-width: 300px) 100vw, 300px\" \/><figcaption id=\"caption-attachment-290948\" class=\"wp-caption-text\">Julito Fulcar, presidente del citado evento cooperativista. Foto archivo | Primer Momento.<\/figcaption><\/figure>\n<p>El diplomado tendr\u00e1 una duraci\u00f3n de ocho semanas y contar\u00e1 con la participaci\u00f3n como facilitadores de destacados profesionales de Espa\u00f1a, Costa Rica y la Rep\u00fablica Dominicana, quienes tendr\u00e1n a su cargo desarrollar un programa acad\u00e9mico de ocho m\u00f3dulos orientados a la especializaci\u00f3n de los participantes en materia de innovaci\u00f3n y emprendimiento.<\/p>\n<p>El primer Diplomado en Innovaci\u00f3n y Emprendimiento contar\u00e1 con la asistencia de sesenta j\u00f3venes de la provincia Peravia, se efectuar\u00e1 en los salones de la Escuela Ana Reyes de P\u00e9rez. El diputado Julito Fulcar expres\u00f3 el regocijo que siente al ver el inter\u00e9s mostrado por los j\u00f3venes de esta provincia por capacitarse y ser entes m\u00e1s productivos al entorno social en el cual se desenvuelven.<\/p>\n<p>Expres\u00f3 el legislador que el diplomado ser\u00e1 totalmente gratis y que forma parte de un vasto programa de educaci\u00f3n y capacitaci\u00f3n que pretende llevar a los ciudadanos de la provincia Peravia, en coordinaci\u00f3n con el Instituto para el Fomento de la Educaci\u00f3n, la Democracia y el Desarrollo Nacional. Desde que inici\u00f3 su funci\u00f3n como diputado por esta provincia, el legislador ha venido desarrollando una intensa agenda dirigida a j\u00f3venes, en procura de contribuir con la inserci\u00f3n productiva de la juventud.<\/p>\n<p>&nbsp;<\/p>\n","protected":false},"excerpt":{"rendered":"<p>BAN\u00cd, Rep\u00fablica Dominicana.- Siguiendo su programa, la oficina de Gesti\u00f3n Social y Legislativa del diputado Julito Fulcar, estar\u00e1 dando inicio el pr\u00f3ximo domingo 13 del corriente mes del primer Diplomado en Innovaci\u00f3n y Emprendimiento, dirigido a j\u00f3venes de la provincia Peravia. El diplomado tendr\u00e1 una duraci\u00f3n de ocho semanas y contar\u00e1 con la participaci\u00f3n como [&hellip;]<\/p>\n","protected":false},"author":1,"featured_media":0,"comment_status":"open","ping_status":"open","sticky":false,"template":"","format":"standard","meta":{"_bbp_topic_count":0,"_bbp_reply_count":0,"_bbp_total_topic_count":0,"_bbp_total_reply_count":0,"_bbp_voice_count":0,"_bbp_anonymous_reply_count":0,"_bbp_topic_count_hidden":0,"_bbp_reply_count_hidden":0,"_bbp_forum_subforum_count":0,"footnotes":""},"categories":[30,60],"tags":[],"class_list":{"0":"post-292789","1":"post","2":"type-post","3":"status-publish","4":"format-standard","6":"category-actualidad","7":"category-titulares-del-dia"},"_links":{"self":[{"href":"https:\/\/primermomento.com\/index.php?rest_route=\/wp\/v2\/posts\/292789","targetHints":{"allow":["GET"]}}],"collection":[{"href":"https:\/\/primermomento.com\/index.php?rest_route=\/wp\/v2\/posts"}],"about":[{"href":"https:\/\/primermomento.com\/index.php?rest_route=\/wp\/v2\/types\/post"}],"author":[{"embeddable":true,"href":"https:\/\/primermomento.com\/index.php?rest_route=\/wp\/v2\/users\/1"}],"replies":[{"embeddable":true,"href":"https:\/\/primermomento.com\/index.php?rest_route=%2Fwp%2Fv2%2Fcomments&post=292789"}],"version-history":[{"count":0,"href":"https:\/\/primermomento.com\/index.php?rest_route=\/wp\/v2\/posts\/292789\/revisions"}],"wp:attachment":[{"href":"https:\/\/primermomento.com\/index.php?rest_route=%2Fwp%2Fv2%2Fmedia&parent=292789"}],"wp:term":[{"taxonomy":"category","embeddable":true,"href":"https:\/\/primermomento.com\/index.php?rest_route=%2Fwp%2Fv2%2Fcategories&post=292789"},{"taxonomy":"post_tag","embeddable":true,"href":"https:\/\/primermomento.com\/index.php?rest_route=%2Fwp%2Fv2%2Ftags&post=292789"}],"curies":[{"name":"wp","href":"https:\/\/api.w.org\/{rel}","templated":true}]}}