{"id":292792,"date":"2017-08-12T13:28:13","date_gmt":"2017-08-12T17:28:13","guid":{"rendered":"http:\/\/primermomento.com\/?p=292792"},"modified":"2017-08-12T13:28:13","modified_gmt":"2017-08-12T17:28:13","slug":"gobierno-de-venezuela-ve-locura-amenaza-de-intervencion-militar-de-trump","status":"publish","type":"post","link":"https:\/\/primermomento.com\/?p=292792","title":{"rendered":"Gobierno de Venezuela ve \u00ablocura\u00bb amenaza de intervenci\u00f3n militar de Trump"},"content":{"rendered":"<p>WASHINGTON, Distrito de Columbia.- El presidente de Estados Unidos, Donald Trump, amenaz\u00f3 el viernes con una intervenci\u00f3n militar en Venezuela como respuesta a la crisis pol\u00edtica en el pa\u00eds sudamericano, un anuncio que fue calificado como \u00abun acto de locura\u00bb por el Gobierno en Caracas.<\/p>\n<figure id=\"attachment_292793\" aria-describedby=\"caption-attachment-292793\" style=\"width: 300px\" class=\"wp-caption alignleft\"><img loading=\"lazy\" decoding=\"async\" class=\"size-medium wp-image-292793\" src=\"http:\/\/primermomento.com\/wp-content\/uploads\/2017\/08\/trump-en-nj-300x169.jpg\" alt=\"\" width=\"300\" height=\"169\" srcset=\"https:\/\/primermomento.com\/wp-content\/uploads\/2017\/08\/trump-en-nj-300x169.jpg 300w, https:\/\/primermomento.com\/wp-content\/uploads\/2017\/08\/trump-en-nj-768x432.jpg 768w, https:\/\/primermomento.com\/wp-content\/uploads\/2017\/08\/trump-en-nj-478x270.jpg 478w, https:\/\/primermomento.com\/wp-content\/uploads\/2017\/08\/trump-en-nj-500x281.jpg 500w, https:\/\/primermomento.com\/wp-content\/uploads\/2017\/08\/trump-en-nj-280x157.jpg 280w, https:\/\/primermomento.com\/wp-content\/uploads\/2017\/08\/trump-en-nj-638x359.jpg 638w, https:\/\/primermomento.com\/wp-content\/uploads\/2017\/08\/trump-en-nj-118x66.jpg 118w, https:\/\/primermomento.com\/wp-content\/uploads\/2017\/08\/trump-en-nj-479x269.jpg 479w, https:\/\/primermomento.com\/wp-content\/uploads\/2017\/08\/trump-en-nj.jpg 1023w\" sizes=\"auto, (max-width: 300px) 100vw, 300px\" \/><figcaption id=\"caption-attachment-292793\" class=\"wp-caption-text\">El presidente Donald Trump durante rueda de prensa en Nueva Jersey. Agosto 11, 2017.<\/figcaption><\/figure>\n<p>\u00abLa gente est\u00e1 sufriendo y est\u00e1 muriendo. Tenemos muchas opciones en Venezuela, incluyendo una posible opci\u00f3n militar en caso de ser necesario\u00bb, dijo Trump a periodistas.<\/p>\n<p>Las autoridades venezolanas han afirmado por largo tiempo que funcionarios estadounidenses est\u00e1n planeando una invasi\u00f3n. Un general en retiro dijo a Reuters anteriormente este a\u00f1o que se han desplegado algunos misiles antia\u00e9reos a lo largo de la costa del pa\u00eds para esa eventualidad.<\/p>\n<p>\u00abEs un acto de locura, es un acto ya de supremo extremismo\u00bb, dijo el ministro de Defensa venezolano, Vladimir Padrino, sobre la amenaza de Trump. \u00abHay una \u00e9lite extremista que gobierna los Estados Unidos y realmente (&#8230;) no s\u00e9 qu\u00e9 va a pasar en el mundo\u00bb, agreg\u00f3 en un discurso televisado.<\/p>\n<p>En Washington, el Pent\u00e1gono dijo que el Ej\u00e9rcito est\u00e1 listo para apoyar los esfuerzos por proteger a sus ciudadanos y resguardar los intereses de Estados Unidos, pero que las insinuaciones del Gobierno del presidente venezolano, Nicol\u00e1s Maduro, sobre planes de una invasi\u00f3n son \u00abinfundadas\u00bb.<\/p>\n<p>El portavoz del Pent\u00e1gono Eric Pahon asegur\u00f3 tambi\u00e9n que el organismo no ha recibido ninguna orden sobre Venezuela tras los comentarios de Trump.<\/p>\n<p>Venezuela atraviesa una severa crisis pol\u00edtica y econ\u00f3mica, con protestas antigubernamentales en las calles que llevan m\u00e1s de cuatro meses y en medio de las cuales han muerto m\u00e1s de 120 personas.<\/p>\n<p>La oposici\u00f3n acusa a Maduro de ser un \u00abdictador\u00bb que pone tras las rejas a sus rivales pol\u00edticos y de querer mantenerse como sea en el poder. El presidente dice que los opositores de derecha est\u00e1n detr\u00e1s de una \u00abguerra econ\u00f3mica\u00bb que busca desbancarlo.<\/p>\n<p style=\"text-align: right;\"><em><span style=\"color: #ff0000;\">REUTERS\/VOANEWS<\/span><\/em><\/p>\n","protected":false},"excerpt":{"rendered":"<p>WASHINGTON, Distrito de Columbia.- El presidente de Estados Unidos, Donald Trump, amenaz\u00f3 el viernes con una intervenci\u00f3n militar en Venezuela como respuesta a la crisis pol\u00edtica en el pa\u00eds sudamericano, un anuncio que fue calificado como \u00abun acto de locura\u00bb por el Gobierno en Caracas. \u00abLa gente est\u00e1 sufriendo y est\u00e1 muriendo. Tenemos muchas opciones [&hellip;]<\/p>\n","protected":false},"author":1,"featured_media":0,"comment_status":"open","ping_status":"open","sticky":false,"template":"","format":"standard","meta":{"_bbp_topic_count":0,"_bbp_reply_count":0,"_bbp_total_topic_count":0,"_bbp_total_reply_count":0,"_bbp_voice_count":0,"_bbp_anonymous_reply_count":0,"_bbp_topic_count_hidden":0,"_bbp_reply_count_hidden":0,"_bbp_forum_subforum_count":0,"footnotes":""},"categories":[60,31],"tags":[],"class_list":{"0":"post-292792","1":"post","2":"type-post","3":"status-publish","4":"format-standard","6":"category-titulares-del-dia","7":"category-estados-unidos"},"_links":{"self":[{"href":"https:\/\/primermomento.com\/index.php?rest_route=\/wp\/v2\/posts\/292792","targetHints":{"allow":["GET"]}}],"collection":[{"href":"https:\/\/primermomento.com\/index.php?rest_route=\/wp\/v2\/posts"}],"about":[{"href":"https:\/\/primermomento.com\/index.php?rest_route=\/wp\/v2\/types\/post"}],"author":[{"embeddable":true,"href":"https:\/\/primermomento.com\/index.php?rest_route=\/wp\/v2\/users\/1"}],"replies":[{"embeddable":true,"href":"https:\/\/primermomento.com\/index.php?rest_route=%2Fwp%2Fv2%2Fcomments&post=292792"}],"version-history":[{"count":0,"href":"https:\/\/primermomento.com\/index.php?rest_route=\/wp\/v2\/posts\/292792\/revisions"}],"wp:attachment":[{"href":"https:\/\/primermomento.com\/index.php?rest_route=%2Fwp%2Fv2%2Fmedia&parent=292792"}],"wp:term":[{"taxonomy":"category","embeddable":true,"href":"https:\/\/primermomento.com\/index.php?rest_route=%2Fwp%2Fv2%2Fcategories&post=292792"},{"taxonomy":"post_tag","embeddable":true,"href":"https:\/\/primermomento.com\/index.php?rest_route=%2Fwp%2Fv2%2Ftags&post=292792"}],"curies":[{"name":"wp","href":"https:\/\/api.w.org\/{rel}","templated":true}]}}